{"id":44754,"date":"2021-09-09T13:04:39","date_gmt":"2021-09-09T06:04:39","guid":{"rendered":"https:\/\/www.globallandscapesforum.org\/?post_type=corporate_news&#038;p=44754"},"modified":"2025-10-20T14:28:31","modified_gmt":"2025-10-20T07:28:31","slug":"importante-encuentro-de-representantes-gubernamentales-lideres-indigenas-cientificos-y-artistas-para-instar-a-que-se-tomen-medidas-para-frenar-la-degradacion-del-bioma-amazonico","status":"publish","type":"corporate_news","link":"https:\/\/www.globallandscapesforum.org\/es\/glf-news\/importante-encuentro-de-representantes-gubernamentales-lideres-indigenas-cientificos-y-artistas-para-instar-a-que-se-tomen-medidas-para-frenar-la-degradacion-del-bioma-amazonico\/","title":{"rendered":"Importante encuentro de representantes gubernamentales, l\u00edderes ind\u00edgenas, cient\u00edficos y artistas para instar a que se tomen medidas para frenar la degradaci\u00f3n del bioma amaz\u00f3nico"},"content":{"rendered":"<p style=\"text-align: center;\"><em>La reuni\u00f3n de tres d\u00edas atraer\u00e1 a miles de participantes y presentar\u00e1 iniciativas e innovaciones locales que podr\u00edan ayudar a prevenir la p\u00e9rdida de bosques en la Amazon\u00eda y evitar un colapso clim\u00e1tico.<\/em><\/p>\n<p><em style=\"font-size: 16px;\"><strong>Nota del editor:<\/strong> para acceso a materiales de prensa y consultas sobre el embargo para medios de comunicaci\u00f3n y la disponibilidad de los expertos, p\u00f3ngase en contacto con los oficiales de medios que se enumeran a continuaci\u00f3n o visite nuestra <a href=\"https:\/\/events.globallandscapesforum.org\/es\/amazon-2021\/press-center\/\">sala de prensa<\/a>.<\/em><\/p>\n<p><strong>Bonn, Alemania<\/strong> (9 de septiembre de 2021) \u2013 El bosque tropical amaz\u00f3nico est\u00e1 a punto de alcanzar un punto de inflexi\u00f3n que podr\u00eda ocasionar que se seque de manera permanente.<\/p>\n<p>Esto devastar\u00eda la diversidad biol\u00f3gica y los medios de vida de sus m\u00e1s de 30 millones de habitantes, acelerar\u00eda la crisis clim\u00e1tica e incluso tendr\u00eda el potencial de afectar los ciclos del agua de la Tierra, alterando los sistemas alimentarios mundiales y causando billones de d\u00f3lares en da\u00f1os a la econom\u00eda mundial.<\/p>\n<p>Pero a\u00fan hay tiempo para evitar que esto suceda, mediante una combinaci\u00f3n de conocimiento y soluciones locales y globales para revertir la deforestaci\u00f3n y la degradaci\u00f3n del bioma.<\/p>\n<p><strong style=\"color: #66b65d;\">QU\u00c9<\/strong>: El Global Landscapes Forum (GLF) est\u00e1 organizando la mayor conferencia mundial jam\u00e1s realizada sobre el bioma amaz\u00f3nico, utilizando un enfoque inclusivo y de creaci\u00f3n conjunta. <a href=\"https:\/\/events.globallandscapesforum.org\/es\/amazon-2021\/\">GLF Amazon\u00eda: Punto de inflexi\u00f3n, soluciones desde dentro<\/a> abordar\u00e1 la urgente necesidad de preservar y restaurar la diversidad biol\u00f3gica y cultural del bosque tropical m\u00e1s grande y majestuoso del mundo.<\/p>\n<p>La conferencia es el resultado de un proceso participativo desarrollado durante un a\u00f1o con organizaciones clave y partes interesadas, y varios meses de talleres con organizaciones de la sociedad civil locales que representan las voces de las comunidades locales, tradicionales, ind\u00edgenas y afrodescendientes.<\/p>\n<p>Desde restauraci\u00f3n de la tierra hasta financiamiento sostenible, y desde soluciones empresariales locales hasta sistemas alimentarios resilientes, m\u00e1s de 40 plenarias, sesiones, talleres y sesiones de preguntas y respuestas proporcionar\u00e1n un amplio entendimiento de los desaf\u00edos que afectan al bioma amaz\u00f3nico y a las personas que viven en \u00e9l, en particular la necesidad de equilibrar las demandas de uso de la tierra en competencia entre la forester\u00eda, la agricultura y la restauraci\u00f3n.<\/p>\n<p><strong style=\"color: #66b65d;\">Los oradores que participar\u00e1n durante el evento de tres d\u00edas incluir\u00e1n, entre otros, a:<\/strong><\/p>\n<ul style=\"margin-bottom: 30px;\">\n<li>L\u00edderes ind\u00edgenas como <strong>Benki Piy\u00e3ko<\/strong> de la comunidad ash\u00e1ninka de la Tierra Ind\u00edgena Kampa del R\u00edo Am\u00f4nia<\/li>\n<li>Representantes de las cadenas de suministro regionales como <strong>Marcello Brito<\/strong>, presidente de la Asociaci\u00f3n Brasile\u00f1a de Agronegocios (ABAG) y <strong>Felipe Villela<\/strong>, fundador y director comercial (CCO) de reNature<\/li>\n<li>Directores de organizaciones no gubernamentales como <strong>Paulina Garz\u00f3n<\/strong>, directora ejecutiva de Latinoam\u00e9rica Sostenible (LAS) y <strong>Leila Salazar-L\u00f3pez<\/strong>, directora ejecutiva de Amazon Watch<\/li>\n<li>Formuladores de pol\u00edticas como <strong>Luis Hidalgo Okimura<\/strong>, gobernador regional de Madre de Dios, Per\u00fa, y <strong>Marina Silva<\/strong>, pol\u00edtica y ambientalista brasile\u00f1a<\/li>\n<li>Cineastas como <strong>Estev\u00e3o Ciavatta<\/strong>, CEO de Pindorama Filmes, y <strong>C\u00e9line Cousteau<\/strong>, ambientalista, cineasta y fundadora del Proyecto Javari<\/li>\n<li>Activistas como <strong>Angela Mendes<\/strong>, activista ambiental del Consejo Nacional de Poblaciones Extractivas (CNS), Comit\u00e9 Chico Mendes, y <strong>S\u00f4nia Guajajara<\/strong> de Brasil<\/li>\n<li>Cient\u00edficos como <strong>Ana Mar\u00eda-Hern\u00e1ndez<\/strong>, presidenta de la Plataforma Intergubernamental Cient\u00edfico-Normativa sobre Diversidad y Servicios de los Ecosistemas (IPBES)<\/li>\n<li>Expertos en finanzas como <strong>Clever Rojas<\/strong>, fundador y gerente de la Federaci\u00f3n Nacional de Cooperativas de Ahorro y Cr\u00e9dito del Per\u00fa (FENACREP)<\/li>\n<\/ul>\n<p><strong style=\"color: #66b65d;\">Las actividades que se realizar\u00e1n durante el evento de tres d\u00edas incluir\u00e1n, entre otras:<\/strong><\/p>\n<ul style=\"margin-bottom: 30px;\">\n<li><strong>Lanzamientos<\/strong>, entre ellos tres proyectos liderados por comunidades ind\u00edgenas, incluidos j\u00f3venes con soluciones innovadoras que podr\u00edan ayudar a alcanzar los objetivos m\u00e1s ambiciosos de conservaci\u00f3n y restauraci\u00f3n del bioma amaz\u00f3nico.<\/li>\n<li><strong>Presentaci\u00f3n<\/strong>, durante el segundo d\u00eda de la conferencia, de una declaraci\u00f3n mundial por parte de organizaciones locales de la sociedad civil, representantes de los pueblos ind\u00edgenas y las comunidades de la regi\u00f3n.<\/li>\n<li><strong>Actividades culturales<\/strong> que incluyen el Festival de Cine de la Amazon\u00eda, una exhibici\u00f3n comisariada de m\u00e1s de 15 documentales en formato largometraje, cortometraje y micropel\u00edculas, as\u00ed como foros de cine que reunir\u00e1n al p\u00fablico y a los directores para discutir las historias y la experiencia de hacer cine en la Amazon\u00eda.<\/li>\n<\/ul>\n<p><strong style=\"color: #66b65d;\">CU\u00c1NDO\/D\u00d3NDE<\/strong>: <strong>del martes 21 al jueves 23 de septiembre<\/strong>, a partir de las 8:30 EDT\/AMT (UTC-4, Manaos, Caracas, La Paz, Nueva York \/ Miami).<\/p>\n<p>El evento se llevar\u00e1 a cabo en l\u00ednea, con contenido seleccionado transmitido en vivo a trav\u00e9s de las plataformas de redes sociales del GLF, incluidas <a href=\"https:\/\/www.youtube.com\/c\/GlobalLandscapesForum\/videos\" target=\"_blank\" rel=\"noopener\">YouTube<\/a> e <a href=\"https:\/\/www.instagram.com\/globallandscapesforum\/\" target=\"_blank\" rel=\"noopener\">Instagram<\/a>. Todo el contenido estar\u00e1 disponible en ingl\u00e9s, espa\u00f1ol y portugu\u00e9s.<\/p>\n<p><strong style=\"color: #66b65d;\">QUI\u00c9N<\/strong>: la conferencia es organizada por el Global Landscapes Forum (GLF), la plataforma m\u00e1s grande del mundo basada en conocimiento sobre el uso integral de los suelos, y reunir\u00e1 a miles de participantes de Am\u00e9rica Latina, el Caribe y el resto del planeta.<\/p>\n<p>El evento brindar\u00e1 una plataforma a una amplia variedad de voces provenientes de toda la regi\u00f3n, al reunir a destacados expertos y profesionales, pueblos ind\u00edgenas y comunidades locales (PICL), afrodescendientes, conservacionistas, encargados de la formulaci\u00f3n de pol\u00edticas, financistas, activistas, j\u00f3venes y muchos m\u00e1s.<\/p>\n<p><strong>GLF Amazon\u00eda<\/strong> se realiza en el marco del <a href=\"https:\/\/www.decadeonrestoration.org\/\" target=\"_blank\" rel=\"noopener\">Decenio de las Naciones Unidas para la Restauraci\u00f3n de los Ecosistemas<\/a>, una iniciativa del Programa de las Naciones Unidas para el Medio Ambiente (PNUMA) y la Organizaci\u00f3n de las Naciones Unidas para la Alimentaci\u00f3n y la Agricultura (FAO), y con el apoyo del Ministerio Federal de Cooperaci\u00f3n Econ\u00f3mica y Desarrollo de Alemania.<\/p>\n<p>Los resultados de la conferencia se incorporar\u00e1n a los principales foros mundiales de este a\u00f1o: la <strong>Semana del Clima 2021<\/strong> (20-26 de septiembre), la <a href=\"https:\/\/events.globallandscapesforum.org\/climate-2021\/\"><strong>conferencia h\u00edbrida GLF Clima (5-7 de noviembre)<\/strong><\/a>, y la <strong>26.\u00aa Conferencia de las Partes (COP26)<\/strong> de la Convenci\u00f3n Marco de las Naciones Unidas sobre el Cambio Clim\u00e1tico (CMNUCC) (1-12 de noviembre).<\/p>\n<p><strong style=\"color: #f15b25;\">****** Para solicitar entrevistas con oradores del GLF, investigadores cuyo trabajo ser\u00e1 discutido en las sesiones y l\u00edderes juveniles, p\u00f3ngase en contacto con Tha\u00eds Ferreira en el correo electr\u00f3nico <a href=\"mailto:t.ferreira@cgiar.org\">t.ferreira@cgiar.org<\/a>***<\/strong><\/p>\n<p><strong>INSTRUCCIONES PARA PARTICIPAR<\/strong>: reg\u00edstrese como periodista <a href=\"https:\/\/events.globallandscapesforum.org\/es\/amazon-2021\/acreditacion-de-prensa\/\">aqu\u00ed<\/a>. La conferencia es gratuita para quienes viven en Am\u00e9rica Latina y el Caribe, y tiene un costo reducido para quienes viven en otras regiones.<\/p>\n<p style=\"text-align: center;\"><a class=\"btn btn-primary\" style=\"padding: 20px;\" href=\"https:\/\/events.globallandscapesforum.org\/es\/amazon-2021\/acreditacion-de-prensa\/\">ACREDITACI\u00d3N DE PRENSA<\/a><\/p>\n<p style=\"text-align: center;\">###<\/p>\n<p><em>Esta conferencia digital ha sido posible gracias al generoso apoyo de: Fundaci\u00f3n Ford, BMU, BMZ, el Gobierno del Gran Ducado de Luxemburgo y FOLUR.<\/em><\/p>\n<p><em>Las organizaciones que participan en la conferencia incluyen, entre otras, a: Fondo Mundial para la Naturaleza (WWF), Conservaci\u00f3n Internacional, Iniciativa Interreligiosa para los Bosques Tropicales (IRI), Coordinadora de las Organizaciones Ind\u00edgenas de la Cuenca Amaz\u00f3nica (COICA), Sociedad Peruana de Derecho Ambiental (SPDA), Embrapa Amazon\u00eda Oriental, Foro sobre Bosques Amaz\u00f3nicos de The Forest Dialogue, Rainforest Alliance, Organizaci\u00f3n de las Naciones Unidas para la Alimentaci\u00f3n y la Agricultura (FAO), Centro para la Investigaci\u00f3n Forestal Internacional (CIFOR), Centro Internacional de Investigaci\u00f3n Agroforestal (ICRAF), Universidad de Coblenza-Landau (Instituto de Ciencias Ambientales \u2013 PRODIGY), Earth Innovation Institute y GLF, Organizaci\u00f3n Internacional del Bamb\u00fa y Rat\u00e1n (INBAR), Empresa Brasile\u00f1a de Investigaci\u00f3n Agropecuaria (Amazon\u00eda Oriental), Pindorama Filmes, Instituto Catitu, Ita\u00fa Cultural, WaterBear, TAWNA, Laberinto Cine y Televisi\u00f3n, Marfrig, Instituto de Investigaciones de la Amazon\u00eda Peruana, Climate Focus, Wildlife Conservation Society (WCS), Alianza Bioversity International \u2013 CIAT, Instituto Humanista para la Cooperaci\u00f3n con los Pa\u00edses en Desarrollo (HIVOS), Asociaci\u00f3n para la Conservaci\u00f3n de la Cuenca Amaz\u00f3nica, Iniciativa MAP, Programa de Investigaci\u00f3n del CGIAR sobre Bosques, \u00c1rboles y Agroforester\u00eda (FTA), Coalici\u00f3n Brasil Clima, Bosques y Agricultura, Desaf\u00edo de Gigatones Verdes (ONU-REDD +, Emergent, EDF, Forest Trends y Architecture for REDD+ Transactions), Grupo de Trabajo de Gobernadores sobre Clima y Bosques, Coalici\u00f3n Brasil Clima, Bosques y Agricultura.<\/em><\/p>\n<p><em>El <a href=\"https:\/\/www.globallandscapesforum.org\/es\/\">Global Landscapes Forum<\/a> (GLF) es la plataforma m\u00e1s grande del mundo basada en conocimiento sobre el uso integral de los suelos, dedicada al logro de los Objetivos de Desarrollo Sostenible y el Acuerdo de Par\u00eds sobre el clima. Con un enfoque hol\u00edstico, el Foro fomenta paisajes sostenibles que sean productivos, pr\u00f3speros, equitativos y resilientes. El GLF considera cinco temas correlacionados: alimentos y medios de vida, restauraci\u00f3n de paisajes, derechos, finanzas y medici\u00f3n del progreso. El Foro es liderado por el Centro para la Investigaci\u00f3n Forestal Internacional (CIFOR), en colaboraci\u00f3n con sus cofundadores, el Programa de las Naciones Unidas para el Medio Ambiente (PNUMA) y el Banco Mundial, as\u00ed como sus <a href=\"https:\/\/www.globallandscapesforum.org\/about\/partnership\/#charter\">miembros fundadores<\/a>.<\/em><\/p>\n","protected":false},"excerpt":{"rendered":"<p>Bonn, Alemania (9 de septiembre de 2021) \u2013 El bosque tropical amaz\u00f3nico est\u00e1 a punto de alcanzar un punto de inflexi\u00f3n que podr\u00eda ocasionar que se seque de manera permanente. Esto devastar\u00eda la diversidad biol\u00f3gica y los medios de vida de sus m\u00e1s de 30 millones de habitantes, acelerar\u00eda la crisis clim\u00e1tica e incluso tendr\u00eda el potencial de afectar los ciclos del agua de la Tierra, alterando los sistemas alimentarios mundiales y causando billones de d\u00f3lares en da\u00f1os a la econom\u00eda mundial.<\/p>\n","protected":false},"author":7,"featured_media":44755,"template":"","meta":{"_acf_changed":false,"jetpack_post_was_ever_published":false,"_links_to":"","_links_to_target":""},"categories":[3774],"tags":[],"location":[],"organization":[],"news_category":[4041],"coauthors":[813],"class_list":["post-44754","corporate_news","type-corporate_news","status-publish","has-post-thumbnail","hentry","category-sin-categorizar","resource_categories-press-release-es","news_category-press-release-es","event-amazon-2021-es"],"acf":[],"yoast_head":"<!-- This site is optimized with the Yoast SEO plugin v27.5 - https:\/\/yoast.com\/product\/yoast-seo-wordpress\/ -->\n<title>News: Importante encuentro de representantes gubernamentales, l\u00edderes ind\u00edgenas, cient\u00edficos y artistas para instar a que se tomen medidas para frenar la degradaci\u00f3n del bioma amaz\u00f3nico - Global Landscapes Forum<\/title>\n<meta name=\"description\" content=\"Bonn, Alemania (9 de septiembre de 2021) \u2013 El bosque tropical amaz\u00f3nico est\u00e1 a punto de alcanzar un punto de inflexi\u00f3n que podr\u00eda ocasionar que\" \/>\n<meta name=\"robots\" content=\"index, follow, max-snippet:-1, max-image-preview:large, max-video-preview:-1\" \/>\n<link rel=\"canonical\" href=\"https:\/\/www.globallandscapesforum.org\/es\/glf-news\/importante-encuentro-de-representantes-gubernamentales-lideres-indigenas-cientificos-y-artistas-para-instar-a-que-se-tomen-medidas-para-frenar-la-degradacion-del-bioma-amazonico\/\" \/>\n<meta property=\"og:locale\" content=\"es_ES\" \/>\n<meta property=\"og:type\" content=\"article\" \/>\n<meta property=\"og:title\" content=\"News: Importante encuentro de representantes gubernamentales, l\u00edderes ind\u00edgenas, cient\u00edficos y artistas para instar a que se tomen medidas para frenar la degradaci\u00f3n del bioma amaz\u00f3nico - Global Landscapes Forum\" \/>\n<meta property=\"og:description\" content=\"Bonn, Alemania (9 de septiembre de 2021) \u2013 El bosque tropical amaz\u00f3nico est\u00e1 a punto de alcanzar un punto de inflexi\u00f3n que podr\u00eda ocasionar que se seque de manera permanente. Esto devastar\u00eda la diversidad biol\u00f3gica y los medios de vida de sus m\u00e1s de 30 millones de habitantes, acelerar\u00eda la crisis clim\u00e1tica e incluso tendr\u00eda el potencial de afectar los ciclos del agua de la Tierra, alterando los sistemas alimentarios mundiales y causando billones de d\u00f3lares en da\u00f1os a la econom\u00eda mundial.\" \/>\n<meta property=\"og:url\" content=\"https:\/\/www.globallandscapesforum.org\/es\/glf-news\/importante-encuentro-de-representantes-gubernamentales-lideres-indigenas-cientificos-y-artistas-para-instar-a-que-se-tomen-medidas-para-frenar-la-degradacion-del-bioma-amazonico\/\" \/>\n<meta property=\"og:site_name\" content=\"Global Landscapes Forum\" \/>\n<meta property=\"article:publisher\" content=\"https:\/\/www.facebook.com\/GlobalLandscapesForum\/\" \/>\n<meta property=\"article:modified_time\" content=\"2025-10-20T07:28:31+00:00\" \/>\n<meta property=\"og:image\" content=\"https:\/\/www.globallandscapesforum.org\/wp-content\/uploads\/2021\/09\/Banner_MA_sp-re.png\" \/>\n\t<meta property=\"og:image:width\" content=\"1200\" \/>\n\t<meta property=\"og:image:height\" content=\"630\" \/>\n\t<meta property=\"og:image:type\" content=\"image\/png\" \/>\n<meta name=\"twitter:card\" content=\"summary_large_image\" \/>\n<meta name=\"twitter:site\" content=\"@globallf\" \/>\n<meta name=\"twitter:label1\" content=\"Tiempo de lectura\" \/>\n\t<meta name=\"twitter:data1\" content=\"7 minutos\" \/>\n\t<meta name=\"twitter:label2\" content=\"Written by\" \/>\n\t<meta name=\"twitter:data2\" content=\"Global Landscapes Forum AR\" \/>\n<!-- \/ Yoast SEO plugin. -->","yoast_head_json":{"title":"News: Importante encuentro de representantes gubernamentales, l\u00edderes ind\u00edgenas, cient\u00edficos y artistas para instar a que se tomen medidas para frenar la degradaci\u00f3n del bioma amaz\u00f3nico - Global Landscapes Forum","description":"Bonn, Alemania (9 de septiembre de 2021) \u2013 El bosque tropical amaz\u00f3nico est\u00e1 a punto de alcanzar un punto de inflexi\u00f3n que podr\u00eda ocasionar que","robots":{"index":"index","follow":"follow","max-snippet":"max-snippet:-1","max-image-preview":"max-image-preview:large","max-video-preview":"max-video-preview:-1"},"canonical":"https:\/\/www.globallandscapesforum.org\/es\/glf-news\/importante-encuentro-de-representantes-gubernamentales-lideres-indigenas-cientificos-y-artistas-para-instar-a-que-se-tomen-medidas-para-frenar-la-degradacion-del-bioma-amazonico\/","og_locale":"es_ES","og_type":"article","og_title":"News: Importante encuentro de representantes gubernamentales, l\u00edderes ind\u00edgenas, cient\u00edficos y artistas para instar a que se tomen medidas para frenar la degradaci\u00f3n del bioma amaz\u00f3nico - Global Landscapes Forum","og_description":"Bonn, Alemania (9 de septiembre de 2021) \u2013 El bosque tropical amaz\u00f3nico est\u00e1 a punto de alcanzar un punto de inflexi\u00f3n que podr\u00eda ocasionar que se seque de manera permanente. Esto devastar\u00eda la diversidad biol\u00f3gica y los medios de vida de sus m\u00e1s de 30 millones de habitantes, acelerar\u00eda la crisis clim\u00e1tica e incluso tendr\u00eda el potencial de afectar los ciclos del agua de la Tierra, alterando los sistemas alimentarios mundiales y causando billones de d\u00f3lares en da\u00f1os a la econom\u00eda mundial.","og_url":"https:\/\/www.globallandscapesforum.org\/es\/glf-news\/importante-encuentro-de-representantes-gubernamentales-lideres-indigenas-cientificos-y-artistas-para-instar-a-que-se-tomen-medidas-para-frenar-la-degradacion-del-bioma-amazonico\/","og_site_name":"Global Landscapes Forum","article_publisher":"https:\/\/www.facebook.com\/GlobalLandscapesForum\/","article_modified_time":"2025-10-20T07:28:31+00:00","og_image":[{"width":1200,"height":630,"url":"https:\/\/www.globallandscapesforum.org\/wp-content\/uploads\/2021\/09\/Banner_MA_sp-re.png","type":"image\/png"}],"twitter_card":"summary_large_image","twitter_site":"@globallf","twitter_misc":{"Tiempo de lectura":"7 minutos","Written by":"Global Landscapes Forum AR"},"schema":{"@context":"https:\/\/schema.org","@graph":[{"@type":"WebPage","@id":"https:\/\/www.globallandscapesforum.org\/es\/glf-news\/importante-encuentro-de-representantes-gubernamentales-lideres-indigenas-cientificos-y-artistas-para-instar-a-que-se-tomen-medidas-para-frenar-la-degradacion-del-bioma-amazonico\/","url":"https:\/\/www.globallandscapesforum.org\/es\/glf-news\/importante-encuentro-de-representantes-gubernamentales-lideres-indigenas-cientificos-y-artistas-para-instar-a-que-se-tomen-medidas-para-frenar-la-degradacion-del-bioma-amazonico\/","name":"News: Importante encuentro de representantes gubernamentales, l\u00edderes ind\u00edgenas, cient\u00edficos y artistas para instar a que se tomen medidas para frenar la degradaci\u00f3n del bioma amaz\u00f3nico - Global Landscapes Forum","isPartOf":{"@id":"https:\/\/www.globallandscapesforum.org\/#website"},"primaryImageOfPage":{"@id":"https:\/\/www.globallandscapesforum.org\/es\/glf-news\/importante-encuentro-de-representantes-gubernamentales-lideres-indigenas-cientificos-y-artistas-para-instar-a-que-se-tomen-medidas-para-frenar-la-degradacion-del-bioma-amazonico\/#primaryimage"},"image":{"@id":"https:\/\/www.globallandscapesforum.org\/es\/glf-news\/importante-encuentro-de-representantes-gubernamentales-lideres-indigenas-cientificos-y-artistas-para-instar-a-que-se-tomen-medidas-para-frenar-la-degradacion-del-bioma-amazonico\/#primaryimage"},"thumbnailUrl":"https:\/\/i0.wp.com\/www.globallandscapesforum.org\/wp-content\/uploads\/2021\/09\/Banner_MA_sp-re.png?fit=1200%2C630&ssl=1","datePublished":"2021-09-09T06:04:39+00:00","dateModified":"2025-10-20T07:28:31+00:00","description":"Bonn, Alemania (9 de septiembre de 2021) \u2013 El bosque tropical amaz\u00f3nico est\u00e1 a punto de alcanzar un punto de inflexi\u00f3n que podr\u00eda ocasionar que se seque de manera permanente. Esto devastar\u00eda la diversidad biol\u00f3gica y los medios de vida de sus m\u00e1s de 30 millones de habitantes, acelerar\u00eda la crisis clim\u00e1tica e incluso tendr\u00eda el potencial de afectar los ciclos del agua de la Tierra, alterando los sistemas alimentarios mundiales y causando billones de d\u00f3lares en da\u00f1os a la econom\u00eda mundial.","breadcrumb":{"@id":"https:\/\/www.globallandscapesforum.org\/es\/glf-news\/importante-encuentro-de-representantes-gubernamentales-lideres-indigenas-cientificos-y-artistas-para-instar-a-que-se-tomen-medidas-para-frenar-la-degradacion-del-bioma-amazonico\/#breadcrumb"},"inLanguage":"es","potentialAction":[{"@type":"ReadAction","target":["https:\/\/www.globallandscapesforum.org\/es\/glf-news\/importante-encuentro-de-representantes-gubernamentales-lideres-indigenas-cientificos-y-artistas-para-instar-a-que-se-tomen-medidas-para-frenar-la-degradacion-del-bioma-amazonico\/"]}]},{"@type":"ImageObject","inLanguage":"es","@id":"https:\/\/www.globallandscapesforum.org\/es\/glf-news\/importante-encuentro-de-representantes-gubernamentales-lideres-indigenas-cientificos-y-artistas-para-instar-a-que-se-tomen-medidas-para-frenar-la-degradacion-del-bioma-amazonico\/#primaryimage","url":"https:\/\/i0.wp.com\/www.globallandscapesforum.org\/wp-content\/uploads\/2021\/09\/Banner_MA_sp-re.png?fit=1200%2C630&ssl=1","contentUrl":"https:\/\/i0.wp.com\/www.globallandscapesforum.org\/wp-content\/uploads\/2021\/09\/Banner_MA_sp-re.png?fit=1200%2C630&ssl=1","width":1200,"height":630},{"@type":"BreadcrumbList","@id":"https:\/\/www.globallandscapesforum.org\/es\/glf-news\/importante-encuentro-de-representantes-gubernamentales-lideres-indigenas-cientificos-y-artistas-para-instar-a-que-se-tomen-medidas-para-frenar-la-degradacion-del-bioma-amazonico\/#breadcrumb","itemListElement":[{"@type":"ListItem","position":1,"name":"Home","item":"https:\/\/www.globallandscapesforum.org\/"},{"@type":"ListItem","position":2,"name":"GLF News","item":"https:\/\/www.globallandscapesforum.org\/glf-news\/"},{"@type":"ListItem","position":3,"name":"Importante encuentro de representantes gubernamentales, l\u00edderes ind\u00edgenas, cient\u00edficos y artistas para instar a que se tomen medidas para frenar la degradaci\u00f3n del bioma amaz\u00f3nico"}]},{"@type":"WebSite","@id":"https:\/\/www.globallandscapesforum.org\/#website","url":"https:\/\/www.globallandscapesforum.org\/","name":"Global Landscapes Forum","description":"Connect, learn and share","publisher":{"@id":"https:\/\/www.globallandscapesforum.org\/#organization"},"potentialAction":[{"@type":"SearchAction","target":{"@type":"EntryPoint","urlTemplate":"https:\/\/www.globallandscapesforum.org\/?s={search_term_string}"},"query-input":{"@type":"PropertyValueSpecification","valueRequired":true,"valueName":"search_term_string"}}],"inLanguage":"es"},{"@type":"Organization","@id":"https:\/\/www.globallandscapesforum.org\/#organization","name":"Global Landscapes Forum","url":"https:\/\/www.globallandscapesforum.org\/","logo":{"@type":"ImageObject","inLanguage":"es","@id":"https:\/\/www.globallandscapesforum.org\/#\/schema\/logo\/image\/","url":"https:\/\/i0.wp.com\/www.globallandscapesforum.org\/wp-content\/uploads\/2018\/02\/logo_glf.png?fit=63%2C60&ssl=1","contentUrl":"https:\/\/i0.wp.com\/www.globallandscapesforum.org\/wp-content\/uploads\/2018\/02\/logo_glf.png?fit=63%2C60&ssl=1","width":63,"height":60,"caption":"Global Landscapes Forum"},"image":{"@id":"https:\/\/www.globallandscapesforum.org\/#\/schema\/logo\/image\/"},"sameAs":["https:\/\/www.facebook.com\/GlobalLandscapesForum\/","https:\/\/x.com\/globallf","https:\/\/www.instagram.com\/globallandscapesforum\/","https:\/\/www.linkedin.com\/company\/globallandscapesforum","https:\/\/www.youtube.com\/globallandscapesforum"]}]}},"jetpack_sharing_enabled":true,"_links":{"self":[{"href":"https:\/\/www.globallandscapesforum.org\/es\/wp-json\/wp\/v2\/corporate_news\/44754","targetHints":{"allow":["GET"]}}],"collection":[{"href":"https:\/\/www.globallandscapesforum.org\/es\/wp-json\/wp\/v2\/corporate_news"}],"about":[{"href":"https:\/\/www.globallandscapesforum.org\/es\/wp-json\/wp\/v2\/types\/corporate_news"}],"author":[{"embeddable":true,"href":"https:\/\/www.globallandscapesforum.org\/es\/wp-json\/wp\/v2\/users\/7"}],"version-history":[{"count":0,"href":"https:\/\/www.globallandscapesforum.org\/es\/wp-json\/wp\/v2\/corporate_news\/44754\/revisions"}],"wp:featuredmedia":[{"embeddable":true,"href":"https:\/\/www.globallandscapesforum.org\/es\/wp-json\/wp\/v2\/media\/44755"}],"wp:attachment":[{"href":"https:\/\/www.globallandscapesforum.org\/es\/wp-json\/wp\/v2\/media?parent=44754"}],"wp:term":[{"taxonomy":"category","embeddable":true,"href":"https:\/\/www.globallandscapesforum.org\/es\/wp-json\/wp\/v2\/categories?post=44754"},{"taxonomy":"post_tag","embeddable":true,"href":"https:\/\/www.globallandscapesforum.org\/es\/wp-json\/wp\/v2\/tags?post=44754"},{"taxonomy":"location","embeddable":true,"href":"https:\/\/www.globallandscapesforum.org\/es\/wp-json\/wp\/v2\/location?post=44754"},{"taxonomy":"organization","embeddable":true,"href":"https:\/\/www.globallandscapesforum.org\/es\/wp-json\/wp\/v2\/organization?post=44754"},{"taxonomy":"news_category","embeddable":true,"href":"https:\/\/www.globallandscapesforum.org\/es\/wp-json\/wp\/v2\/news_category?post=44754"},{"taxonomy":"author","embeddable":true,"href":"https:\/\/www.globallandscapesforum.org\/es\/wp-json\/wp\/v2\/coauthors?post=44754"}],"curies":[{"name":"wp","href":"https:\/\/api.w.org\/{rel}","templated":true}]}}