{"id":44858,"date":"2021-09-22T10:49:17","date_gmt":"2021-09-22T03:49:17","guid":{"rendered":"https:\/\/www.globallandscapesforum.org\/?post_type=corporate_news&#038;p=44858"},"modified":"2021-09-22T15:29:46","modified_gmt":"2021-09-22T08:29:46","slug":"estamos-a-punto-de-colapsar-y-arder-rapidamente-advierte-investigadora-senior-de-cambio-climatico","status":"publish","type":"corporate_news","link":"https:\/\/www.globallandscapesforum.org\/es\/glf-news\/estamos-a-punto-de-colapsar-y-arder-rapidamente-advierte-investigadora-senior-de-cambio-climatico\/","title":{"rendered":"Estamos a punto de colapsar y arder r\u00e1pidamente, advierte investigadora s\u00e9nior de cambio clim\u00e1tico"},"content":{"rendered":"<p style=\"text-align: center;\"><em>Conferencia digital sobre la Amazon\u00eda inicia con predicciones desastrosas e identifica acciones de preservaci\u00f3n llevadas a cabo desde el bioma<\/em><\/p>\n<p>BONN, Alemania \u2013 Luciana Gatti, investigadora s\u00e9nior sobre cambio clim\u00e1tico del Instituto Nacional de Investigaciones Espaciales (INPE), de Brasil, y autora principal del estudio de Nature que ocup\u00f3 los titulares en julio, acerca de las emisiones netas positivas de carbono de la Amazon\u00eda, inaugur\u00f3 el martes una conferencia global sobre el bioma amaz\u00f3nico.<\/p>\n<p>\u201cEstamos a punto de colapsar y arder r\u00e1pidamente\u201d, advirti\u00f3 Gatti. \u201cEstamos en el punto de inflexi\u00f3n de la Amazon\u00eda, pero esto es reversible\u201d.<\/p>\n<p>Gatti coment\u00f3 que durante los \u00faltimos 50 a\u00f1os, la Amazon\u00eda ha perdido un 17 % de su \u00e1rea boscosa; el a\u00f1o pasado, perdi\u00f3 alrededor de 1.5 %. La investigadora inst\u00f3 a actuar de forma urgente e implementar medidas para controlar la deforestaci\u00f3n y, en definitiva, acabar con ella durante las temporadas secas \u2013cuando los incendios son m\u00e1s da\u00f1inos\u2013, as\u00ed como a encontrar formas sostenibles de gestionar la agricultura y restablecer el ecosistema.<\/p>\n<p>\u201cEl cambio en la circulaci\u00f3n del Atl\u00e1ntico se vincula a la degradaci\u00f3n de la Amazon\u00eda, que a su vez se relaciona con el deshielo del permafrost y del \u00c1rtico\u201d, indic\u00f3 Robert Nasi, director general del Centro para la Investigaci\u00f3n Forestal Internacional. \u201cEsto es muy peligroso porque se puede crear un efecto domin\u00f3 que impacte la base de la bi\u00f3sfera y los sistemas de supervivencia de la vida\u201d.<\/p>\n<p>\u201cEstamos en problemas\u201d, a\u00f1adi\u00f3. \u201cEstos puntos de inflexi\u00f3n est\u00e1n interconectados, no se producen de forma independiente\u201d.<\/p>\n<p>La desecaci\u00f3n o p\u00e9rdida de humedad de la Amazon\u00eda est\u00e1 a punto de poner en grave peligro la supervivencia de las especies que alberga, amenazar los medios de vida de sus <a href=\"https:\/\/wwf.panda.org\/discover\/knowledge_hub\/where_we_work\/amazon\/about_the_amazon\/#:~:text=The%20Amazon%20is%20home%20to,nine%20different%20national%20political%20systems\" target=\"_blank\" rel=\"noopener\">m\u00e1s de 30 millones de habitantes<\/a>, acelerar la crisis clim\u00e1tica, alterar los ciclos del agua de la Tierra, perturbar los sistemas alimentarios globales y generar billones de d\u00f3lares en da\u00f1os a la econom\u00eda global.<\/p>\n<p>La conferencia \u201c<a href=\"https:\/\/events.globallandscapesforum.org\/es\/amazon-2021\/\">GLF Amazon\u00eda: punto de inflexi\u00f3n, soluciones desde adentro<\/a>\u201d aborda la urgencia de preservar y restaurar la diversidad biol\u00f3gica y cultural del bosque tropical m\u00e1s grande del mundo. Se espera que miles de personas asistan de manera virtual al evento de tres d\u00edas, que se realiza en medio de la pandemia por COVID-19.<\/p>\n<p>\u201c\u00bfPor qu\u00e9 apareci\u00f3 la COVID-19? Porque contaminamos el aire, contaminamos el agua, torturamos a la madre tierra\u201d, se\u00f1al\u00f3 Nemonte Nenquimo, l\u00edder Waorani de la Amazon\u00eda ecuatoriana. \u201cLos pueblos ind\u00edgenas hemos luchado durante mucho tiempo para mantener el balance [de la naturaleza] en cuanto al cambio clim\u00e1tico. Quiero que las personas de afuera nos escuchen y sepan que estamos luchando por nuestras vidas, y no solo por las nuestras sino tambi\u00e9n por la humanidad\u201d.<\/p>\n<p>El martes, Gatti y otros participantes de la conferencia, entre ellos <strong>Alberto Acosta<\/strong>, economista ecuatoriano y exministro de Energ\u00eda y Minas de su pa\u00eds; <strong>Jo\u00eania Wapichana<\/strong>, la primera mujer ind\u00edgena elegida diputada federal en Brasil; y <strong>Mar\u00eda Alexandra Moreira L\u00f3pez<\/strong>, secretaria general de la Organizaci\u00f3n del Tratado de Cooperaci\u00f3n Amaz\u00f3nica (OTCA) y exministra de Medio Ambiente y Agua de Bolivia, abordaron los desaf\u00edos que afectan al bioma amaz\u00f3nico, incluyendo c\u00f3mo equilibrar las demandas contrapuestas de uso de la tierra, la lucha contra la deforestaci\u00f3n, la mitigaci\u00f3n de la propagaci\u00f3n de incendios y la promulgaci\u00f3n de mejor legislaci\u00f3n.<\/p>\n<p>Otros oradores del d\u00eda de apertura de la conferencia fueron <strong>Tasso Azevedo<\/strong>, coordinador de la iniciativa MapBiomas, una plataforma para producir mapas anuales de cobertura y uso del suelo a nivel de pa\u00eds. Azevedo ha ayudado a reducir en un 75 % la tasa de deforestaci\u00f3n en la Amazon\u00eda brasile\u00f1a y ha inspirado iniciativas similares en todo el mundo; <strong>Lourdes Miranda Tiguayo<\/strong>, defensora del medio ambiente y los derechos humanos, y dirigente de Tierra y Territorio y Recursos Naturales de la Naci\u00f3n Guaran\u00ed en Bolivia; y <strong>Rodrigo Botero Garc\u00eda<\/strong>, de la Fundaci\u00f3n para la Conservaci\u00f3n y el Desarrollo Sostenible (FCDS).<\/p>\n<p>La conferencia GLF Amazon\u00eda es organizada por el Global Landscapes Forum con el apoyo de m\u00e1s de 55 organizaciones asociadas y 15 medios de comunicaci\u00f3n aliados.<\/p>\n<p>La conferencia se extender\u00e1 hasta el 23 de septiembre. Sus temas incluyen identidades bioculturales, bioeconom\u00eda circular, enfoques integrales del paisaje, cadenas de valor, conocimiento tradicional, cadenas de valor basadas en la naturaleza, planificaci\u00f3n intersectorial del uso de la tierra, gobernanza y derechos de actores locales.<\/p>\n<p>El 23 de septiembre, dos exministros del Medio Ambiente, Marina Silva (Brasil) y Manuel Vidal (Per\u00fa), discutir\u00e1n la pol\u00edtica amaz\u00f3nica y c\u00f3mo introducir una legislaci\u00f3n que impulse la sostenibilidad y la equidad de la naturaleza y los pueblos del bioma.<\/p>\n<p>Las ponencias de la conferencia digital GLF Amazon\u00eda tambi\u00e9n contribuir\u00e1n a orientar otros foros globales clave de este a\u00f1o: la <strong>Semana del Clima 2021<\/strong> (20-26 de septiembre), la <a href=\"https:\/\/events.globallandscapesforum.org\/climate-2021\/\">conferencia h\u00edbrida GLF Clima (5-7 de noviembre)<\/a> y la 26.\u00aa Conferencia de las Partes (COP26) de la Convenci\u00f3n Marco de las Naciones Unidas sobre el Cambio Clim\u00e1tico (CMNUCC) (1-12 de noviembre).<\/p>\n<p><strong style=\"color: #f15b25;\">****** Para otras consultas relacionadas con medios, env\u00ede un correo electr\u00f3nico a Tha\u00eds Ferreira, <a href=\"mailto:t.ferreira@cgiar.org\">t.ferreira@cgiar.org<\/a>***<\/strong><\/p>\n<p><strong>INSTRUCCIONES PARA PARTICIPAR<\/strong>: reg\u00edstrese como periodista <a href=\"https:\/\/events.globallandscapesforum.org\/es\/amazon-2021\/acreditacion-de-prensa\/\">aqu\u00ed<\/a>. La conferencia es gratuita para residentes de Am\u00e9rica Latina y el Caribe y tiene un costo reducido para quienes viven en otras regiones del mundo.<\/p>\n<p style=\"text-align: center;\"><a class=\"btn btn-primary\" style=\"padding: 20px;\" href=\"https:\/\/events.globallandscapesforum.org\/es\/amazon-2021\/acreditacion-de-prensa\/\">REG\u00cdSTRESE COMO PERIODISTA<\/a><\/p>\n<p style=\"text-align: center;\">###<\/p>\n<p><em>Esta conferencia digital ha sido posible gracias al generoso apoyo de: Fundaci\u00f3n Ford, BMU, BMZ, el Gobierno del Gran Ducado de Luxemburgo y FOLUR.<\/em><\/p>\n<p><em>Las organizaciones que participan en la conferencia incluyen, entre otras, a: Fondo Mundial para la Naturaleza (WWF), Conservaci\u00f3n Internacional, Iniciativa Interreligiosa para los Bosques Tropicales (IRI), Coordinadora de las Organizaciones Ind\u00edgenas de la Cuenca Amaz\u00f3nica (COICA), Sociedad Peruana de Derecho Ambiental (SPDA), Embrapa Amazon\u00eda Oriental, Foro sobre Bosques Amaz\u00f3nicos de The Forest Dialogue, Rainforest Alliance, Organizaci\u00f3n de las Naciones Unidas para la Alimentaci\u00f3n y la Agricultura (FAO), Centro para la Investigaci\u00f3n Forestal Internacional (CIFOR), Centro Internacional de Investigaci\u00f3n Agroforestal (ICRAF), Universidad de Coblenza-Landau (Instituto de Ciencias Ambientales \u2013 PRODIGY), Earth Innovation Institute y GLF, Organizaci\u00f3n Internacional del Bamb\u00fa y Rat\u00e1n (INBAR), Empresa Brasile\u00f1a de Investigaci\u00f3n Agropecuaria (Amazon\u00eda Oriental), Pindorama Filmes, Instituto Catitu, Ita\u00fa Cultural, WaterBear, TAWNA, Laberinto Cine y Televisi\u00f3n, Marfrig, Instituto de Investigaciones de la Amazon\u00eda Peruana, Climate Focus, Wildlife Conservation Society (WCS), Alianza Bioversity International \u2013 CIAT, Instituto Humanista para la Cooperaci\u00f3n con los Pa\u00edses en Desarrollo (HIVOS), Asociaci\u00f3n para la Conservaci\u00f3n de la Cuenca Amaz\u00f3nica, Iniciativa MAP, Programa de Investigaci\u00f3n del CGIAR sobre Bosques, \u00c1rboles y Agroforester\u00eda (FTA), Coalici\u00f3n Brasil Clima, Bosques y Agricultura, Desaf\u00edo de Gigatones Verdes (ONU-REDD +, Emergent, EDF, Forest Trends y Architecture for REDD+ Transactions), Grupo de Trabajo de Gobernadores sobre Clima y Bosques, Coalici\u00f3n Brasil Clima, Bosques y Agricultura.<\/em><\/p>\n<p><em>El <a href=\"https:\/\/www.globallandscapesforum.org\/\">Global Landscapes Forum<\/a> (GLF) es la plataforma m\u00e1s grande del mundo basada en conocimiento sobre el uso integral de los suelos, dedicada al logro de los Objetivos de Desarrollo Sostenible y el Acuerdo de Par\u00eds sobre el clima. Con un enfoque hol\u00edstico, el Foro fomenta paisajes sostenibles que sean productivos, pr\u00f3speros, equitativos y resilientes. El GLF considera cinco temas correlacionados: alimentos y medios de vida, restauraci\u00f3n de paisajes, derechos, finanzas y medici\u00f3n del progreso. El Foro es liderado por el Centro para la Investigaci\u00f3n Forestal Internacional (CIFOR), en colaboraci\u00f3n con sus cofundadores, el Programa de las Naciones Unidas para el Medio Ambiente (PNUMA) y el Banco Mundial, as\u00ed como sus <a href=\"https:\/\/www.globallandscapesforum.org\/about\/partners\/#charter\">miembros fundadores<\/a>.<\/em><\/p>\n","protected":false},"excerpt":{"rendered":"<p>BONN, Alemania \u2013 Luciana Gatti, investigadora s\u00e9nior sobre cambio clim\u00e1tico del Instituto Nacional de Investigaciones Espaciales (INPE), de Brasil, y autora principal del estudio de Nature que ocup\u00f3 los titulares en julio, acerca de las emisiones netas positivas de carbono de la Amazon\u00eda, inaugur\u00f3 el martes una conferencia global sobre el bioma amaz\u00f3nico.<\/p>\n","protected":false},"author":7,"featured_media":44862,"template":"","meta":{"_acf_changed":false,"jetpack_post_was_ever_published":false,"_links_to":"","_links_to_target":""},"categories":[3774],"tags":[],"location":[],"organization":[],"news_category":[4041],"coauthors":[813],"class_list":["post-44858","corporate_news","type-corporate_news","status-publish","has-post-thumbnail","hentry","category-sin-categorizar","resource_categories-press-release-es","news_category-press-release-es","event-amazon-2021-es"],"acf":[],"yoast_head":"<!-- This site is optimized with the Yoast SEO plugin v27.4 - https:\/\/yoast.com\/product\/yoast-seo-wordpress\/ -->\n<title>News: Estamos a punto de colapsar y arder r\u00e1pidamente, advierte investigadora s\u00e9nior de cambio clim\u00e1tico - Global Landscapes Forum<\/title>\n<meta name=\"description\" content=\"BONN, Alemania \u2013 Luciana Gatti, investigadora s\u00e9nior sobre cambio clim\u00e1tico del Instituto Nacional de Investigaciones Espaciales (INPE), de Brasil\" \/>\n<meta name=\"robots\" content=\"index, follow, max-snippet:-1, max-image-preview:large, max-video-preview:-1\" \/>\n<link rel=\"canonical\" href=\"https:\/\/www.globallandscapesforum.org\/es\/glf-news\/estamos-a-punto-de-colapsar-y-arder-rapidamente-advierte-investigadora-senior-de-cambio-climatico\/\" \/>\n<meta property=\"og:locale\" content=\"es_ES\" \/>\n<meta property=\"og:type\" content=\"article\" \/>\n<meta property=\"og:title\" content=\"News: Estamos a punto de colapsar y arder r\u00e1pidamente, advierte investigadora s\u00e9nior de cambio clim\u00e1tico - Global Landscapes Forum\" \/>\n<meta property=\"og:description\" content=\"BONN, Alemania \u2013 Luciana Gatti, investigadora s\u00e9nior sobre cambio clim\u00e1tico del Instituto Nacional de Investigaciones Espaciales (INPE), de Brasil, y autora principal del estudio de Nature que ocup\u00f3 los titulares en julio, acerca de las emisiones netas positivas de carbono de la Amazon\u00eda, inaugur\u00f3 el martes una conferencia global sobre el bioma amaz\u00f3nico.\" \/>\n<meta property=\"og:url\" content=\"https:\/\/www.globallandscapesforum.org\/es\/glf-news\/estamos-a-punto-de-colapsar-y-arder-rapidamente-advierte-investigadora-senior-de-cambio-climatico\/\" \/>\n<meta property=\"og:site_name\" content=\"Global Landscapes Forum\" \/>\n<meta property=\"article:publisher\" content=\"https:\/\/www.facebook.com\/GlobalLandscapesForum\/\" \/>\n<meta property=\"article:modified_time\" content=\"2021-09-22T08:29:46+00:00\" \/>\n<meta property=\"og:image\" content=\"https:\/\/i1.wp.com\/www.globallandscapesforum.org\/wp-content\/uploads\/2021\/09\/Press_release_day1_sp-4.png?fit=1200%2C630&ssl=1\" \/>\n\t<meta property=\"og:image:width\" content=\"1200\" \/>\n\t<meta property=\"og:image:height\" content=\"630\" \/>\n\t<meta property=\"og:image:type\" content=\"image\/png\" \/>\n<meta name=\"twitter:card\" content=\"summary_large_image\" \/>\n<meta name=\"twitter:site\" content=\"@globallf\" \/>\n<meta name=\"twitter:label1\" content=\"Tiempo de lectura\" \/>\n\t<meta name=\"twitter:data1\" content=\"6 minutos\" \/>\n\t<meta name=\"twitter:label2\" content=\"Written by\" \/>\n\t<meta name=\"twitter:data2\" content=\"Global Landscapes Forum AR\" \/>\n<!-- \/ Yoast SEO plugin. -->","yoast_head_json":{"title":"News: Estamos a punto de colapsar y arder r\u00e1pidamente, advierte investigadora s\u00e9nior de cambio clim\u00e1tico - Global Landscapes Forum","description":"BONN, Alemania \u2013 Luciana Gatti, investigadora s\u00e9nior sobre cambio clim\u00e1tico del Instituto Nacional de Investigaciones Espaciales (INPE), de Brasil","robots":{"index":"index","follow":"follow","max-snippet":"max-snippet:-1","max-image-preview":"max-image-preview:large","max-video-preview":"max-video-preview:-1"},"canonical":"https:\/\/www.globallandscapesforum.org\/es\/glf-news\/estamos-a-punto-de-colapsar-y-arder-rapidamente-advierte-investigadora-senior-de-cambio-climatico\/","og_locale":"es_ES","og_type":"article","og_title":"News: Estamos a punto de colapsar y arder r\u00e1pidamente, advierte investigadora s\u00e9nior de cambio clim\u00e1tico - Global Landscapes Forum","og_description":"BONN, Alemania \u2013 Luciana Gatti, investigadora s\u00e9nior sobre cambio clim\u00e1tico del Instituto Nacional de Investigaciones Espaciales (INPE), de Brasil, y autora principal del estudio de Nature que ocup\u00f3 los titulares en julio, acerca de las emisiones netas positivas de carbono de la Amazon\u00eda, inaugur\u00f3 el martes una conferencia global sobre el bioma amaz\u00f3nico.","og_url":"https:\/\/www.globallandscapesforum.org\/es\/glf-news\/estamos-a-punto-de-colapsar-y-arder-rapidamente-advierte-investigadora-senior-de-cambio-climatico\/","og_site_name":"Global Landscapes Forum","article_publisher":"https:\/\/www.facebook.com\/GlobalLandscapesForum\/","article_modified_time":"2021-09-22T08:29:46+00:00","og_image":[{"width":1200,"height":630,"url":"https:\/\/i1.wp.com\/www.globallandscapesforum.org\/wp-content\/uploads\/2021\/09\/Press_release_day1_sp-4.png?fit=1200%2C630&ssl=1","type":"image\/png"}],"twitter_card":"summary_large_image","twitter_site":"@globallf","twitter_misc":{"Tiempo de lectura":"6 minutos","Written by":"Global Landscapes Forum AR"},"schema":{"@context":"https:\/\/schema.org","@graph":[{"@type":"WebPage","@id":"https:\/\/www.globallandscapesforum.org\/es\/glf-news\/estamos-a-punto-de-colapsar-y-arder-rapidamente-advierte-investigadora-senior-de-cambio-climatico\/","url":"https:\/\/www.globallandscapesforum.org\/es\/glf-news\/estamos-a-punto-de-colapsar-y-arder-rapidamente-advierte-investigadora-senior-de-cambio-climatico\/","name":"News: Estamos a punto de colapsar y arder r\u00e1pidamente, advierte investigadora s\u00e9nior de cambio clim\u00e1tico - Global Landscapes Forum","isPartOf":{"@id":"https:\/\/www.globallandscapesforum.org\/#website"},"primaryImageOfPage":{"@id":"https:\/\/www.globallandscapesforum.org\/es\/glf-news\/estamos-a-punto-de-colapsar-y-arder-rapidamente-advierte-investigadora-senior-de-cambio-climatico\/#primaryimage"},"image":{"@id":"https:\/\/www.globallandscapesforum.org\/es\/glf-news\/estamos-a-punto-de-colapsar-y-arder-rapidamente-advierte-investigadora-senior-de-cambio-climatico\/#primaryimage"},"thumbnailUrl":"https:\/\/i0.wp.com\/www.globallandscapesforum.org\/wp-content\/uploads\/2021\/09\/Press_release_day1_sp-4.png?fit=1200%2C630&ssl=1","datePublished":"2021-09-22T03:49:17+00:00","dateModified":"2021-09-22T08:29:46+00:00","description":"BONN, Alemania \u2013 Luciana Gatti, investigadora s\u00e9nior sobre cambio clim\u00e1tico del Instituto Nacional de Investigaciones Espaciales (INPE), de Brasil, y autora principal del estudio de Nature que ocup\u00f3 los titulares en julio, acerca de las emisiones netas positivas de carbono de la Amazon\u00eda, inaugur\u00f3 el martes una conferencia global sobre el bioma amaz\u00f3nico.","breadcrumb":{"@id":"https:\/\/www.globallandscapesforum.org\/es\/glf-news\/estamos-a-punto-de-colapsar-y-arder-rapidamente-advierte-investigadora-senior-de-cambio-climatico\/#breadcrumb"},"inLanguage":"es","potentialAction":[{"@type":"ReadAction","target":["https:\/\/www.globallandscapesforum.org\/es\/glf-news\/estamos-a-punto-de-colapsar-y-arder-rapidamente-advierte-investigadora-senior-de-cambio-climatico\/"]}]},{"@type":"ImageObject","inLanguage":"es","@id":"https:\/\/www.globallandscapesforum.org\/es\/glf-news\/estamos-a-punto-de-colapsar-y-arder-rapidamente-advierte-investigadora-senior-de-cambio-climatico\/#primaryimage","url":"https:\/\/i0.wp.com\/www.globallandscapesforum.org\/wp-content\/uploads\/2021\/09\/Press_release_day1_sp-4.png?fit=1200%2C630&ssl=1","contentUrl":"https:\/\/i0.wp.com\/www.globallandscapesforum.org\/wp-content\/uploads\/2021\/09\/Press_release_day1_sp-4.png?fit=1200%2C630&ssl=1","width":1200,"height":630},{"@type":"BreadcrumbList","@id":"https:\/\/www.globallandscapesforum.org\/es\/glf-news\/estamos-a-punto-de-colapsar-y-arder-rapidamente-advierte-investigadora-senior-de-cambio-climatico\/#breadcrumb","itemListElement":[{"@type":"ListItem","position":1,"name":"Home","item":"https:\/\/www.globallandscapesforum.org\/"},{"@type":"ListItem","position":2,"name":"GLF News","item":"https:\/\/www.globallandscapesforum.org\/glf-news\/"},{"@type":"ListItem","position":3,"name":"Estamos a punto de colapsar y arder r\u00e1pidamente, advierte investigadora s\u00e9nior de cambio clim\u00e1tico"}]},{"@type":"WebSite","@id":"https:\/\/www.globallandscapesforum.org\/#website","url":"https:\/\/www.globallandscapesforum.org\/","name":"Global Landscapes Forum","description":"Connect, learn and share","publisher":{"@id":"https:\/\/www.globallandscapesforum.org\/#organization"},"potentialAction":[{"@type":"SearchAction","target":{"@type":"EntryPoint","urlTemplate":"https:\/\/www.globallandscapesforum.org\/?s={search_term_string}"},"query-input":{"@type":"PropertyValueSpecification","valueRequired":true,"valueName":"search_term_string"}}],"inLanguage":"es"},{"@type":"Organization","@id":"https:\/\/www.globallandscapesforum.org\/#organization","name":"Global Landscapes Forum","url":"https:\/\/www.globallandscapesforum.org\/","logo":{"@type":"ImageObject","inLanguage":"es","@id":"https:\/\/www.globallandscapesforum.org\/#\/schema\/logo\/image\/","url":"https:\/\/i0.wp.com\/www.globallandscapesforum.org\/wp-content\/uploads\/2018\/02\/logo_glf.png?fit=63%2C60&ssl=1","contentUrl":"https:\/\/i0.wp.com\/www.globallandscapesforum.org\/wp-content\/uploads\/2018\/02\/logo_glf.png?fit=63%2C60&ssl=1","width":63,"height":60,"caption":"Global Landscapes Forum"},"image":{"@id":"https:\/\/www.globallandscapesforum.org\/#\/schema\/logo\/image\/"},"sameAs":["https:\/\/www.facebook.com\/GlobalLandscapesForum\/","https:\/\/x.com\/globallf","https:\/\/www.instagram.com\/globallandscapesforum\/","https:\/\/www.linkedin.com\/company\/globallandscapesforum","https:\/\/www.youtube.com\/globallandscapesforum"]}]}},"jetpack_sharing_enabled":true,"_links":{"self":[{"href":"https:\/\/www.globallandscapesforum.org\/es\/wp-json\/wp\/v2\/corporate_news\/44858","targetHints":{"allow":["GET"]}}],"collection":[{"href":"https:\/\/www.globallandscapesforum.org\/es\/wp-json\/wp\/v2\/corporate_news"}],"about":[{"href":"https:\/\/www.globallandscapesforum.org\/es\/wp-json\/wp\/v2\/types\/corporate_news"}],"author":[{"embeddable":true,"href":"https:\/\/www.globallandscapesforum.org\/es\/wp-json\/wp\/v2\/users\/7"}],"version-history":[{"count":0,"href":"https:\/\/www.globallandscapesforum.org\/es\/wp-json\/wp\/v2\/corporate_news\/44858\/revisions"}],"wp:featuredmedia":[{"embeddable":true,"href":"https:\/\/www.globallandscapesforum.org\/es\/wp-json\/wp\/v2\/media\/44862"}],"wp:attachment":[{"href":"https:\/\/www.globallandscapesforum.org\/es\/wp-json\/wp\/v2\/media?parent=44858"}],"wp:term":[{"taxonomy":"category","embeddable":true,"href":"https:\/\/www.globallandscapesforum.org\/es\/wp-json\/wp\/v2\/categories?post=44858"},{"taxonomy":"post_tag","embeddable":true,"href":"https:\/\/www.globallandscapesforum.org\/es\/wp-json\/wp\/v2\/tags?post=44858"},{"taxonomy":"location","embeddable":true,"href":"https:\/\/www.globallandscapesforum.org\/es\/wp-json\/wp\/v2\/location?post=44858"},{"taxonomy":"organization","embeddable":true,"href":"https:\/\/www.globallandscapesforum.org\/es\/wp-json\/wp\/v2\/organization?post=44858"},{"taxonomy":"news_category","embeddable":true,"href":"https:\/\/www.globallandscapesforum.org\/es\/wp-json\/wp\/v2\/news_category?post=44858"},{"taxonomy":"author","embeddable":true,"href":"https:\/\/www.globallandscapesforum.org\/es\/wp-json\/wp\/v2\/coauthors?post=44858"}],"curies":[{"name":"wp","href":"https:\/\/api.w.org\/{rel}","templated":true}]}}