{"id":52188,"date":"2022-10-31T09:44:50","date_gmt":"2022-10-31T02:44:50","guid":{"rendered":"https:\/\/www.globallandscapesforum.org\/?post_type=corporate_news&#038;p=52188"},"modified":"2022-11-04T15:47:16","modified_gmt":"2022-11-04T08:47:16","slug":"rumbo-a-egipto-voces-y-soluciones-cruciales-en-la-lucha-contra-la-crisis-climatica","status":"publish","type":"corporate_news","link":"https:\/\/www.globallandscapesforum.org\/es\/glf-news\/rumbo-a-egipto-voces-y-soluciones-cruciales-en-la-lucha-contra-la-crisis-climatica\/","title":{"rendered":"Rumbo a Egipto: voces y soluciones cruciales en la lucha contra la crisis clim\u00e1tica"},"content":{"rendered":"<p><span data-ccp-props=\"{&quot;134233118&quot;:false,&quot;201341983&quot;:0,&quot;335551550&quot;:2,&quot;335551620&quot;:2,&quot;335559739&quot;:0,&quot;335559740&quot;:240}\">Foto por Victor Ojediran<\/span><\/p>\n<p><i><span data-contrast=\"none\">\u00bfQu\u00e9\u00a0podemos\u00a0hacer\u00a0ahora? L\u00edderes\u00a0ind\u00edgenas, cient\u00edficos\u00a0de alto nivel, pol\u00edticos\u00a0destacados\u00a0y activistas\u00a0buscan\u00a0y ofrecen\u00a0respuestas\u00a0en\u00a0la conferencia\u00a0GLF Climate, celebrada\u00a0en\u00a0paralelo\u00a0a la conferencia\u00a0sobre\u00a0cambio\u00a0clim\u00e1tico\u00a0m\u00e1s\u00a0importante\u00a0del a\u00f1o.<\/span><\/i><span data-ccp-props=\"{&quot;134233118&quot;:false,&quot;201341983&quot;:0,&quot;335551550&quot;:2,&quot;335551620&quot;:2,&quot;335559739&quot;:0,&quot;335559740&quot;:240}\">\u00a0<\/span><\/p>\n<p><span data-ccp-props=\"{&quot;134233118&quot;:false,&quot;201341983&quot;:0,&quot;335559739&quot;:0,&quot;335559740&quot;:240}\">PARA DIVULGACI\u00d3N INMEDIATA | <a href=\"https:\/\/www.globallandscapesforum.org\/fr\/glf-news\/en-route-vers-legypte-temoignages-et-solutions-aux-avant-postes-des-crises-climatiques\/\">Fran\u00e7aise<\/a>, <a href=\"https:\/\/www.globallandscapesforum.org\/glf-news\/heading-to-egypt-voices-and-solutions-from-the-front-line-of-climate-crises\/\">English<\/a><br \/>\n<\/span><\/p>\n<p><span data-ccp-props=\"{&quot;134233118&quot;:false,&quot;201341983&quot;:0,&quot;335551550&quot;:6,&quot;335551620&quot;:6,&quot;335559739&quot;:0,&quot;335559740&quot;:240}\">\u00a0<\/span><b><span data-contrast=\"none\">Bonn, Alemania\u00a0(31\u00a0de octubre\u00a0de\u00a02022)<\/span><\/b><span data-contrast=\"none\">\u00a0\u2013 La humanidad\u00a0se enfrenta\u00a0a un vendaval de crisis interconectadas: el\u00a0cambio\u00a0clim\u00e1tico, los\u00a0conflictos, el\u00a0hambre, la inflaci\u00f3n\u00a0elevada, la crisis energ\u00e9tica\u00a0y los\u00a0impactos\u00a0duraderos\u00a0de la pandemia\u00a0por\u00a0la COVID-19. Pero, \u00bfqu\u00e9\u00a0podemos\u00a0hacer\u00a0\u2014ahora\u2014 para evitar\u00a0el\u00a0colapso\u00a0del clima\u00a0y la biodiversidad?<\/span><\/p>\n<p><span data-contrast=\"none\">La conferencia\u00a0<\/span><a href=\"https:\/\/conference.globallandscapesforum.org\/climate-2022\/\"><span data-contrast=\"none\">GLF Climate\u00a02022<\/span><\/a><span data-contrast=\"none\">\u00a0del <\/span><a href=\"https:\/\/www.globallandscapesforum.org\/\"><span data-contrast=\"none\">Global Landscapes Forum<\/span><\/a><span data-contrast=\"none\">\u00a0(GLF), que se celebrar\u00e1 de manera digital y\u00a0presencial en <\/span><a href=\"https:\/\/conference.globallandscapesforum.org\/climate-2022\/content\/join-us-in-sharm-el-sheih\"><span data-contrast=\"none\">Sharm El Sheikh, en paralelo a la COP27<\/span><\/a><span data-contrast=\"none\">, los d\u00edas <\/span><b><span data-contrast=\"none\">11 y 12 de noviembre de 2022<\/span><\/b><span data-contrast=\"none\">, explorar\u00e1 durante dos jornadas la urgente y existencial cuesti\u00f3n de c\u00f3mo propiciar el cambio que se necesita para mantener la vida en la Tierra. Con interpretaci\u00f3n simult\u00e1nea en <\/span><b><span data-contrast=\"none\">espa\u00f1ol, ingl\u00e9s y franc\u00e9s<\/span><\/b><span data-contrast=\"none\">, la conferencia proporcionar\u00e1 evidencia de soluciones integradas basadas en la tierra; impulsar\u00e1\u00a0alianzas, coaliciones y movimientos, del \u00e1mbito local al mundial; e influir\u00e1 en las pol\u00edticas e incentivos gubernamentales, para\u00a0facilitar una transici\u00f3n justa que priorice a las personas y la naturaleza.<\/span><span data-ccp-props=\"{&quot;134233118&quot;:false,&quot;201341983&quot;:0,&quot;335551550&quot;:6,&quot;335551620&quot;:6,&quot;335559739&quot;:0,&quot;335559740&quot;:240}\">\u00a0<\/span><\/p>\n<p><span data-contrast=\"none\">Por medio de plenarias, sesiones\u00a0interactivas, lanzamientos\u00a0y mucho\u00a0m\u00e1s, los\u00a0participantes\u00a0aprender\u00e1n\u00a0de cient\u00edficos\u00a0destacados, activistas, l\u00edderes\u00a0ind\u00edgenas, financistas, j\u00f3venes\u00a0y responsables\u00a0de la formulaci\u00f3n\u00a0de pol\u00edticas de todo el mundo, a medida\u00a0que estos\u00a0ensamblan\u00a0el\u00a0rompecabezas\u00a0del cambio\u00a0clim\u00e1tico.\u00a0Por ejemplo:\u00a0<\/span><span data-ccp-props=\"{&quot;134233118&quot;:false,&quot;201341983&quot;:0,&quot;335551550&quot;:6,&quot;335551620&quot;:6,&quot;335559739&quot;:0,&quot;335559740&quot;:240}\">\u00a0<\/span><\/p>\n<ul>\n<li><a href=\"https:\/\/conference.globallandscapesforum.org\/climate-2022\/speaker\/f1b3bda4-cf55-ed11-819a-000d3a45cc82\"><span data-contrast=\"none\">Edilma Prada C\u00e9spedes<\/span><\/a><span data-contrast=\"auto\">, directora\u00a0y fundadora\u00a0de Agenda Propia<\/span><span data-ccp-props=\"{&quot;134233118&quot;:false,&quot;201341983&quot;:0,&quot;335551550&quot;:6,&quot;335551620&quot;:6,&quot;335559739&quot;:0,&quot;335559740&quot;:240}\">\u00a0<\/span><\/li>\n<li><a href=\"https:\/\/events.globallandscapesforum.org\/climate-2022\/speaker\/flora-pereira\/\"><span data-contrast=\"none\">Flora Pereira<\/span><\/a><span data-contrast=\"auto\">, directora\u00a0de Educaci<\/span><span data-contrast=\"auto\">\u00f3n<\/span><span data-contrast=\"auto\">\u00a0internacional\u00a0y Divulgaci\u00f3n, Pulitzer Center<\/span><span data-ccp-props=\"{&quot;134233118&quot;:false,&quot;201341983&quot;:0,&quot;335551550&quot;:6,&quot;335551620&quot;:6,&quot;335559739&quot;:0,&quot;335559740&quot;:240}\">\u00a0<\/span><\/li>\n<li><a href=\"https:\/\/events.globallandscapesforum.org\/climate-2022\/speaker\/galina-angarova\/\"><span data-contrast=\"none\">Galina Angarova,<\/span><\/a><span data-contrast=\"auto\">\u00a0directora\u00a0ejecutiva, Cultural Survival<\/span><span data-ccp-props=\"{&quot;134233118&quot;:false,&quot;201341983&quot;:0,&quot;335551550&quot;:6,&quot;335551620&quot;:6,&quot;335559739&quot;:0,&quot;335559740&quot;:240}\">\u00a0<\/span><\/li>\n<li><a href=\"https:\/\/events.globallandscapesforum.org\/climate-2022\/speaker\/jennifer-pryce\/\"><span data-contrast=\"none\">Jennifer Pryce<\/span><\/a><span data-contrast=\"auto\">, presidente\u00a0y\u00a0CEO, Calvert Impact Capital<\/span><span data-ccp-props=\"{&quot;134233118&quot;:false,&quot;201341983&quot;:0,&quot;335551550&quot;:6,&quot;335551620&quot;:6,&quot;335559739&quot;:0,&quot;335559740&quot;:240}\">\u00a0<\/span><\/li>\n<li><a href=\"https:\/\/events.globallandscapesforum.org\/climate-2022\/speaker\/joycelyn-longdon\/\"><span data-contrast=\"none\">Joycelyn Longdon,<\/span><\/a><span data-contrast=\"auto\">\u00a0activista\u00a0clim\u00e1tica\u00a0y fundadora\u00a0de\u00a0Climate In\u00a0Colour<\/span><span data-ccp-props=\"{&quot;134233118&quot;:false,&quot;201341983&quot;:0,&quot;335551550&quot;:6,&quot;335551620&quot;:6,&quot;335559739&quot;:0,&quot;335559740&quot;:240}\">\u00a0<\/span><\/li>\n<li><a href=\"https:\/\/events.globallandscapesforum.org\/climate-2022\/speaker\/ko-barrett\/\"><span data-contrast=\"none\">Ko Barrett,<\/span><\/a><span data-contrast=\"none\">\u00a0vicepresidenta, Grupo Intergubernamental\u00a0de Expertos\u00a0sobre\u00a0el\u00a0Cambio Clim\u00e1tico (IPCC)<\/span><span data-ccp-props=\"{&quot;134233118&quot;:false,&quot;201341983&quot;:0,&quot;335551550&quot;:6,&quot;335551620&quot;:6,&quot;335559739&quot;:0,&quot;335559740&quot;:240}\">\u00a0<\/span><\/li>\n<li><a href=\"https:\/\/conference.globallandscapesforum.org\/climate-2022\/speaker\/c6c1d433-1925-ed11-ae83-a04a5e7d5b61\"><span data-contrast=\"none\">Lian Pin Koh<\/span><\/a><span data-contrast=\"auto\">, director del Centro de Soluciones Clim\u00e1ticas\u00a0basadas\u00a0en\u00a0la Naturaleza, Universidad Nacional de Singapur<\/span><span data-ccp-props=\"{&quot;134233118&quot;:false,&quot;201341983&quot;:0,&quot;335551550&quot;:6,&quot;335551620&quot;:6,&quot;335559739&quot;:0,&quot;335559740&quot;:240}\">\u00a0<\/span><\/li>\n<li><a href=\"https:\/\/conference.globallandscapesforum.org\/climate-2022\/speaker\/9e059307-c24a-ed11-819a-000d3a45c4a7\"><span data-contrast=\"none\">Ludmila Rattis<\/span><\/a><span data-contrast=\"auto\">, cient\u00edfica, Woodwell Climate Research Center e\u00a0Instituto de Pesquisa Ambiental da Amaz\u00f4nia (IPAM)<\/span><span data-ccp-props=\"{&quot;134233118&quot;:false,&quot;201341983&quot;:0,&quot;335551550&quot;:6,&quot;335551620&quot;:6,&quot;335559739&quot;:0,&quot;335559740&quot;:240}\">\u00a0<\/span><\/li>\n<li><a href=\"https:\/\/events.globallandscapesforum.org\/climate-2022\/speaker\/luis-suarez\/\"><span data-contrast=\"none\">Luis Suarez<\/span><\/a><span data-contrast=\"auto\">, vicepresidente, Conservaci\u00f3n\u00a0Internacional\u00a0Ecuador<\/span><span data-ccp-props=\"{&quot;134233118&quot;:false,&quot;201341983&quot;:0,&quot;335551550&quot;:6,&quot;335551620&quot;:6,&quot;335559739&quot;:0,&quot;335559740&quot;:240}\">\u00a0<\/span><\/li>\n<li><a href=\"https:\/\/events.globallandscapesforum.org\/climate-2022\/speaker\/mia-amor-mottley\/\"><span data-contrast=\"none\">Mia Amor Mottley<\/span><\/a><span data-contrast=\"auto\">, primera\u00a0ministra\u00a0de\u00a0Barbados<\/span><span data-ccp-props=\"{&quot;134233118&quot;:false,&quot;201341983&quot;:0,&quot;335551550&quot;:6,&quot;335551620&quot;:6,&quot;335559739&quot;:0,&quot;335559740&quot;:240}\">\u00a0<\/span><\/li>\n<li><a href=\"https:\/\/conference.globallandscapesforum.org\/climate-2022\/speaker\/7ee5b505-c54a-ed11-819a-000d3a45c4a7\"><span data-contrast=\"none\">Pablo Pacheco<\/span><\/a><span data-contrast=\"auto\">, cient\u00edfico principal, WWF\/IUFRO-WFSC<\/span><span data-ccp-props=\"{&quot;134233118&quot;:false,&quot;201341983&quot;:0,&quot;335551550&quot;:6,&quot;335551620&quot;:6,&quot;335559739&quot;:0,&quot;335559740&quot;:240}\">\u00a0<\/span><\/li>\n<li><a href=\"https:\/\/conference.globallandscapesforum.org\/climate-2022\/speaker\/c98ddcca-c24a-ed11-819a-000d3a45c4a7\"><span data-contrast=\"none\">Paul Polman<\/span><\/a><span data-contrast=\"auto\">, coautor\u00a0de\u00a0<\/span><i><span data-contrast=\"auto\">Net Positive<\/span><\/i><span data-contrast=\"auto\">, y\u00a0&#8220;un\u00a0director general\u00a0destacado\u00a0de la d\u00e9cada\u00a0pasada&#8221;, seg\u00fan\u00a0el\u00a0Financial Times<\/span><span data-ccp-props=\"{&quot;134233118&quot;:false,&quot;201341983&quot;:0,&quot;335551550&quot;:6,&quot;335551620&quot;:6,&quot;335559739&quot;:0,&quot;335559740&quot;:240}\">\u00a0<\/span><\/li>\n<li><a href=\"https:\/\/events.globallandscapesforum.org\/climate-2022\/speaker\/dr-peter-a-minang\/\"><span data-contrast=\"none\">Peter Minang<\/span><\/a><span data-contrast=\"auto\">,\u00a0director\u00a0para\u00a0Africa, Centro para la Investigaci\u00f3n\u00a0Forestal Internacional\u00a0\u2013 Centro Internacional\u00a0de Investigaci\u00f3n\u00a0Agroforestal\u00a0(CIFOR-ICRAF)<\/span><span data-ccp-props=\"{&quot;134233118&quot;:false,&quot;201341983&quot;:0,&quot;335551550&quot;:6,&quot;335551620&quot;:6,&quot;335559739&quot;:0,&quot;335559740&quot;:240}\">\u00a0<\/span><\/li>\n<li><a href=\"https:\/\/events.globallandscapesforum.org\/climate-2022\/speaker\/sonia-guajajara\/\"><span data-contrast=\"none\">S\u00f4nia Guajajara<\/span><\/a><span data-contrast=\"auto\">, pol\u00edtica\u00a0y congresista\u00a0ind\u00edgena,\u00a0Brasil<\/span><span data-ccp-props=\"{&quot;134233118&quot;:false,&quot;201341983&quot;:0,&quot;335551550&quot;:6,&quot;335551620&quot;:6,&quot;335559739&quot;:0,&quot;335559740&quot;:240}\">\u00a0<\/span><\/li>\n<\/ul>\n<p><span data-ccp-props=\"{&quot;134233118&quot;:false,&quot;201341983&quot;:0,&quot;335551550&quot;:6,&quot;335551620&quot;:6,&quot;335559739&quot;:0,&quot;335559740&quot;:240}\">\u00a0<\/span><b><span data-contrast=\"none\"><u>\u00bfQu\u00e9\u00a0ofrece\u00a0GLF Climate a los\u00a0periodistas?<\/u><\/span><\/b><span data-ccp-props=\"{&quot;134233118&quot;:false,&quot;201341983&quot;:0,&quot;335551550&quot;:6,&quot;335551620&quot;:6,&quot;335559739&quot;:0,&quot;335559740&quot;:240}\">\u00a0<\/span><\/p>\n<p><b><span data-contrast=\"none\">Voces\u00a0que necesitan\u00a0ser escuchadas:<\/span><\/b><span data-contrast=\"none\">\u00a0historias\u00a0de personas y grupos\u00a0que se encuentran\u00a0en\u00a0el\u00a0coraz\u00f3n\u00a0de las crisis, ofreciendo\u00a0soluciones\u00a0y acciones\u00a0locales cruciales.<\/span><span data-ccp-props=\"{&quot;134233118&quot;:false,&quot;201341983&quot;:0,&quot;335551550&quot;:6,&quot;335551620&quot;:6,&quot;335559739&quot;:0,&quot;335559740&quot;:240}\">\u00a0<\/span><\/p>\n<p><span data-ccp-props=\"{&quot;134233118&quot;:false,&quot;201341983&quot;:0,&quot;335551550&quot;:6,&quot;335551620&quot;:6,&quot;335559739&quot;:0,&quot;335559740&quot;:240}\">\u00a0<\/span><b><span data-contrast=\"none\">Lanzamientos\u00a0de inter\u00e9s\u00a0informativo<\/span><\/b><span data-contrast=\"none\">: <\/span><span data-contrast=\"auto\">En la conferencia\u00a0se lanzar\u00e1n\u00a0varias\u00a0herramientas\u00a0de inter\u00e9s\u00a0period\u00edstico, destinadas\u00a0a facilitar\u00a0la adaptaci\u00f3n\u00a0local a\u00a0escala\u00a0global \u2013involucrando\u00a0los\u00a0derechos sobre\u00a0la tierra, el\u00a0financiamiento\u00a0y los\u00a0bosques\u2013, y a beneficiar\u00a0a las comunidades\u00a0ind\u00edgenas, rurales y urbanas. Por ejemplo, el\u00a0<\/span><span data-contrast=\"none\">GLF y la Rights and Resources Initiative (RRI)\u00a0lanzar\u00e1n\u00a0el\u00a0Est\u00e1ndar\u00a0para los\u00a0Derechos a la Tierra,\u00a0el\u00a0primero de su\u00a0tipo, para orientar\u00a0a nivel\u00a0mundial\u00a0la manera\u00a0en\u00a0que los\u00a0derechos de los\u00a0custodios\u00a0de una\u00a0cuarta\u00a0parte\u00a0de la superficie\u00a0terrestre\u00a0del planeta\u00a0deben\u00a0ser incluidos\u00a0en\u00a0la legislaci\u00f3n, la inversi\u00f3n\u00a0y el\u00a0desarrollo\u00a0global.<\/span><span data-ccp-props=\"{&quot;134233117&quot;:false,&quot;134233118&quot;:false,&quot;201341983&quot;:0,&quot;335551550&quot;:6,&quot;335551620&quot;:6,&quot;335559685&quot;:0,&quot;335559737&quot;:0,&quot;335559738&quot;:0,&quot;335559739&quot;:0,&quot;335559740&quot;:240}\">\u00a0<\/span><\/p>\n<p><b><span data-contrast=\"none\">Panel de periodistas<\/span><\/b><span data-contrast=\"none\">: una\u00a0sesi\u00f3n\u00a0del Pulitzer Center que\u00a0abordar\u00e1\u00a0la importancia\u00a0de los\u00a0esfuerzos\u00a0intersectoriales\u00a0del periodismo, la educaci\u00f3n\u00a0y la divulgaci\u00f3n\u00a0en\u00a0la lucha\u00a0contra la crisis clim\u00e1tica.\u00a0<\/span><span data-ccp-props=\"{&quot;134233118&quot;:false,&quot;201341983&quot;:0,&quot;335551550&quot;:6,&quot;335551620&quot;:6,&quot;335559739&quot;:0,&quot;335559740&quot;:240}\">\u00a0<\/span><\/p>\n<p><span data-ccp-props=\"{&quot;134233118&quot;:false,&quot;201341983&quot;:0,&quot;335551550&quot;:6,&quot;335551620&quot;:6,&quot;335559739&quot;:0,&quot;335559740&quot;:240}\">\u00a0<\/span><span data-contrast=\"none\">Los periodistas\u00a0pueden\u00a0<\/span><b><span data-contrast=\"none\">aplicar\u00a0<\/span><\/b><a href=\"https:\/\/events.globallandscapesforum.org\/climate-2022\/newsroom\/\"><b><span data-contrast=\"none\">aqu\u00ed<\/span><\/b><\/a><b><span data-contrast=\"none\">\u00a0por\u00a0un pase\u00a0de prensa<\/span><\/b><span data-contrast=\"none\">\u00a0para asistir\u00a0a GLF Climate en\u00a0l\u00ednea\u00a0o de manera\u00a0presencial.<\/span><span data-ccp-props=\"{&quot;134233118&quot;:false,&quot;201341983&quot;:0,&quot;335551550&quot;:6,&quot;335551620&quot;:6,&quot;335559739&quot;:0,&quot;335559740&quot;:240}\">\u00a0<\/span><\/p>\n<p><span data-ccp-props=\"{&quot;134233118&quot;:false,&quot;201341983&quot;:0,&quot;335551550&quot;:6,&quot;335551620&quot;:6,&quot;335559739&quot;:0,&quot;335559740&quot;:240}\">\u00a0<\/span><\/p>\n<p><span data-contrast=\"none\">#GLFClimate #ThinkLandscape\u00a0<\/span><span data-ccp-props=\"{&quot;134233118&quot;:false,&quot;201341983&quot;:0,&quot;335551550&quot;:6,&quot;335551620&quot;:6,&quot;335559739&quot;:0,&quot;335559740&quot;:240}\">\u00a0<\/span><\/p>\n<p><span data-ccp-props=\"{&quot;134233118&quot;:false,&quot;201341983&quot;:0,&quot;335559739&quot;:0,&quot;335559740&quot;:240}\">\u00a0<\/span><\/p>\n<p><span data-contrast=\"none\">###<\/span><br \/>\n<span data-ccp-props=\"{&quot;134233118&quot;:false,&quot;201341983&quot;:0,&quot;335551550&quot;:2,&quot;335551620&quot;:2,&quot;335559739&quot;:0,&quot;335559740&quot;:240}\">\u00a0<\/span><\/p>\n<p><b><span data-contrast=\"none\">Para m\u00e1s\u00a0informaci\u00f3n\u00a0y solicitar\u00a0entrevistas\u00a0con conferencistas, en\u00a0l\u00ednea\u00a0o en\u00a0persona, por\u00a0favor contacte\u00a0a Kelly Quintero (<\/span><\/b><a href=\"mailto:k.quintero@cgiar.org\"><b><span data-contrast=\"none\">k.quintero@cgiar.org<\/span><\/b><\/a><b><span data-contrast=\"none\">).<\/span><\/b><span data-ccp-props=\"{&quot;201341983&quot;:0,&quot;335559739&quot;:160,&quot;335559740&quot;:259}\">\u00a0<\/span><\/p>\n<p><span data-ccp-props=\"{&quot;134233118&quot;:false,&quot;201341983&quot;:0,&quot;335559739&quot;:0,&quot;335559740&quot;:240}\">\u00a0<\/span><\/p>\n<p><b><span data-contrast=\"none\">Sobre\u00a0el\u00a0GLF<\/span><\/b><span data-ccp-props=\"{&quot;134233118&quot;:false,&quot;201341983&quot;:0,&quot;335551550&quot;:6,&quot;335551620&quot;:6,&quot;335559739&quot;:0,&quot;335559740&quot;:240}\">\u00a0<\/span><\/p>\n<p><i><span data-contrast=\"none\">El <\/span><\/i><a href=\"https:\/\/www.globallandscapesforum.org\/\"><i><span data-contrast=\"none\">Global Landscapes Forum (GLF)<\/span><\/i><\/a><i><span data-contrast=\"none\">\u00a0es la mayor plataforma mundial de conocimientos sobre el uso integral de los suelos, dedicada al logro de los Objetivos de Desarrollo Sostenible y el Acuerdo de Par\u00eds sobre el clima. El GLF\u00a0adopta un enfoque hol\u00edstico para crear paisajes sostenibles que sean productivos, pr\u00f3speros, equitativos y resilientes, y contempla cinco temas correlacionados: alimentos y medios de vida, restauraci\u00f3n de paisajes, derechos, financiamiento y medici\u00f3n de los avances. El GLF\u00a0es liderado por el Centro para la Investigaci\u00f3n Forestal Internacional \u2013 Centro Internacional de Investigaci\u00f3n Agroforestal<\/span><\/i><span data-contrast=\"none\">\u00a0<\/span><i><span data-contrast=\"none\">(CIFOR-ICRAF), en colaboraci\u00f3n con sus cofundadores, el Programa de las Naciones Unidas para el Medio Ambiente (PNUMA) y el Banco Mundial, as\u00ed como sus <\/span><\/i><a href=\"https:\/\/www.globallandscapesforum.org\/about\/partners\/#charter\"><i><span data-contrast=\"none\">miembros fundadores<\/span><\/i><\/a><i><span data-contrast=\"none\">. Esta conferencia es posible gracias a nuestros <\/span><\/i><a href=\"https:\/\/conference.globallandscapesforum.org\/climate-2022\/partners\"><i><span data-contrast=\"none\">patrocinadores y socios de trabajo<\/span><\/i><\/a><i><span data-contrast=\"none\">.<\/span><\/i><span data-ccp-props=\"{&quot;134233118&quot;:false,&quot;201341983&quot;:0,&quot;335551550&quot;:6,&quot;335551620&quot;:6,&quot;335559739&quot;:0,&quot;335559740&quot;:240}\">\u00a0<\/span><\/p>\n<p><span data-ccp-props=\"{&quot;134233118&quot;:false,&quot;201341983&quot;:0,&quot;335551550&quot;:6,&quot;335551620&quot;:6,&quot;335559739&quot;:0,&quot;335559740&quot;:240}\">\u00a0<\/span><\/p>\n<p><i><span data-contrast=\"none\">Facebook: <\/span><\/i><a href=\"https:\/\/www.facebook.com\/GlobalLandscapesForum\"><i><span data-contrast=\"none\">@GlobalLandscapesForum<\/span><\/i><\/a><i><span data-contrast=\"none\">\u00a0<\/span><\/i><span data-ccp-props=\"{&quot;134233118&quot;:false,&quot;201341983&quot;:0,&quot;335559739&quot;:0,&quot;335559740&quot;:240}\">\u00a0<\/span><\/p>\n<p><i><span data-contrast=\"none\">Twitter: ESP &#8211; <\/span><\/i><a href=\"https:\/\/twitter.com\/GlobalLF_Esp\"><i><span data-contrast=\"none\">@GlobalLF_Esp<\/span><\/i><\/a><i><span data-contrast=\"none\">\u00a0| ING &#8211; <\/span><\/i><a href=\"https:\/\/twitter.com\/GlobalLF\"><i><span data-contrast=\"none\">@GlobalLF<\/span><\/i><\/a><i><span data-contrast=\"none\">\u00a0 | FR &#8211; <\/span><\/i><a href=\"https:\/\/twitter.com\/GlobalLF_FR\"><i><span data-contrast=\"none\">@GlobalLF_FR<\/span><\/i><\/a><span data-ccp-props=\"{&quot;134233118&quot;:false,&quot;201341983&quot;:0,&quot;335559739&quot;:0,&quot;335559740&quot;:240}\">\u00a0<\/span><\/p>\n<p><i><span data-contrast=\"none\">Instagram: <\/span><\/i><a href=\"https:\/\/www.instagram.com\/globallandscapesforum\"><i><span data-contrast=\"none\">@globallandscapesforum<\/span><\/i><\/a><span data-ccp-props=\"{&quot;134233118&quot;:false,&quot;201341983&quot;:0,&quot;335559739&quot;:0,&quot;335559740&quot;:240}\">\u00a0<\/span><\/p>\n<p><i><span data-contrast=\"none\">YouTube:<\/span><\/i><a href=\"https:\/\/www.youtube.com\/GlobalLandscapesForum\"><i><span data-contrast=\"none\">\u00a0Global Landscapes Forum &#8211; GLF<\/span><\/i><\/a><i><span data-contrast=\"none\">\u00a0\u00a0<\/span><\/i><span data-ccp-props=\"{&quot;134233118&quot;:false,&quot;201341983&quot;:0,&quot;335559739&quot;:0,&quot;335559740&quot;:240}\">\u00a0<\/span><\/p>\n<p><i><span data-contrast=\"none\">LinkedIn: <\/span><\/i><a href=\"https:\/\/www.linkedin.com\/company\/globallandscapesforum\"><i><span data-contrast=\"none\">Global Landscapes Forum (GLF)<\/span><\/i><\/a><\/p>\n","protected":false},"excerpt":{"rendered":"<p>What can we do now? Indigenous leaders, top scientists, leading politicians, and activists seek and provide answers at GLF Climate Conference alongside the most important climate conference of the year.<\/p>\n","protected":false},"author":5,"featured_media":52185,"template":"","meta":{"_acf_changed":false,"jetpack_post_was_ever_published":false,"_links_to":"","_links_to_target":""},"categories":[3997],"tags":[],"location":[],"organization":[],"news_category":[],"coauthors":[720],"class_list":["post-52188","corporate_news","type-corporate_news","status-publish","has-post-thumbnail","hentry","category-restoration-es"],"acf":[],"yoast_head":"<!-- This site is optimized with the Yoast SEO plugin v27.5 - https:\/\/yoast.com\/product\/yoast-seo-wordpress\/ -->\n<title>News: Rumbo a Egipto: voces y soluciones cruciales en la lucha contra la crisis clim\u00e1tica - Global Landscapes Forum<\/title>\n<meta name=\"description\" content=\"What can we do now? Indigenous leaders, top scientists, leading politicians, and activists seek and provide answers at GLF Climate Conference alongsid\" \/>\n<meta name=\"robots\" content=\"index, follow, max-snippet:-1, max-image-preview:large, max-video-preview:-1\" \/>\n<link rel=\"canonical\" href=\"https:\/\/www.globallandscapesforum.org\/es\/glf-news\/rumbo-a-egipto-voces-y-soluciones-cruciales-en-la-lucha-contra-la-crisis-climatica\/\" \/>\n<meta property=\"og:locale\" content=\"es_ES\" \/>\n<meta property=\"og:type\" content=\"article\" \/>\n<meta property=\"og:title\" content=\"News: Rumbo a Egipto: voces y soluciones cruciales en la lucha contra la crisis clim\u00e1tica - Global Landscapes Forum\" \/>\n<meta property=\"og:description\" content=\"What can we do now? Indigenous leaders, top scientists, leading politicians, and activists seek and provide answers at GLF Climate Conference alongside the most important climate conference of the year.\" \/>\n<meta property=\"og:url\" content=\"https:\/\/www.globallandscapesforum.org\/es\/glf-news\/rumbo-a-egipto-voces-y-soluciones-cruciales-en-la-lucha-contra-la-crisis-climatica\/\" \/>\n<meta property=\"og:site_name\" content=\"Global Landscapes Forum\" \/>\n<meta property=\"article:publisher\" content=\"https:\/\/www.facebook.com\/GlobalLandscapesForum\/\" \/>\n<meta property=\"article:modified_time\" content=\"2022-11-04T08:47:16+00:00\" \/>\n<meta property=\"og:image\" content=\"https:\/\/www.globallandscapesforum.org\/wp-content\/uploads\/2022\/10\/52116212679_cd0855321b_k.jpg\" \/>\n\t<meta property=\"og:image:width\" content=\"2048\" \/>\n\t<meta property=\"og:image:height\" content=\"1365\" \/>\n\t<meta property=\"og:image:type\" content=\"image\/jpeg\" \/>\n<meta name=\"twitter:card\" content=\"summary_large_image\" \/>\n<meta name=\"twitter:site\" content=\"@globallf\" \/>\n<meta name=\"twitter:label1\" content=\"Tiempo de lectura\" \/>\n\t<meta name=\"twitter:data1\" content=\"4 minutos\" \/>\n\t<meta name=\"twitter:label2\" content=\"Written by\" \/>\n\t<meta name=\"twitter:data2\" content=\"Global Landscapes Forum AM\" \/>\n<!-- \/ Yoast SEO plugin. -->","yoast_head_json":{"title":"News: Rumbo a Egipto: voces y soluciones cruciales en la lucha contra la crisis clim\u00e1tica - Global Landscapes Forum","description":"What can we do now? Indigenous leaders, top scientists, leading politicians, and activists seek and provide answers at GLF Climate Conference alongsid","robots":{"index":"index","follow":"follow","max-snippet":"max-snippet:-1","max-image-preview":"max-image-preview:large","max-video-preview":"max-video-preview:-1"},"canonical":"https:\/\/www.globallandscapesforum.org\/es\/glf-news\/rumbo-a-egipto-voces-y-soluciones-cruciales-en-la-lucha-contra-la-crisis-climatica\/","og_locale":"es_ES","og_type":"article","og_title":"News: Rumbo a Egipto: voces y soluciones cruciales en la lucha contra la crisis clim\u00e1tica - Global Landscapes Forum","og_description":"What can we do now? Indigenous leaders, top scientists, leading politicians, and activists seek and provide answers at GLF Climate Conference alongside the most important climate conference of the year.","og_url":"https:\/\/www.globallandscapesforum.org\/es\/glf-news\/rumbo-a-egipto-voces-y-soluciones-cruciales-en-la-lucha-contra-la-crisis-climatica\/","og_site_name":"Global Landscapes Forum","article_publisher":"https:\/\/www.facebook.com\/GlobalLandscapesForum\/","article_modified_time":"2022-11-04T08:47:16+00:00","og_image":[{"width":2048,"height":1365,"url":"https:\/\/www.globallandscapesforum.org\/wp-content\/uploads\/2022\/10\/52116212679_cd0855321b_k.jpg","type":"image\/jpeg"}],"twitter_card":"summary_large_image","twitter_site":"@globallf","twitter_misc":{"Tiempo de lectura":"4 minutos","Written by":"Global Landscapes Forum AM"},"schema":{"@context":"https:\/\/schema.org","@graph":[{"@type":"WebPage","@id":"https:\/\/www.globallandscapesforum.org\/es\/glf-news\/rumbo-a-egipto-voces-y-soluciones-cruciales-en-la-lucha-contra-la-crisis-climatica\/","url":"https:\/\/www.globallandscapesforum.org\/es\/glf-news\/rumbo-a-egipto-voces-y-soluciones-cruciales-en-la-lucha-contra-la-crisis-climatica\/","name":"News: Rumbo a Egipto: voces y soluciones cruciales en la lucha contra la crisis clim\u00e1tica - Global Landscapes Forum","isPartOf":{"@id":"https:\/\/www.globallandscapesforum.org\/#website"},"primaryImageOfPage":{"@id":"https:\/\/www.globallandscapesforum.org\/es\/glf-news\/rumbo-a-egipto-voces-y-soluciones-cruciales-en-la-lucha-contra-la-crisis-climatica\/#primaryimage"},"image":{"@id":"https:\/\/www.globallandscapesforum.org\/es\/glf-news\/rumbo-a-egipto-voces-y-soluciones-cruciales-en-la-lucha-contra-la-crisis-climatica\/#primaryimage"},"thumbnailUrl":"https:\/\/i0.wp.com\/www.globallandscapesforum.org\/wp-content\/uploads\/2022\/10\/52116212679_cd0855321b_k.jpg?fit=2048%2C1365&ssl=1","datePublished":"2022-10-31T02:44:50+00:00","dateModified":"2022-11-04T08:47:16+00:00","description":"What can we do now? Indigenous leaders, top scientists, leading politicians, and activists seek and provide answers at GLF Climate Conference alongside the most important climate conference of the year.","breadcrumb":{"@id":"https:\/\/www.globallandscapesforum.org\/es\/glf-news\/rumbo-a-egipto-voces-y-soluciones-cruciales-en-la-lucha-contra-la-crisis-climatica\/#breadcrumb"},"inLanguage":"es","potentialAction":[{"@type":"ReadAction","target":["https:\/\/www.globallandscapesforum.org\/es\/glf-news\/rumbo-a-egipto-voces-y-soluciones-cruciales-en-la-lucha-contra-la-crisis-climatica\/"]}]},{"@type":"ImageObject","inLanguage":"es","@id":"https:\/\/www.globallandscapesforum.org\/es\/glf-news\/rumbo-a-egipto-voces-y-soluciones-cruciales-en-la-lucha-contra-la-crisis-climatica\/#primaryimage","url":"https:\/\/i0.wp.com\/www.globallandscapesforum.org\/wp-content\/uploads\/2022\/10\/52116212679_cd0855321b_k.jpg?fit=2048%2C1365&ssl=1","contentUrl":"https:\/\/i0.wp.com\/www.globallandscapesforum.org\/wp-content\/uploads\/2022\/10\/52116212679_cd0855321b_k.jpg?fit=2048%2C1365&ssl=1","width":2048,"height":1365},{"@type":"BreadcrumbList","@id":"https:\/\/www.globallandscapesforum.org\/es\/glf-news\/rumbo-a-egipto-voces-y-soluciones-cruciales-en-la-lucha-contra-la-crisis-climatica\/#breadcrumb","itemListElement":[{"@type":"ListItem","position":1,"name":"Home","item":"https:\/\/www.globallandscapesforum.org\/"},{"@type":"ListItem","position":2,"name":"GLF News","item":"https:\/\/www.globallandscapesforum.org\/glf-news\/"},{"@type":"ListItem","position":3,"name":"Rumbo a Egipto: voces y soluciones cruciales en la lucha contra la crisis clim\u00e1tica"}]},{"@type":"WebSite","@id":"https:\/\/www.globallandscapesforum.org\/#website","url":"https:\/\/www.globallandscapesforum.org\/","name":"Global Landscapes Forum","description":"Connect, learn and share","publisher":{"@id":"https:\/\/www.globallandscapesforum.org\/#organization"},"potentialAction":[{"@type":"SearchAction","target":{"@type":"EntryPoint","urlTemplate":"https:\/\/www.globallandscapesforum.org\/?s={search_term_string}"},"query-input":{"@type":"PropertyValueSpecification","valueRequired":true,"valueName":"search_term_string"}}],"inLanguage":"es"},{"@type":"Organization","@id":"https:\/\/www.globallandscapesforum.org\/#organization","name":"Global Landscapes Forum","url":"https:\/\/www.globallandscapesforum.org\/","logo":{"@type":"ImageObject","inLanguage":"es","@id":"https:\/\/www.globallandscapesforum.org\/#\/schema\/logo\/image\/","url":"https:\/\/i0.wp.com\/www.globallandscapesforum.org\/wp-content\/uploads\/2018\/02\/logo_glf.png?fit=63%2C60&ssl=1","contentUrl":"https:\/\/i0.wp.com\/www.globallandscapesforum.org\/wp-content\/uploads\/2018\/02\/logo_glf.png?fit=63%2C60&ssl=1","width":63,"height":60,"caption":"Global Landscapes Forum"},"image":{"@id":"https:\/\/www.globallandscapesforum.org\/#\/schema\/logo\/image\/"},"sameAs":["https:\/\/www.facebook.com\/GlobalLandscapesForum\/","https:\/\/x.com\/globallf","https:\/\/www.instagram.com\/globallandscapesforum\/","https:\/\/www.linkedin.com\/company\/globallandscapesforum","https:\/\/www.youtube.com\/globallandscapesforum"]}]}},"jetpack_sharing_enabled":true,"_links":{"self":[{"href":"https:\/\/www.globallandscapesforum.org\/es\/wp-json\/wp\/v2\/corporate_news\/52188","targetHints":{"allow":["GET"]}}],"collection":[{"href":"https:\/\/www.globallandscapesforum.org\/es\/wp-json\/wp\/v2\/corporate_news"}],"about":[{"href":"https:\/\/www.globallandscapesforum.org\/es\/wp-json\/wp\/v2\/types\/corporate_news"}],"author":[{"embeddable":true,"href":"https:\/\/www.globallandscapesforum.org\/es\/wp-json\/wp\/v2\/users\/5"}],"version-history":[{"count":0,"href":"https:\/\/www.globallandscapesforum.org\/es\/wp-json\/wp\/v2\/corporate_news\/52188\/revisions"}],"wp:featuredmedia":[{"embeddable":true,"href":"https:\/\/www.globallandscapesforum.org\/es\/wp-json\/wp\/v2\/media\/52185"}],"wp:attachment":[{"href":"https:\/\/www.globallandscapesforum.org\/es\/wp-json\/wp\/v2\/media?parent=52188"}],"wp:term":[{"taxonomy":"category","embeddable":true,"href":"https:\/\/www.globallandscapesforum.org\/es\/wp-json\/wp\/v2\/categories?post=52188"},{"taxonomy":"post_tag","embeddable":true,"href":"https:\/\/www.globallandscapesforum.org\/es\/wp-json\/wp\/v2\/tags?post=52188"},{"taxonomy":"location","embeddable":true,"href":"https:\/\/www.globallandscapesforum.org\/es\/wp-json\/wp\/v2\/location?post=52188"},{"taxonomy":"organization","embeddable":true,"href":"https:\/\/www.globallandscapesforum.org\/es\/wp-json\/wp\/v2\/organization?post=52188"},{"taxonomy":"news_category","embeddable":true,"href":"https:\/\/www.globallandscapesforum.org\/es\/wp-json\/wp\/v2\/news_category?post=52188"},{"taxonomy":"author","embeddable":true,"href":"https:\/\/www.globallandscapesforum.org\/es\/wp-json\/wp\/v2\/coauthors?post=52188"}],"curies":[{"name":"wp","href":"https:\/\/api.w.org\/{rel}","templated":true}]}}