{"id":52219,"date":"2022-11-01T09:23:56","date_gmt":"2022-11-01T02:23:56","guid":{"rendered":"https:\/\/www.globallandscapesforum.org\/?post_type=corporate_news&#038;p=52219"},"modified":"2022-11-03T11:11:46","modified_gmt":"2022-11-03T04:11:46","slug":"reducir-la-deforestacion-a-escala-a-traves-de-la-innovacion-de-datos-las-finanzas-y-la-inversion-global","status":"publish","type":"corporate_news","link":"https:\/\/www.globallandscapesforum.org\/es\/glf-news\/reducir-la-deforestacion-a-escala-a-traves-de-la-innovacion-de-datos-las-finanzas-y-la-inversion-global\/","title":{"rendered":"Reducir la deforestaci\u00f3n a escala a trav\u00e9s de la innovaci\u00f3n de datos, las finanzas y la inversi\u00f3n global"},"content":{"rendered":"<div class=\"x_OutlineElement x_Ltr x_SCXW211764643 x_BCX0\">\n<p class=\"x_Paragraph x_SCXW211764643 x_BCX0\"><em><span class=\"x_TextRun x_SCXW211764643 x_BCX0\" lang=\"ES\" data-contrast=\"auto\"><span class=\"x_NormalTextRun x_SCXW211764643 x_BCX0 x_ContentPasted1 x_ContentPasted4\"><span class=\"NormalTextRun SCXW56503721 BCX0 ContentPasted5 ContentPasted8\">Lanzamiento<\/span> de la iniciativa la <\/span><span class=\"x_NormalTextRun x_SCXW211764643 x_BCX0 x_ContentPasted1 x_ContentPasted4\"><b>Alianza <i><span class=\"NormalTextRun SCXW56503721 BCX0 ContentPasted5 ContentPasted8\">para los<\/span><\/i> Paisajes<\/b><\/span><span class=\"x_NormalTextRun x_SCXW211764643 x_BCX0 x_ContentPasted1 x_ContentPasted4\">\u00a0con enfoque en paisajes prioritarios de la cuenca del Amazonas e Indonesia.<\/span><\/span><\/em><\/p>\n<p class=\"x_Paragraph x_SCXW211764643 x_BCX0\"><span class=\"x_ContentPasted3\">(<\/span><b class=\"x_ContentPasted3\">LIMA, Peru<\/b><span class=\"x_ContentPasted3\">, 28 October 2022)\u00a0<\/span>\u00a0\u2013<span class=\"x_TextRun x_SCXW211764643 x_BCX0\" lang=\"ES\" data-contrast=\"auto\"><span class=\"x_NormalTextRun x_SCXW211764643 x_BCX0 x_ContentPasted1\">\u00a0Si el mundo quiere pasar de las crecientes tasas de p\u00e9rdida de bosques<\/span><span class=\"x_NormalTextRun x_SCXW211764643 x_BCX0 x_ContentPasted1\">\u00a0y<\/span><span class=\"x_NormalTextRun x_SCXW211764643 x_BCX0 x_ContentPasted1\">\u00a0biodiversidad<\/span><span class=\"x_NormalTextRun x_SCXW211764643 x_BCX0 x_ContentPasted1\">;<\/span><span class=\"x_NormalTextRun x_SCXW211764643 x_BCX0 x_ContentPasted1\">\u00a0el desastre clim\u00e1tico hacia un futuro neto positivo para los bosques y el clima, se necesitan soluciones transformadoras que tengan el potencial de desencadenar un cambio en los sistemas.\u00a0<\/span><\/span><span class=\"x_EOP x_SCXW211764643 x_BCX0 x_ContentPasted1\" data-ccp-props=\"{&quot;201341983&quot;:0,&quot;335559739&quot;:0,&quot;335559740&quot;:240}\">\u00a0<\/span><\/p>\n<\/div>\n<div class=\"x_OutlineElement x_Ltr x_SCXW211764643 x_BCX0\">\n<p class=\"x_Paragraph x_SCXW211764643 x_BCX0\"><span class=\"x_TextRun x_SCXW211764643 x_BCX0\" lang=\"ES\" data-contrast=\"auto\"><span class=\"x_NormalTextRun x_SCXW211764643 x_BCX0 x_ContentPasted1\">Estas soluciones deben abordar las causas subyacentes, incluida la planificaci\u00f3n deficiente del uso de la tierra <\/span><span class=\"x_NormalTextRun x_SCXW211764643 x_BCX0 x_ContentPasted1\">gubernamental<\/span><span class=\"x_NormalTextRun x_SCXW211764643 x_BCX0 x_ContentPasted1\">\u00a0y la aplicaci\u00f3n limitada; financiamiento <\/span><span class=\"x_NormalTextRun x_SCXW211764643 x_BCX0 x_ContentPasted1\">escaso<\/span><span class=\"x_NormalTextRun x_SCXW211764643 x_BCX0 x_ContentPasted1\">\u00a0o asistencia t\u00e9cnica para productores, comunidades y pueblos ind\u00edgenas para la transici\u00f3n a la gesti\u00f3n sostenible de la tierra; tenencia informal de la tierra; y la falta de trazabilidad o monitoreo para canalizar los incentivos econ\u00f3micos para la producci\u00f3n sostenible.<\/span><\/span><span class=\"x_EOP x_SCXW211764643 x_BCX0 x_ContentPasted1\" data-ccp-props=\"{&quot;201341983&quot;:0,&quot;335559739&quot;:0,&quot;335559740&quot;:240}\">\u00a0<\/span><\/p>\n<\/div>\n<div class=\"x_OutlineElement x_Ltr x_SCXW211764643 x_BCX0\">\n<p class=\"x_Paragraph x_SCXW211764643 x_BCX0\"><span class=\"x_TextRun x_SCXW211764643 x_BCX0\" lang=\"ES\" data-contrast=\"auto\"><span class=\"x_NormalTextRun x_SCXW211764643 x_BCX0 x_ContentPasted1\">\u00bfPor qu\u00e9 esto todav\u00eda no se traduce en un impacto sobre el <\/span><span class=\"x_NormalTextRun x_SCXW211764643 x_BCX0 x_ContentPasted1\">territorio<\/span><span class=\"x_NormalTextRun x_SCXW211764643 x_BCX0 x_ContentPasted1\">\u00a0a escala? <\/span><\/span><strong><span class=\"x_TextRun x_MacChromeBold x_SCXW211764643 x_BCX0\" lang=\"ES\" data-contrast=\"auto\"><span class=\"x_NormalTextRun x_SCXW211764643 x_BCX0 x_ContentPasted1\">La iniciativa <\/span><span class=\"x_NormalTextRun x_SCXW211764643 x_BCX0 x_ContentPasted1\">Alianza para los Paisajes (Business Case for Colective<\/span><span class=\"x_NormalTextRun x_SCXW211764643 x_BCX0 x_ContentPasted1\">\u00a0Lanscapes <\/span><span class=\"x_NormalTextRun x_SCXW211764643 x_BCX0 x_ContentPasted1\">Action en ingl\u00e9s),<\/span><\/span><\/strong><span class=\"x_TextRun x_SCXW211764643 x_BCX0\" lang=\"ES\" data-contrast=\"auto\"><span class=\"x_NormalTextRun x_SCXW211764643 x_BCX0 x_ContentPasted1\">\u00a0<\/span><span class=\"x_NormalTextRun x_SCXW211764643 x_BCX0 x_ContentPasted1\">apoyada<\/span><span class=\"x_NormalTextRun x_SCXW211764643 x_BCX0 x_ContentPasted1\">\u00a0por USAID<\/span><span class=\"x_NormalTextRun x_SCXW211764643 x_BCX0 x_ContentPasted1\">\u00a0y<\/span><span class=\"x_NormalTextRun x_SCXW211764643 x_BCX0 x_ContentPasted1\">\u00a0<\/span><span class=\"x_NormalTextRun x_SCXW211764643 x_BCX0 x_ContentPasted1\">junto con<\/span><span class=\"x_NormalTextRun x_SCXW211764643 x_BCX0 x_ContentPasted1\">\u00a0Rainforest Alliance, CDP, Clarmondial y Conservation International<\/span><span class=\"x_NormalTextRun x_SCXW211764643 x_BCX0 x_ContentPasted1\">,<\/span><span class=\"x_NormalTextRun x_SCXW211764643 x_BCX0 x_ContentPasted1\">\u00a0presentar\u00e1 un caso de negocios convincente para impulsar una mayor inversi\u00f3n en prioridades definidas localmente, reduciendo la deforestaci\u00f3n de productos b\u00e1sicos<\/span><span class=\"x_NormalTextRun x_SCXW211764643 x_BCX0 x_ContentPasted1\">\u00a0y <\/span><span class=\"x_NormalTextRun x_SCXW211764643 x_BCX0 x_ContentPasted1\">las amenazas a la biodiversidad<\/span><span class=\"x_NormalTextRun x_SCXW211764643 x_BCX0 x_ContentPasted1\">,<\/span><span class=\"x_NormalTextRun x_SCXW211764643 x_BCX0 x_ContentPasted1\">\u00a0permitiendo la restauraci\u00f3n y las ganancias de medios de vida a escala.\u00a0<\/span><\/span><span class=\"x_EOP x_SCXW211764643 x_BCX0 x_ContentPasted1\" data-ccp-props=\"{&quot;201341983&quot;:0,&quot;335559739&quot;:0,&quot;335559740&quot;:240}\">\u00a0<\/span><\/p>\n<\/div>\n<div class=\"x_OutlineElement x_Ltr x_SCXW211764643 x_BCX0\">\n<p class=\"x_Paragraph x_SCXW211764643 x_BCX0\"><span class=\"x_TextRun x_MacChromeBold x_SCXW211764643 x_BCX0\" lang=\"ES\" data-contrast=\"auto\"><span class=\"x_NormalTextRun x_SCXW211764643 x_BCX0 x_ContentPasted1\">Qu\u00e9:<\/span><span class=\"x_NormalTextRun x_SCXW211764643 x_BCX0 x_ContentPasted1\">\u00a0<\/span><\/span><span class=\"x_TextRun x_SCXW211764643 x_BCX0\" lang=\"ES\" data-contrast=\"auto\"><span class=\"x_NormalTextRun x_SCXW211764643 x_BCX0 x_ContentPasted1\">Lanzamiento<\/span><span class=\"x_NormalTextRun x_SCXW211764643 x_BCX0 x_ContentPasted1\">\u00a0de la iniciativa <\/span><span class=\"x_NormalTextRun x_SCXW211764643 x_BCX0 x_ContentPasted1\">la Alianza para los Paisajes<\/span><span class=\"x_NormalTextRun x_SCXW211764643 x_BCX0 x_ContentPasted1\">\u00a0en<\/span><span class=\"x_NormalTextRun x_SCXW211764643 x_BCX0 x_ContentPasted1\">\u00a0la conferencia <\/span><\/span><a class=\"x_Hyperlink x_SCXW211764643 x_BCX0 x_ContentPasted1\" title=\"https:\/\/events.globallandscapesforum.org\/climate-2022\/\" contenteditable=\"false\" href=\"https:\/\/events.globallandscapesforum.org\/climate-2022\/\" target=\"_blank\" rel=\"noreferrer noopener\"><span class=\"x_TextRun x_Underlined x_SCXW211764643 x_BCX0\" lang=\"ES\" data-contrast=\"none\"><span class=\"x_NormalTextRun x_SCXW211764643 x_BCX0\" data-ccp-charstyle=\"Hyperlink\">GLF Climate<\/span><\/span><\/a><span class=\"x_TextRun x_SCXW211764643 x_BCX0\" lang=\"ES\" data-contrast=\"auto\"><span class=\"x_NormalTextRun x_SCXW211764643 x_BCX0 x_ContentPasted1\">\u00a0en paralelo a la COP27. Interpretaci\u00f3n simult\u00e1nea en ingl\u00e9s, espa\u00f1ol y franc\u00e9s.<\/span><\/span><span class=\"x_EOP x_SCXW211764643 x_BCX0 x_ContentPasted1\" data-ccp-props=\"{&quot;201341983&quot;:0,&quot;335559739&quot;:0,&quot;335559740&quot;:240}\">\u00a0<\/span><\/p>\n<\/div>\n<div class=\"x_OutlineElement x_Ltr x_SCXW211764643 x_BCX0\">\n<p class=\"x_Paragraph x_SCXW211764643 x_BCX0\"><span class=\"x_TextRun x_MacChromeBold x_SCXW211764643 x_BCX0\" lang=\"ES\" data-contrast=\"auto\"><span class=\"x_NormalTextRun x_SCXW211764643 x_BCX0 x_ContentPasted1\">Qui\u00e9n:<\/span><\/span><span class=\"x_TextRun x_SCXW211764643 x_BCX0\" lang=\"ES-GT\" data-contrast=\"auto\"><span class=\"x_NormalTextRun x_SCXW211764643 x_BCX0 x_ContentPasted1\">\u00a0<\/span><\/span><a class=\"x_Hyperlink x_SCXW211764643 x_BCX0 x_ContentPasted1\" title=\"https:\/\/events.globallandscapesforum.org\/climate-2022\/speaker\/sorely-calixto\/\" contenteditable=\"false\" href=\"https:\/\/events.globallandscapesforum.org\/climate-2022\/speaker\/sorely-calixto\/\" target=\"_blank\" rel=\"noreferrer noopener\"><span class=\"x_TextRun x_Underlined x_SCXW211764643 x_BCX0\" lang=\"ES\" data-contrast=\"none\"><span class=\"x_NormalTextRun x_SCXW211764643 x_BCX0\" data-ccp-charstyle=\"Hyperlink\">Sorely Calixto<\/span><\/span><\/a><span class=\"x_TextRun x_SCXW211764643 x_BCX0\" lang=\"ES\" data-contrast=\"auto\"><span class=\"x_NormalTextRun x_SCXW211764643 x_BCX0 x_ContentPasted1\">, j<\/span><span class=\"x_NormalTextRun x_SCXW211764643 x_BCX0 x_ContentPasted1\">efe de <\/span><span class=\"x_NormalTextRun x_SCXW211764643 x_BCX0 x_ContentPasted1\">la iniciativa Alianza para los Paisajes<\/span><span class=\"x_NormalTextRun x_SCXW211764643 x_BCX0 x_ContentPasted1\">\u00a0<\/span><span class=\"x_NormalTextRun x_SCXW211764643 x_BCX0 x_ContentPasted1\">en<\/span><span class=\"x_NormalTextRun x_SCXW211764643 x_BCX0 x_ContentPasted1\">\u00a0Rainforest Alliance;<\/span><\/span><span class=\"x_TextRun x_MacChromeBold x_SCXW211764643 x_BCX0\" lang=\"ES\" data-contrast=\"auto\"><span class=\"x_NormalTextRun x_SCXW211764643 x_BCX0 x_ContentPasted1\">\u00a0<\/span><\/span><a class=\"x_Hyperlink x_SCXW211764643 x_BCX0 x_ContentPasted1\" title=\"https:\/\/events.globallandscapesforum.org\/climate-2022\/speaker\/tanja-havemann\/\" contenteditable=\"false\" href=\"https:\/\/events.globallandscapesforum.org\/climate-2022\/speaker\/tanja-havemann\/\" target=\"_blank\" rel=\"noreferrer noopener\"><span class=\"x_TextRun x_Underlined x_SCXW211764643 x_BCX0\" lang=\"ES\" data-contrast=\"none\"><span class=\"x_NormalTextRun x_SCXW211764643 x_BCX0\" data-ccp-charstyle=\"Hyperlink\">Tanja Havemann<\/span><\/span><\/a><span class=\"x_TextRun x_SCXW211764643 x_BCX0\" lang=\"ES\" data-contrast=\"auto\"><span class=\"x_NormalTextRun x_SCXW211764643 x_BCX0 x_ContentPasted1\">, cofundadora y directora de Clarmondial;\u00a0<\/span><span class=\"x_NormalTextRun x_SCXW211764643 x_BCX0 x_ContentPasted1\">\u00a0<\/span><\/span><a class=\"x_Hyperlink x_SCXW211764643 x_BCX0 x_ContentPasted1\" title=\"https:\/\/events.globallandscapesforum.org\/climate-2022\/speaker\/luis-suarez\/\" contenteditable=\"false\" href=\"https:\/\/events.globallandscapesforum.org\/climate-2022\/speaker\/luis-suarez\/\" target=\"_blank\" rel=\"noreferrer noopener\"><span class=\"x_TextRun x_Underlined x_SCXW211764643 x_BCX0\" lang=\"ES\" data-contrast=\"none\"><span class=\"x_NormalTextRun x_SCXW211764643 x_BCX0\" data-ccp-charstyle=\"Hyperlink\">Luis Su\u00e1rez<\/span><\/span><\/a><span class=\"x_TextRun x_SCXW211764643 x_BCX0\" lang=\"ES\" data-contrast=\"auto\"><span class=\"x_NormalTextRun x_SCXW211764643 x_BCX0 x_ContentPasted1\">, v<\/span><span class=\"x_NormalTextRun x_SCXW211764643 x_BCX0 x_ContentPasted1\">icepresidente<\/span><span class=\"x_NormalTextRun x_SCXW211764643 x_BCX0 x_ContentPasted1\">\u00a0de<\/span><span class=\"x_NormalTextRun x_SCXW211764643 x_BCX0 x_ContentPasted1\">\u00a0Conservaci\u00f3n Internacional &#8211; Ecuador;\u00a0<\/span><span class=\"x_NormalTextRun x_SCXW211764643 x_BCX0 x_ContentPasted1\">\u00a0y <\/span><\/span><a class=\"x_Hyperlink x_SCXW211764643 x_BCX0 x_ContentPasted1\" title=\"https:\/\/events.globallandscapesforum.org\/climate-2022\/speaker\/thomas-maddox\/\" contenteditable=\"false\" href=\"https:\/\/events.globallandscapesforum.org\/climate-2022\/speaker\/thomas-maddox\/\" target=\"_blank\" rel=\"noreferrer noopener\"><span class=\"x_TextRun x_Underlined x_SCXW211764643 x_BCX0\" lang=\"ES\" data-contrast=\"none\"><span class=\"x_NormalTextRun x_SCXW211764643 x_BCX0\" data-ccp-charstyle=\"Hyperlink\">Thomas Maddox<\/span><\/span><\/a><span class=\"x_TextRun x_SCXW211764643 x_BCX0\" lang=\"ES\" data-contrast=\"auto\"><span class=\"x_NormalTextRun x_SCXW211764643 x_BCX0 x_ContentPasted1\">, <\/span><span class=\"x_NormalTextRun x_SCXW211764643 x_BCX0 x_ContentPasted1\">director global de Bosques y Tierra<\/span><span class=\"x_NormalTextRun x_SCXW211764643 x_BCX0 x_ContentPasted1\">\u00a0en<\/span><span class=\"x_NormalTextRun x_SCXW211764643 x_BCX0 x_ContentPasted1\">\u00a0CDP<\/span><\/span><span class=\"x_EOP x_SCXW211764643 x_BCX0 x_ContentPasted1\" data-ccp-props=\"{&quot;201341983&quot;:0,&quot;335559739&quot;:0,&quot;335559740&quot;:240}\">\u00a0<\/span><\/p>\n<\/div>\n<div class=\"x_OutlineElement x_Ltr x_SCXW211764643 x_BCX0\">\n<p class=\"x_Paragraph x_SCXW211764643 x_BCX0\"><span class=\"x_TextRun x_MacChromeBold x_SCXW211764643 x_BCX0\" lang=\"ES\" data-contrast=\"auto\"><span class=\"x_NormalTextRun x_SCXW211764643 x_BCX0 x_ContentPasted1\">Cu\u00e1ndo:<\/span><\/span><span class=\"x_TextRun x_Highlight x_SCXW211764643 x_BCX0\" lang=\"ES\" data-contrast=\"none\"><span class=\"x_NormalTextRun x_SCXW211764643 x_BCX0 x_ContentPasted1\" data-ccp-charstyle=\"normaltextrun\" data-ccp-charstyle-defn=\"{&quot;ObjectId&quot;:&quot;90bdfd4d-b41e-45e7-9e3c-5260a7661c91|21&quot;,&quot;ClassId&quot;:1073872969,&quot;Properties&quot;:[469775450,&quot;normaltextrun&quot;,201340122,&quot;1&quot;,134233614,&quot;true&quot;,469778129,&quot;normaltextrun&quot;,335572020,&quot;1&quot;,469778324,&quot;Default Paragraph Font&quot;]}\">\u00a0<\/span><span class=\"x_NormalTextRun x_SCXW211764643 x_BCX0 x_ContentPasted1\" data-ccp-charstyle=\"normaltextrun\">viernes<\/span><span class=\"x_NormalTextRun x_SCXW211764643 x_BCX0 x_ContentPasted1\" data-ccp-charstyle=\"normaltextrun\">, 11 de noviembre de 2022 de 17:00-17:45 (UTC+2 | El Cairo) \/ 10:00\u201310:45 (UTC -5 | Lima)<\/span><\/span><span class=\"x_EOP x_SCXW211764643 x_BCX0 x_ContentPasted1\" data-ccp-props=\"{&quot;201341983&quot;:0,&quot;335559739&quot;:0,&quot;335559740&quot;:240}\">\u00a0<\/span><\/p>\n<\/div>\n<div class=\"x_OutlineElement x_Ltr x_SCXW211764643 x_BCX0\">\n<p class=\"x_Paragraph x_SCXW211764643 x_BCX0\"><span class=\"x_TextRun x_MacChromeBold x_SCXW211764643 x_BCX0\" lang=\"ES\" data-contrast=\"auto\"><span class=\"x_NormalTextRun x_SCXW211764643 x_BCX0 x_ContentPasted1\">D\u00f3nde: <\/span><\/span><a class=\"x_Hyperlink x_SCXW211764643 x_BCX0 x_ContentPasted1\" title=\"https:\/\/conference.globallandscapesforum.org\/climate-2022\/session\/e4abcd78-e354-ed11-819a-000d3a45cc82\" contenteditable=\"false\" href=\"https:\/\/conference.globallandscapesforum.org\/climate-2022\/session\/e4abcd78-e354-ed11-819a-000d3a45cc82\" target=\"_blank\" rel=\"noreferrer noopener\"><span class=\"x_TextRun x_Underlined x_SCXW211764643 x_BCX0\" lang=\"ES\" data-contrast=\"none\"><span class=\"x_NormalTextRun x_SCXW211764643 x_BCX0\" data-ccp-charstyle=\"Hyperlink\">Digital<\/span><\/span><\/a><span class=\"x_EOP x_SCXW211764643 x_BCX0 x_ContentPasted1\" data-ccp-props=\"{&quot;201341983&quot;:0,&quot;335559739&quot;:0,&quot;335559740&quot;:240}\">\u00a0<\/span><\/p>\n<\/div>\n<div class=\"x_OutlineElement x_Ltr x_SCXW211764643 x_BCX0\">\n<p class=\"x_Paragraph x_SCXW211764643 x_BCX0\"><span class=\"x_TextRun x_SCXW211764643 x_BCX0\" lang=\"ES\" data-contrast=\"auto\"><span class=\"x_NormalTextRun x_SCXW211764643 x_BCX0 x_ContentPasted1\">###<\/span><\/span><span class=\"x_EOP x_SCXW211764643 x_BCX0 x_ContentPasted1\" data-ccp-props=\"{&quot;201341983&quot;:0,&quot;335551550&quot;:2,&quot;335551620&quot;:2,&quot;335559739&quot;:0,&quot;335559740&quot;:240}\">\u00a0<\/span><\/p>\n<\/div>\n<div class=\"x_OutlineElement x_Ltr x_SCXW211764643 x_BCX0\">\n<p>&nbsp;<\/p>\n<p class=\"x_Paragraph x_SCXW211764643 x_BCX0\"><strong><span class=\"x_TextRun x_MacChromeBold x_SCXW211764643 x_BCX0\" lang=\"ES\" style=\"font-family: -apple-system, BlinkMacSystemFont, 'Segoe UI', Roboto, Oxygen-Sans, Ubuntu, Cantarell, 'Helvetica Neue', sans-serif;\" data-contrast=\"auto\"><span class=\"x_NormalTextRun x_SCXW211764643 x_BCX0 x_ContentPasted1\">NOTA PARA LOS EDITORES<\/span><\/span><\/strong><span class=\"x_EOP x_SCXW211764643 x_BCX0 x_ContentPasted1\" style=\"font-family: -apple-system, BlinkMacSystemFont, 'Segoe UI', Roboto, Oxygen-Sans, Ubuntu, Cantarell, 'Helvetica Neue', sans-serif;\" data-ccp-props=\"{&quot;201341983&quot;:0,&quot;335559739&quot;:0,&quot;335559740&quot;:240}\">\u00a0<\/span><\/p>\n<\/div>\n<div class=\"x_OutlineElement x_Ltr x_SCXW211764643 x_BCX0\">\n<p class=\"x_Paragraph x_SCXW211764643 x_BCX0\"><span class=\"x_TextRun x_MacChromeBold x_SCXW211764643 x_BCX0\" lang=\"ES\" data-contrast=\"auto\"><span class=\"x_NormalTextRun x_SCXW211764643 x_BCX0 x_ContentPasted1\">Para obtener m\u00e1s informaci\u00f3n, solicit<\/span><span class=\"x_NormalTextRun x_SCXW211764643 x_BCX0 x_ContentPasted1\">ar<\/span><span class=\"x_NormalTextRun x_SCXW211764643 x_BCX0 x_ContentPasted1\">\u00a0una entrevista o asegur<\/span><span class=\"x_NormalTextRun x_SCXW211764643 x_BCX0 x_ContentPasted1\">ar<\/span><span class=\"x_NormalTextRun x_SCXW211764643 x_BCX0 x_ContentPasted1\">\u00a0su lugar para interactuar en vivo con los panelistas durante el lanzamiento:\u00a0<\/span><\/span><span class=\"x_EOP x_SCXW211764643 x_BCX0 x_ContentPasted1\" data-ccp-props=\"{&quot;201341983&quot;:0,&quot;335559739&quot;:0,&quot;335559740&quot;:240}\">\u00a0<\/span><\/p>\n<\/div>\n<div class=\"x_SCXW211764643 x_BCX0\">\n<ul>\n<li><span class=\"x_TextRun x_MacChromeBold x_SCXW211764643 x_BCX0\" lang=\"EN-US\" data-contrast=\"auto\"><span class=\"x_NormalTextRun x_SCXW211764643 x_BCX0 x_ContentPasted1\">Contacto de medios globales<\/span><span class=\"x_NormalTextRun x_SCXW211764643 x_BCX0 x_ContentPasted1\">: Caroline Bennett<\/span><span class=\"x_NormalTextRun x_SCXW211764643 x_BCX0 x_ContentPasted1\">, <\/span><span class=\"x_NormalTextRun x_SCXW211764643 x_BCX0 x_ContentPasted1\">The Rainforest Alliance <\/span><\/span><a class=\"x_Hyperlink x_SCXW211764643 x_BCX0 x_ContentPasted1\" title=\"mailto:cbennett@ra.org\" contenteditable=\"false\" href=\"mailto:cbennett@ra.org\" target=\"_blank\" rel=\"noreferrer noopener\"><span class=\"x_TextRun x_Underlined x_MacChromeBold x_SCXW211764643 x_BCX0\" lang=\"EN-US\" data-contrast=\"none\"><span class=\"x_NormalTextRun x_SCXW211764643 x_BCX0\" data-ccp-charstyle=\"Hyperlink\">cbennett@ra.org<\/span><\/span><\/a><span class=\"x_EOP x_SCXW211764643 x_BCX0 x_ContentPasted1\" data-ccp-props=\"{&quot;201341983&quot;:0,&quot;335559739&quot;:0,&quot;335559740&quot;:240}\">\u00a0<\/span><\/li>\n<li>\n<p class=\"x_Paragraph x_SCXW211764643 x_BCX0\"><span class=\"x_TextRun x_MacChromeBold x_SCXW211764643 x_BCX0\" lang=\"ES-GT\" data-contrast=\"auto\"><span class=\"x_NormalTextRun x_SCXW211764643 x_BCX0 x_ContentPasted1\">Contacto Per\u00fa: Paola Chalcatana, <\/span><\/span><span class=\"x_TextRun x_SCXW211764643 x_BCX0\" lang=\"ES-GT\" data-contrast=\"auto\"><span class=\"x_NormalTextRun x_SCXW211764643 x_BCX0 x_ContentPasted1\">Gerente de Comunicaciones de La<\/span><span class=\"x_NormalTextRun x_SCXW211764643 x_BCX0 x_ContentPasted1\">\u00a0Alianza de los Paisajes<\/span><\/span><span class=\"x_TextRun x_SCXW211764643 x_BCX0\" lang=\"ES-GT\" data-contrast=\"auto\"><span class=\"x_NormalTextRun x_SCXW211764643 x_BCX0 x_ContentPasted1\">\u00a0<\/span><\/span><a class=\"x_Hyperlink x_SCXW211764643 x_BCX0 x_ContentPasted1\" title=\"mailto:pchalcatana@ra.org\" contenteditable=\"false\" href=\"mailto:pchalcatana@ra.org\" target=\"_blank\" rel=\"noreferrer noopener\"><span class=\"x_TextRun x_Underlined x_MacChromeBold x_SCXW211764643 x_BCX0\" lang=\"ES-GT\" data-contrast=\"none\"><span class=\"x_NormalTextRun x_SCXW211764643 x_BCX0\" data-ccp-charstyle=\"Hyperlink\">pchalcatana@ra.org<\/span><\/span><\/a><span class=\"x_EOP x_SCXW211764643 x_BCX0 x_ContentPasted1\" data-ccp-props=\"{&quot;201341983&quot;:0,&quot;335559739&quot;:0,&quot;335559740&quot;:240}\">\u00a0<\/span><\/p>\n<\/li>\n<\/ul>\n<div class=\"x_OutlineElement x_Ltr x_SCXW211764643 x_BCX0\">\n<p class=\"x_Paragraph x_SCXW211764643 x_BCX0\"><span class=\"x_TextRun x_MacChromeBold x_SCXW211764643 x_BCX0\" lang=\"EN-US\" data-contrast=\"auto\"><span class=\"x_NormalTextRun x_SCXW211764643 x_BCX0 x_ContentPasted1\">Para obtener un pase de prensa para asistir al lanzamiento y GLF Climate, visite la <\/span><\/span><a class=\"x_Hyperlink x_SCXW211764643 x_BCX0 x_ContentPasted1\" title=\"https:\/\/events.globallandscapesforum.org\/climate-2022\/newsroom\/\" contenteditable=\"false\" href=\"https:\/\/events.globallandscapesforum.org\/climate-2022\/newsroom\/\" target=\"_blank\" rel=\"noreferrer noopener\"><span class=\"x_TextRun x_Underlined x_SCXW211764643 x_BCX0\" lang=\"EN-US\" data-contrast=\"none\"><span class=\"x_NormalTextRun x_SCXW211764643 x_BCX0\">sala de prensa<\/span><\/span><\/a><span class=\"x_TextRun x_Underlined x_SCXW211764643 x_BCX0\" lang=\"EN-US\" data-contrast=\"none\"><span class=\"x_NormalTextRun x_SCXW211764643 x_BCX0 x_ContentPasted1\">\u00a0<\/span><\/span><span class=\"x_TextRun x_MacChromeBold x_SCXW211764643 x_BCX0\" lang=\"EN-US\" data-contrast=\"auto\"><span class=\"x_NormalTextRun x_SCXW211764643 x_BCX0 x_ContentPasted1\">de la conferencia.<\/span><\/span><span class=\"x_EOP x_SCXW211764643 x_BCX0 x_ContentPasted1\" data-ccp-props=\"{&quot;201341983&quot;:0,&quot;335559685&quot;:0,&quot;335559739&quot;:0,&quot;335559740&quot;:240}\">\u00a0<\/span><\/p>\n<\/div>\n<div class=\"x_OutlineElement x_Ltr x_SCXW211764643 x_BCX0\">\n<p class=\"x_Paragraph x_SCXW211764643 x_BCX0\"><span class=\"x_EOP x_SCXW211764643 x_BCX0 x_ContentPasted1\" data-ccp-props=\"{&quot;201341983&quot;:0,&quot;335559739&quot;:0,&quot;335559740&quot;:240}\">\u00a0<\/span><\/p>\n<\/div>\n<\/div>\n<div class=\"x_OutlineElement x_Ltr x_SCXW211764643 x_BCX0\">\n<p class=\"x_Paragraph x_SCXW211764643 x_BCX0\"><span class=\"x_TextRun x_MacChromeBold x_SCXW211764643 x_BCX0\" lang=\"ES\" data-contrast=\"auto\"><span class=\"x_NormalTextRun x_SCXW211764643 x_BCX0 x_ContentPasted1\" data-ccp-parastyle=\"paragraph\">__________<\/span><\/span><span class=\"x_EOP x_SCXW211764643 x_BCX0 x_ContentPasted1\" data-ccp-props=\"{&quot;134233117&quot;:false,&quot;134233118&quot;:false,&quot;201341983&quot;:0,&quot;335559738&quot;:0,&quot;335559739&quot;:0,&quot;335559740&quot;:240}\">\u00a0<\/span><\/p>\n<\/div>\n<div class=\"x_OutlineElement x_Ltr x_SCXW211764643 x_BCX0\">\n<p class=\"x_Paragraph x_SCXW211764643 x_BCX0\"><span class=\"x_EOP x_SCXW211764643 x_BCX0 x_ContentPasted1\" data-ccp-props=\"{&quot;134233117&quot;:false,&quot;134233118&quot;:false,&quot;201341983&quot;:0,&quot;335559738&quot;:0,&quot;335559739&quot;:0,&quot;335559740&quot;:240}\">\u00a0<\/span><\/p>\n<\/div>\n<div class=\"x_OutlineElement x_Ltr x_SCXW211764643 x_BCX0\">\n<p class=\"x_Paragraph x_SCXW211764643 x_BCX0\"><strong><span class=\"x_TextRun x_MacChromeBold x_SCXW211764643 x_BCX0\" lang=\"ES\" data-contrast=\"auto\"><span class=\"x_NormalTextRun x_SCXW211764643 x_BCX0 x_ContentPasted1\">Acerca de Rainforest Alliance<\/span><\/span><\/strong><span class=\"x_EOP x_SCXW211764643 x_BCX0 x_ContentPasted1\" data-ccp-props=\"{&quot;201341983&quot;:0,&quot;335551550&quot;:6,&quot;335551620&quot;:6,&quot;335559739&quot;:0,&quot;335559740&quot;:240}\">\u00a0<\/span><\/p>\n<\/div>\n<div class=\"x_OutlineElement x_Ltr x_SCXW211764643 x_BCX0\">\n<p class=\"x_Paragraph x_SCXW211764643 x_BCX0\"><a class=\"x_Hyperlink x_SCXW211764643 x_BCX0 x_ContentPasted1\" title=\"https:\/\/www.rainforest-alliance.org\/es\" contenteditable=\"false\" href=\"https:\/\/www.rainforest-alliance.org\/es\" target=\"_blank\" rel=\"noreferrer noopener\"><span class=\"x_TextRun x_Underlined x_SCXW211764643 x_BCX0\" lang=\"ES\" data-contrast=\"none\"><span class=\"x_NormalTextRun x_SCXW211764643 x_BCX0\" data-ccp-charstyle=\"Hyperlink\">Rainfore<\/span><span class=\"x_NormalTextRun x_SCXW211764643 x_BCX0\" data-ccp-charstyle=\"Hyperlink\">s<\/span><span class=\"x_NormalTextRun x_SCXW211764643 x_BCX0\" data-ccp-charstyle=\"Hyperlink\">t Alliance<\/span><\/span><\/a><span class=\"x_TextRun x_SCXW211764643 x_BCX0\" lang=\"ES\" data-contrast=\"auto\"><span class=\"x_NormalTextRun x_SCXW211764643 x_BCX0 x_ContentPasted1\">\u00a0es una organizaci\u00f3n internacional sin fines de lucro que trabaja en 70 pa\u00edses en la intersecci\u00f3n de los negocios, la agricultura y los bosques. Rainforest Alliance est\u00e1 creando un mundo m\u00e1s sostenible mediante el uso de las fuerzas sociales y de mercado para proteger la naturaleza y mejorar las vidas de los agricultores y las comunidades forestales. Al reunir a <\/span><span class=\"x_NormalTextRun x_SCXW211764643 x_BCX0 x_ContentPasted1\">productores<\/span><span class=\"x_NormalTextRun x_SCXW211764643 x_BCX0 x_ContentPasted1\">, comunidades forestales, empresas e individuos, aborda algunos de los desaf\u00edos sociales y ambientales m\u00e1s apremiantes <\/span><span class=\"x_NormalTextRun x_SCXW211764643 x_BCX0 x_ContentPasted1\">en<\/span><span class=\"x_NormalTextRun x_SCXW211764643 x_BCX0 x_ContentPasted1\">\u00a0la actualidad. La organizaci\u00f3n <\/span><span class=\"x_NormalTextRun x_SCXW211764643 x_BCX0 x_ContentPasted1\">contribuye a <\/span><span class=\"x_NormalTextRun x_SCXW211764643 x_BCX0 x_ContentPasted1\">cambia<\/span><span class=\"x_NormalTextRun x_SCXW211764643 x_BCX0 x_ContentPasted1\">r<\/span><span class=\"x_NormalTextRun x_SCXW211764643 x_BCX0 x_ContentPasted1\">\u00a0la forma en que el mundo produce, <\/span><span class=\"x_NormalTextRun x_SCXW211764643 x_BCX0 x_ContentPasted1\">se abastece<\/span><span class=\"x_NormalTextRun x_SCXW211764643 x_BCX0 x_ContentPasted1\">\u00a0y consume, con un enfoque en el cacao, el caf\u00e9, el t\u00e9, lo<\/span><span class=\"x_NormalTextRun x_SCXW211764643 x_BCX0 x_ContentPasted1\">s bananos; as\u00ed como,<\/span><span class=\"x_NormalTextRun x_SCXW211764643 x_BCX0 x_ContentPasted1\">\u00a0otros productos tropicales a trav\u00e9s de su <\/span><span class=\"x_NormalTextRun x_SCXW211764643 x_BCX0 x_ContentPasted1\">p<\/span><span class=\"x_NormalTextRun x_SCXW211764643 x_BCX0 x_ContentPasted1\">rograma de <\/span><span class=\"x_NormalTextRun x_SCXW211764643 x_BCX0 x_ContentPasted1\">c<\/span><span class=\"x_NormalTextRun x_SCXW211764643 x_BCX0 x_ContentPasted1\">ertificaci\u00f3n, servicios de cadena de suministro, gesti\u00f3n del paisaje y promoci\u00f3n. En 2021, m\u00e1s de 6 millones de hect\u00e1reas de tierras agr\u00edcolas fueron certificadas seg\u00fan los est\u00e1ndares de Rainforest Alliance o UTZ y 4 millones de agricultores y trabajadores agr\u00edcolas participaron en <\/span><span class=\"x_NormalTextRun x_SCXW211764643 x_BCX0 x_ContentPasted1\">estos <\/span><span class=\"x_NormalTextRun x_SCXW211764643 x_BCX0 x_ContentPasted1\">los programas de certificaci\u00f3n, que est\u00e1n dise\u00f1ados para mejorar la sostenibilidad econ\u00f3mica, ambiental y social.<\/span><\/span><span class=\"x_EOP x_SCXW211764643 x_BCX0 x_ContentPasted1\" data-ccp-props=\"{&quot;201341983&quot;:0,&quot;335551550&quot;:6,&quot;335551620&quot;:6,&quot;335559739&quot;:0,&quot;335559740&quot;:240}\">\u00a0<\/span><\/p>\n<\/div>\n<div class=\"x_OutlineElement x_Ltr x_SCXW211764643 x_BCX0\">\n<p class=\"x_Paragraph x_SCXW211764643 x_BCX0\"><span class=\"x_EOP x_SCXW211764643 x_BCX0 x_ContentPasted1\" data-ccp-props=\"{&quot;201341983&quot;:0,&quot;335551550&quot;:6,&quot;335551620&quot;:6,&quot;335559739&quot;:0,&quot;335559740&quot;:240}\">\u00a0<\/span><\/p>\n<\/div>\n<div class=\"x_OutlineElement x_Ltr x_SCXW211764643 x_BCX0\">\n<p class=\"x_Paragraph x_SCXW211764643 x_BCX0\"><strong><span class=\"x_TextRun x_MacChromeBold x_SCXW211764643 x_BCX0\" lang=\"ES\" data-contrast=\"none\"><span class=\"x_NormalTextRun x_SCXW211764643 x_BCX0 x_ContentPasted1\">Acerca del Foro Global de Paisajes<\/span><\/span><span class=\"x_EOP x_SCXW211764643 x_BCX0 x_ContentPasted1\" data-ccp-props=\"{&quot;201341983&quot;:0,&quot;335551550&quot;:6,&quot;335551620&quot;:6,&quot;335559739&quot;:0,&quot;335559740&quot;:240}\">\u00a0<\/span><\/strong><\/p>\n<\/div>\n<div class=\"x_OutlineElement x_Ltr x_SCXW211764643 x_BCX0\">\n<p class=\"x_Paragraph x_SCXW211764643 x_BCX0\"><span class=\"x_TextRun x_SCXW211764643 x_BCX0\" lang=\"ES\" data-contrast=\"none\"><span class=\"x_NormalTextRun x_SCXW211764643 x_BCX0 x_ContentPasted1\">El\u00a0<\/span><\/span><a class=\"x_Hyperlink x_SCXW211764643 x_BCX0 x_ContentPasted1\" title=\"https:\/\/www.globallandscapesforum.org\/\" contenteditable=\"false\" href=\"https:\/\/www.globallandscapesforum.org\/\" target=\"_blank\" rel=\"noreferrer noopener\"><span class=\"x_TextRun x_Underlined x_SCXW211764643 x_BCX0\" lang=\"EN-CA\" data-contrast=\"none\"><span class=\"x_NormalTextRun x_SCXW211764643 x_BCX0\" data-ccp-charstyle=\"Hyperlink\">Global Landscapes Forum (GLF)<\/span><\/span><\/a><span class=\"x_TextRun x_SCXW211764643 x_BCX0\" lang=\"ES\" data-contrast=\"none\"><span class=\"x_NormalTextRun x_SCXW211764643 x_BCX0 x_ContentPasted1\">\u00a0<\/span><\/span><span class=\"x_TextRun x_SCXW211764643 x_BCX0\" lang=\"ES\" data-contrast=\"none\"><span class=\"x_NormalTextRun x_SCXW211764643 x_BCX0 x_ContentPasted1\">es la plataforma basada en el conocimiento m\u00e1s grande del mundo sobre el uso integrado de la tierra, dedicada a alcanzar los Objetivos de Desarrollo Sostenible y el Acuerdo Clim\u00e1tico de Par\u00eds. El Foro adopta un enfoque hol\u00edstico para crear paisajes sostenibles que sean productivos, pr\u00f3speros, equitativos y resilientes, y considera cinco temas cohesivos de alimentos y medios de vida, restauraci\u00f3n del paisaje, derechos, finanzas y medici\u00f3n del progreso. Est\u00e1 dirigido por el Centro para la Investigaci\u00f3n Forestal Internacional-Centro Mundial de Agrosilvicultura (CIFOR-ICRAF), en colaboraci\u00f3n con sus cofundadores PNUMA y el Banco Mundial, y sus <\/span><\/span><a class=\"x_Hyperlink x_SCXW211764643 x_BCX0 x_ContentPasted1\" title=\"https:\/\/www.globallandscapesforum.org\/about\/partners\/#charter\" contenteditable=\"false\" href=\"https:\/\/www.globallandscapesforum.org\/about\/partners\/#charter\" target=\"_blank\" rel=\"noreferrer noopener\"><span class=\"x_TextRun x_Underlined x_SCXW211764643 x_BCX0\" lang=\"ES\" data-contrast=\"none\"><span class=\"x_NormalTextRun x_SCXW211764643 x_BCX0\" data-ccp-charstyle=\"Hyperlink\">miembros fundadores<\/span><\/span><\/a><span class=\"x_TextRun x_SCXW211764643 x_BCX0\" lang=\"ES\" data-contrast=\"none\"><span class=\"x_NormalTextRun x_SCXW211764643 x_BCX0 x_ContentPasted1\">. Esta conferencia es posible gracias a nuestros<\/span><\/span><span class=\"x_TextRun x_SCXW211764643 x_BCX0\" lang=\"ES\" data-contrast=\"none\"><span class=\"x_NormalTextRun x_SCXW211764643 x_BCX0 x_ContentPasted1\">\u00a0<\/span><\/span><a class=\"x_Hyperlink x_SCXW211764643 x_BCX0 x_ContentPasted1\" title=\"https:\/\/conference.globallandscapesforum.org\/climate-2022\/partners\" contenteditable=\"false\" href=\"https:\/\/conference.globallandscapesforum.org\/climate-2022\/partners\" target=\"_blank\" rel=\"noreferrer noopener\"><span class=\"x_TextRun x_Underlined x_SCXW211764643 x_BCX0\" lang=\"ES\" data-contrast=\"none\"><span class=\"x_NormalTextRun x_SCXW211764643 x_BCX0\" data-ccp-charstyle=\"Hyperlink\">patrocinadores y socios de trabajo<\/span><\/span><\/a><span class=\"x_TextRun x_SCXW211764643 x_BCX0\" lang=\"ES\" data-contrast=\"none\"><span class=\"x_NormalTextRun x_SCXW211764643 x_BCX0 x_ContentPasted1\">.\u00a0<\/span><\/span><span class=\"x_EOP x_SCXW211764643 x_BCX0 x_ContentPasted1\" data-ccp-props=\"{&quot;201341983&quot;:0,&quot;335551550&quot;:6,&quot;335551620&quot;:6,&quot;335559739&quot;:0,&quot;335559740&quot;:240}\">\u00a0<\/span><\/p>\n<\/div>\n","protected":false},"excerpt":{"rendered":"<p>Laanzamiento de la iniciativa la Alianza para los Paisajes\u00a0con enfoque en paisajes prioritarios de la cuenca del Amazonas e Indonesia.<\/p>\n","protected":false},"author":5,"featured_media":52182,"template":"","meta":{"_acf_changed":false,"jetpack_post_was_ever_published":false,"_links_to":"","_links_to_target":""},"categories":[3997],"tags":[],"location":[],"organization":[],"news_category":[],"coauthors":[720],"class_list":["post-52219","corporate_news","type-corporate_news","status-publish","has-post-thumbnail","hentry","category-restoration-es"],"acf":[],"yoast_head":"<!-- This site is optimized with the Yoast SEO plugin v27.5 - https:\/\/yoast.com\/product\/yoast-seo-wordpress\/ -->\n<title>News: Reducir la deforestaci\u00f3n a escala a trav\u00e9s de la innovaci\u00f3n de datos, las finanzas y la inversi\u00f3n global - Global Landscapes Forum<\/title>\n<meta name=\"description\" content=\"Laanzamiento de la iniciativa la Alianza para los Paisajes\u00a0con enfoque en paisajes prioritarios de la cuenca del Amazonas e Indonesia.\" \/>\n<meta name=\"robots\" content=\"index, follow, max-snippet:-1, max-image-preview:large, max-video-preview:-1\" \/>\n<link rel=\"canonical\" href=\"https:\/\/www.globallandscapesforum.org\/es\/glf-news\/reducir-la-deforestacion-a-escala-a-traves-de-la-innovacion-de-datos-las-finanzas-y-la-inversion-global\/\" \/>\n<meta property=\"og:locale\" content=\"es_ES\" \/>\n<meta property=\"og:type\" content=\"article\" \/>\n<meta property=\"og:title\" content=\"News: Reducir la deforestaci\u00f3n a escala a trav\u00e9s de la innovaci\u00f3n de datos, las finanzas y la inversi\u00f3n global - Global Landscapes Forum\" \/>\n<meta property=\"og:description\" content=\"Laanzamiento de la iniciativa la Alianza para los Paisajes\u00a0con enfoque en paisajes prioritarios de la cuenca del Amazonas e Indonesia.\" \/>\n<meta property=\"og:url\" content=\"https:\/\/www.globallandscapesforum.org\/es\/glf-news\/reducir-la-deforestacion-a-escala-a-traves-de-la-innovacion-de-datos-las-finanzas-y-la-inversion-global\/\" \/>\n<meta property=\"og:site_name\" content=\"Global Landscapes Forum\" \/>\n<meta property=\"article:publisher\" content=\"https:\/\/www.facebook.com\/GlobalLandscapesForum\/\" \/>\n<meta property=\"article:modified_time\" content=\"2022-11-03T04:11:46+00:00\" \/>\n<meta property=\"og:image\" content=\"https:\/\/www.globallandscapesforum.org\/wp-content\/uploads\/2022\/10\/Paisaje-Lamas-2-low.jpg\" \/>\n\t<meta property=\"og:image:width\" content=\"1508\" \/>\n\t<meta property=\"og:image:height\" content=\"1005\" \/>\n\t<meta property=\"og:image:type\" content=\"image\/jpeg\" \/>\n<meta name=\"twitter:card\" content=\"summary_large_image\" \/>\n<meta name=\"twitter:site\" content=\"@globallf\" \/>\n<meta name=\"twitter:label1\" content=\"Tiempo de lectura\" \/>\n\t<meta name=\"twitter:data1\" content=\"3 minutos\" \/>\n\t<meta name=\"twitter:label2\" content=\"Written by\" \/>\n\t<meta name=\"twitter:data2\" content=\"Global Landscapes Forum AM\" \/>\n<!-- \/ Yoast SEO plugin. -->","yoast_head_json":{"title":"News: Reducir la deforestaci\u00f3n a escala a trav\u00e9s de la innovaci\u00f3n de datos, las finanzas y la inversi\u00f3n global - Global Landscapes Forum","description":"Laanzamiento de la iniciativa la Alianza para los Paisajes\u00a0con enfoque en paisajes prioritarios de la cuenca del Amazonas e Indonesia.","robots":{"index":"index","follow":"follow","max-snippet":"max-snippet:-1","max-image-preview":"max-image-preview:large","max-video-preview":"max-video-preview:-1"},"canonical":"https:\/\/www.globallandscapesforum.org\/es\/glf-news\/reducir-la-deforestacion-a-escala-a-traves-de-la-innovacion-de-datos-las-finanzas-y-la-inversion-global\/","og_locale":"es_ES","og_type":"article","og_title":"News: Reducir la deforestaci\u00f3n a escala a trav\u00e9s de la innovaci\u00f3n de datos, las finanzas y la inversi\u00f3n global - Global Landscapes Forum","og_description":"Laanzamiento de la iniciativa la Alianza para los Paisajes\u00a0con enfoque en paisajes prioritarios de la cuenca del Amazonas e Indonesia.","og_url":"https:\/\/www.globallandscapesforum.org\/es\/glf-news\/reducir-la-deforestacion-a-escala-a-traves-de-la-innovacion-de-datos-las-finanzas-y-la-inversion-global\/","og_site_name":"Global Landscapes Forum","article_publisher":"https:\/\/www.facebook.com\/GlobalLandscapesForum\/","article_modified_time":"2022-11-03T04:11:46+00:00","og_image":[{"width":1508,"height":1005,"url":"https:\/\/www.globallandscapesforum.org\/wp-content\/uploads\/2022\/10\/Paisaje-Lamas-2-low.jpg","type":"image\/jpeg"}],"twitter_card":"summary_large_image","twitter_site":"@globallf","twitter_misc":{"Tiempo de lectura":"3 minutos","Written by":"Global Landscapes Forum AM"},"schema":{"@context":"https:\/\/schema.org","@graph":[{"@type":"WebPage","@id":"https:\/\/www.globallandscapesforum.org\/es\/glf-news\/reducir-la-deforestacion-a-escala-a-traves-de-la-innovacion-de-datos-las-finanzas-y-la-inversion-global\/","url":"https:\/\/www.globallandscapesforum.org\/es\/glf-news\/reducir-la-deforestacion-a-escala-a-traves-de-la-innovacion-de-datos-las-finanzas-y-la-inversion-global\/","name":"News: Reducir la deforestaci\u00f3n a escala a trav\u00e9s de la innovaci\u00f3n de datos, las finanzas y la inversi\u00f3n global - Global Landscapes Forum","isPartOf":{"@id":"https:\/\/www.globallandscapesforum.org\/#website"},"primaryImageOfPage":{"@id":"https:\/\/www.globallandscapesforum.org\/es\/glf-news\/reducir-la-deforestacion-a-escala-a-traves-de-la-innovacion-de-datos-las-finanzas-y-la-inversion-global\/#primaryimage"},"image":{"@id":"https:\/\/www.globallandscapesforum.org\/es\/glf-news\/reducir-la-deforestacion-a-escala-a-traves-de-la-innovacion-de-datos-las-finanzas-y-la-inversion-global\/#primaryimage"},"thumbnailUrl":"https:\/\/i0.wp.com\/www.globallandscapesforum.org\/wp-content\/uploads\/2022\/10\/Paisaje-Lamas-2-low.jpg?fit=1508%2C1005&ssl=1","datePublished":"2022-11-01T02:23:56+00:00","dateModified":"2022-11-03T04:11:46+00:00","description":"Laanzamiento de la iniciativa la Alianza para los Paisajes\u00a0con enfoque en paisajes prioritarios de la cuenca del Amazonas e Indonesia.","breadcrumb":{"@id":"https:\/\/www.globallandscapesforum.org\/es\/glf-news\/reducir-la-deforestacion-a-escala-a-traves-de-la-innovacion-de-datos-las-finanzas-y-la-inversion-global\/#breadcrumb"},"inLanguage":"es","potentialAction":[{"@type":"ReadAction","target":["https:\/\/www.globallandscapesforum.org\/es\/glf-news\/reducir-la-deforestacion-a-escala-a-traves-de-la-innovacion-de-datos-las-finanzas-y-la-inversion-global\/"]}]},{"@type":"ImageObject","inLanguage":"es","@id":"https:\/\/www.globallandscapesforum.org\/es\/glf-news\/reducir-la-deforestacion-a-escala-a-traves-de-la-innovacion-de-datos-las-finanzas-y-la-inversion-global\/#primaryimage","url":"https:\/\/i0.wp.com\/www.globallandscapesforum.org\/wp-content\/uploads\/2022\/10\/Paisaje-Lamas-2-low.jpg?fit=1508%2C1005&ssl=1","contentUrl":"https:\/\/i0.wp.com\/www.globallandscapesforum.org\/wp-content\/uploads\/2022\/10\/Paisaje-Lamas-2-low.jpg?fit=1508%2C1005&ssl=1","width":1508,"height":1005},{"@type":"BreadcrumbList","@id":"https:\/\/www.globallandscapesforum.org\/es\/glf-news\/reducir-la-deforestacion-a-escala-a-traves-de-la-innovacion-de-datos-las-finanzas-y-la-inversion-global\/#breadcrumb","itemListElement":[{"@type":"ListItem","position":1,"name":"Home","item":"https:\/\/www.globallandscapesforum.org\/"},{"@type":"ListItem","position":2,"name":"GLF News","item":"https:\/\/www.globallandscapesforum.org\/glf-news\/"},{"@type":"ListItem","position":3,"name":"Reducir la deforestaci\u00f3n a escala a trav\u00e9s de la innovaci\u00f3n de datos, las finanzas y la inversi\u00f3n global"}]},{"@type":"WebSite","@id":"https:\/\/www.globallandscapesforum.org\/#website","url":"https:\/\/www.globallandscapesforum.org\/","name":"Global Landscapes Forum","description":"Connect, learn and share","publisher":{"@id":"https:\/\/www.globallandscapesforum.org\/#organization"},"potentialAction":[{"@type":"SearchAction","target":{"@type":"EntryPoint","urlTemplate":"https:\/\/www.globallandscapesforum.org\/?s={search_term_string}"},"query-input":{"@type":"PropertyValueSpecification","valueRequired":true,"valueName":"search_term_string"}}],"inLanguage":"es"},{"@type":"Organization","@id":"https:\/\/www.globallandscapesforum.org\/#organization","name":"Global Landscapes Forum","url":"https:\/\/www.globallandscapesforum.org\/","logo":{"@type":"ImageObject","inLanguage":"es","@id":"https:\/\/www.globallandscapesforum.org\/#\/schema\/logo\/image\/","url":"https:\/\/i0.wp.com\/www.globallandscapesforum.org\/wp-content\/uploads\/2018\/02\/logo_glf.png?fit=63%2C60&ssl=1","contentUrl":"https:\/\/i0.wp.com\/www.globallandscapesforum.org\/wp-content\/uploads\/2018\/02\/logo_glf.png?fit=63%2C60&ssl=1","width":63,"height":60,"caption":"Global Landscapes Forum"},"image":{"@id":"https:\/\/www.globallandscapesforum.org\/#\/schema\/logo\/image\/"},"sameAs":["https:\/\/www.facebook.com\/GlobalLandscapesForum\/","https:\/\/x.com\/globallf","https:\/\/www.instagram.com\/globallandscapesforum\/","https:\/\/www.linkedin.com\/company\/globallandscapesforum","https:\/\/www.youtube.com\/globallandscapesforum"]}]}},"jetpack_sharing_enabled":true,"_links":{"self":[{"href":"https:\/\/www.globallandscapesforum.org\/es\/wp-json\/wp\/v2\/corporate_news\/52219","targetHints":{"allow":["GET"]}}],"collection":[{"href":"https:\/\/www.globallandscapesforum.org\/es\/wp-json\/wp\/v2\/corporate_news"}],"about":[{"href":"https:\/\/www.globallandscapesforum.org\/es\/wp-json\/wp\/v2\/types\/corporate_news"}],"author":[{"embeddable":true,"href":"https:\/\/www.globallandscapesforum.org\/es\/wp-json\/wp\/v2\/users\/5"}],"version-history":[{"count":0,"href":"https:\/\/www.globallandscapesforum.org\/es\/wp-json\/wp\/v2\/corporate_news\/52219\/revisions"}],"wp:featuredmedia":[{"embeddable":true,"href":"https:\/\/www.globallandscapesforum.org\/es\/wp-json\/wp\/v2\/media\/52182"}],"wp:attachment":[{"href":"https:\/\/www.globallandscapesforum.org\/es\/wp-json\/wp\/v2\/media?parent=52219"}],"wp:term":[{"taxonomy":"category","embeddable":true,"href":"https:\/\/www.globallandscapesforum.org\/es\/wp-json\/wp\/v2\/categories?post=52219"},{"taxonomy":"post_tag","embeddable":true,"href":"https:\/\/www.globallandscapesforum.org\/es\/wp-json\/wp\/v2\/tags?post=52219"},{"taxonomy":"location","embeddable":true,"href":"https:\/\/www.globallandscapesforum.org\/es\/wp-json\/wp\/v2\/location?post=52219"},{"taxonomy":"organization","embeddable":true,"href":"https:\/\/www.globallandscapesforum.org\/es\/wp-json\/wp\/v2\/organization?post=52219"},{"taxonomy":"news_category","embeddable":true,"href":"https:\/\/www.globallandscapesforum.org\/es\/wp-json\/wp\/v2\/news_category?post=52219"},{"taxonomy":"author","embeddable":true,"href":"https:\/\/www.globallandscapesforum.org\/es\/wp-json\/wp\/v2\/coauthors?post=52219"}],"curies":[{"name":"wp","href":"https:\/\/api.w.org\/{rel}","templated":true}]}}