{"id":56672,"date":"2023-02-27T14:21:01","date_gmt":"2023-02-27T07:21:01","guid":{"rendered":"https:\/\/www.globallandscapesforum.org\/?post_type=corporate_news&#038;p=56672"},"modified":"2023-02-27T14:45:57","modified_gmt":"2023-02-27T07:45:57","slug":"sector-financiero-se-reune-para-acelerar-inversion-en-accion-climatica","status":"publish","type":"corporate_news","link":"https:\/\/www.globallandscapesforum.org\/es\/glf-news\/sector-financiero-se-reune-para-acelerar-inversion-en-accion-climatica\/","title":{"rendered":"Sector financiero se re\u00fane para acelerar inversi\u00f3n en acci\u00f3n clim\u00e1tica"},"content":{"rendered":"<p><a href=\"https:\/\/www.globallandscapesforum.org\/glf-news\/financiers-meet-to-catalyze-investment-in-climate-action-worldwide\/\" target=\"_blank\" rel=\"noopener\">English<\/a> | <a href=\"https:\/\/www.globallandscapesforum.org\/fr\/glf-news\/secteur-financier-se-reunit-pour-favoriser-linvestissement-dans-laction-climatique-mondiale\/\" target=\"_blank\" rel=\"noopener\">Fran\u00e7ais<\/a><\/p>\n<p><em>En marzo, inversores y actores locales se congregan en Luxemburgo y en l\u00ednea para estimular la financiaci\u00f3n de proyectos comunitarios en todo el mundo. <\/em><\/p>\n<p>BONN, Alemania (Febrero de 2023) \u2013 El impacto de la degradaci\u00f3n medioambiental no tiene fronteras, por lo que se insta a sectores y comunidades de todo el mundo a generar un cambio por el bien del planeta y de la humanidad. El 7 de marzo de 2023, en el 6\u00ba Simposio del Caso de Inversi\u00f3n GLF: &#8220;<a href=\"https:\/\/conference.globallandscapesforum.org\/6th-investment-case-symposium\/\" target=\"_blank\" rel=\"noopener\">GLF-Luxemburgo Financiaci\u00f3n para la Naturaleza: \u00bfQu\u00e9 sigue?<\/a>&#8220;, el sector financiero y actores locales explorar\u00e1n c\u00f3mo canalizar una mayor inversi\u00f3n hacia soluciones innovadoras, desarrolladas en los pa\u00edses que sufren en mayor medida y m\u00e1s tempranamente los impactos de las crisis clim\u00e1tica y de biodiversidad.<\/p>\n<p>El simposio mostrar\u00e1 c\u00f3mo el sector financiero puede ser parte de la soluci\u00f3n. Inversores, guardianes de la tierra, innovadores, l\u00edderes ind\u00edgenas y pol\u00edticos, cient\u00edficos y otros actores debatir\u00e1n proyectos e ideas para el presente y el futuro de las finanzas sostenibles, desde cuatro \u00e1ngulos: normas y monitoreo del impacto, cadenas de valor sostenibles, innovaciones para las finanzas comunitarias y financiaci\u00f3n combinada.<\/p>\n<p>Participe en este encuentro de un d\u00eda de duraci\u00f3n -junto a alrededor de 3000 participantes en l\u00ednea y cientos en persona- y ayude a reducir la brecha financiera entre inversores y proyectos locales que abordan la deforestaci\u00f3n, la restauraci\u00f3n del paisaje, la agroforester\u00eda, la biodiversidad y la agricultura, entre otros.<\/p>\n<p><strong>QU\u00c9:<\/strong> presentaci\u00f3n de proyectos innovadores y sesiones de expertos, plenarias y para hacer contactos, interpretadas simult\u00e1neamente en espa\u00f1ol, ingl\u00e9s y franc\u00e9s. Conozca m\u00e1s en la <a href=\"https:\/\/conference.globallandscapesforum.org\/6th-investment-case-symposium\/sessions\" target=\"_blank\" rel=\"noopener\">agenda<\/a>.<br \/>\n<strong>CU\u00c1NDO:<\/strong> maters 7 de marzo de 2023<br \/>\n<strong>D\u00d3NDE:<\/strong> en l\u00ednea y en Luxembourg. Reg\u00edstrese <a href=\"https:\/\/conference.globallandscapesforum.org\/6th-investment-case-symposium\/registration\/purchase\" target=\"_blank\" rel=\"noopener\">aqu\u00ed<\/a><br \/>\n<strong>QUI\u00c9NES:<\/strong> oradores expertos de todo el mundo. Desc\u00fabralos <a href=\"https:\/\/conference.globallandscapesforum.org\/6th-investment-case-symposium\/speakers\" target=\"_blank\" rel=\"noopener\">aqu\u00ed<\/a><\/p>\n<p style=\"text-align: center;\">###<\/p>\n<p><strong>NOTAS PARA LOS EDITORES<\/strong><\/p>\n<ul style=\"margin-bottom: 40px;\">\n<li><strong>Aplique <a href=\"https:\/\/cmedia089988.typeform.com\/to\/ehP0kKKy\" target=\"_blank\" rel=\"noopener\">aqu\u00ed<\/a> por su acreditaci\u00f3n de medios para el simposio.<\/strong><\/li>\n<li>Para m\u00e1s informaci\u00f3n o solicitar entrevistas con <a href=\"https:\/\/conference.globallandscapesforum.org\/6th-investment-case-symposium\/speakers\" target=\"_blank\" rel=\"noopener\">oradores expertos<\/a> o <a href=\"https:\/\/conference.globallandscapesforum.org\/6th-investment-case-symposium\/partners\" target=\"_blank\" rel=\"noopener\">entidades organizadoras<\/a>, contacte a Kelly Quintero (<a href=\"mailto:k.quintero@cifor-icraf.org\">k.quintero@cifor-icraf.org<\/a>).<\/li>\n<li>Encuentre material para medios en la <a href=\"https:\/\/events.globallandscapesforum.org\/6th-glf-investment-case-symposium\/newsroom\/\" target=\"_blank\" rel=\"noopener\">sala de prensa<\/a>, que incluye un <a href=\"https:\/\/trello.com\/b\/ydvjF2Cb\/glf-luxembourg-finance-for-nature-2023-social-media-toolkit\" target=\"_blank\" rel=\"noopener\">tablero Trello<\/a> con videos, recursos para redes sociales y contenido adicional para publicaci\u00f3n.<\/li>\n<\/ul>\n<p><strong>Sobre el GLF<\/strong><br \/>\nEl Global Landscapes Forum (GLF) es la plataforma basada en conocimiento m\u00e1s grande del mundo sobre el uso integrado de la tierra, que conecta personas con una visi\u00f3n compartida sobre la creaci\u00f3n de paisajes productivos, rentables, equitativos y resilientes. El GLF es dirigido por el Centro para la Investigaci\u00f3n Forestal Internacional-Centro Mundial de Agrosilvicultura (CIFOR-ICRAF), en colaboraci\u00f3n con sus cofundadores PNUMA y el Banco Mundial, y sus <a href=\"https:\/\/www.globallandscapesforum.org\/about\/partners\/#charter\" target=\"_blank\" rel=\"noopener\">miembros fundadores<\/a>. Conozca m\u00e1s en <a href=\"https:\/\/www.globallandscapesforum.org\/\" target=\"_blank\" rel=\"noopener\">www.globallandscapesforum.org<\/a>.<\/p>\n","protected":false},"excerpt":{"rendered":"<p>El impacto de la degradaci\u00f3n medioambiental no tiene fronteras, por lo que se insta a sectores y comunidades de todo el mundo a generar un cambio por el bien del planeta y de la humanidad. El 7 de marzo de 2023, en el 6\u00ba Simposio del Caso de Inversi\u00f3n GLF: &#8220;GLF-Luxemburgo Financiaci\u00f3n para la Naturaleza: \u00bfQu\u00e9 sigue?&#8221;, el sector financiero y actores locales explorar\u00e1n c\u00f3mo canalizar una mayor inversi\u00f3n hacia soluciones innovadoras, desarrolladas en los pa\u00edses que sufren en mayor medida y m\u00e1s tempranamente los impactos de las crisis clim\u00e1tica y de biodiversidad. <\/p>\n","protected":false},"author":7,"featured_media":56661,"template":"","meta":{"_acf_changed":false,"jetpack_post_was_ever_published":false,"_links_to":"","_links_to_target":""},"categories":[3994,3996],"tags":[],"location":[],"organization":[],"news_category":[4041],"coauthors":[813],"class_list":["post-56672","corporate_news","type-corporate_news","status-publish","has-post-thumbnail","hentry","category-finance-es","category-measuring-progress-es","story_type-news","news_category-press-release-es","event-glf-luxembourg-2023"],"acf":[],"yoast_head":"<!-- This site is optimized with the Yoast SEO plugin v27.5 - https:\/\/yoast.com\/product\/yoast-seo-wordpress\/ -->\n<title>News: Sector financiero se re\u00fane para acelerar inversi\u00f3n en acci\u00f3n clim\u00e1tica - Global Landscapes Forum<\/title>\n<meta name=\"description\" content=\"El impacto de la degradaci\u00f3n medioambiental no tiene fronteras, por lo que se insta a sectores y comunidades de todo el mundo a generar un cambio por\" \/>\n<meta name=\"robots\" content=\"index, follow, max-snippet:-1, max-image-preview:large, max-video-preview:-1\" \/>\n<link rel=\"canonical\" href=\"https:\/\/www.globallandscapesforum.org\/es\/glf-news\/sector-financiero-se-reune-para-acelerar-inversion-en-accion-climatica\/\" \/>\n<meta property=\"og:locale\" content=\"es_ES\" \/>\n<meta property=\"og:type\" content=\"article\" \/>\n<meta property=\"og:title\" content=\"News: Sector financiero se re\u00fane para acelerar inversi\u00f3n en acci\u00f3n clim\u00e1tica - Global Landscapes Forum\" \/>\n<meta property=\"og:description\" content=\"El impacto de la degradaci\u00f3n medioambiental no tiene fronteras, por lo que se insta a sectores y comunidades de todo el mundo a generar un cambio por el bien del planeta y de la humanidad. El 7 de marzo de 2023, en el 6\u00ba Simposio del Caso de Inversi\u00f3n GLF: &quot;GLF-Luxemburgo Financiaci\u00f3n para la Naturaleza: \u00bfQu\u00e9 sigue?&quot;, el sector financiero y actores locales explorar\u00e1n c\u00f3mo canalizar una mayor inversi\u00f3n hacia soluciones innovadoras, desarrolladas en los pa\u00edses que sufren en mayor medida y m\u00e1s tempranamente los impactos de las crisis clim\u00e1tica y de biodiversidad.\" \/>\n<meta property=\"og:url\" content=\"https:\/\/www.globallandscapesforum.org\/es\/glf-news\/sector-financiero-se-reune-para-acelerar-inversion-en-accion-climatica\/\" \/>\n<meta property=\"og:site_name\" content=\"Global Landscapes Forum\" \/>\n<meta property=\"article:publisher\" content=\"https:\/\/www.facebook.com\/GlobalLandscapesForum\/\" \/>\n<meta property=\"article:modified_time\" content=\"2023-02-27T07:45:57+00:00\" \/>\n<meta property=\"og:image\" content=\"https:\/\/www.globallandscapesforum.org\/wp-content\/uploads\/2023\/02\/GLFInvCase2023_pic.jpg\" \/>\n\t<meta property=\"og:image:width\" content=\"1200\" \/>\n\t<meta property=\"og:image:height\" content=\"675\" \/>\n\t<meta property=\"og:image:type\" content=\"image\/jpeg\" \/>\n<meta name=\"twitter:card\" content=\"summary_large_image\" \/>\n<meta name=\"twitter:site\" content=\"@globallf\" \/>\n<meta name=\"twitter:label1\" content=\"Tiempo de lectura\" \/>\n\t<meta name=\"twitter:data1\" content=\"2 minutos\" \/>\n\t<meta name=\"twitter:label2\" content=\"Written by\" \/>\n\t<meta name=\"twitter:data2\" content=\"Global Landscapes Forum AR\" \/>\n<!-- \/ Yoast SEO plugin. -->","yoast_head_json":{"title":"News: Sector financiero se re\u00fane para acelerar inversi\u00f3n en acci\u00f3n clim\u00e1tica - Global Landscapes Forum","description":"El impacto de la degradaci\u00f3n medioambiental no tiene fronteras, por lo que se insta a sectores y comunidades de todo el mundo a generar un cambio por","robots":{"index":"index","follow":"follow","max-snippet":"max-snippet:-1","max-image-preview":"max-image-preview:large","max-video-preview":"max-video-preview:-1"},"canonical":"https:\/\/www.globallandscapesforum.org\/es\/glf-news\/sector-financiero-se-reune-para-acelerar-inversion-en-accion-climatica\/","og_locale":"es_ES","og_type":"article","og_title":"News: Sector financiero se re\u00fane para acelerar inversi\u00f3n en acci\u00f3n clim\u00e1tica - Global Landscapes Forum","og_description":"El impacto de la degradaci\u00f3n medioambiental no tiene fronteras, por lo que se insta a sectores y comunidades de todo el mundo a generar un cambio por el bien del planeta y de la humanidad. El 7 de marzo de 2023, en el 6\u00ba Simposio del Caso de Inversi\u00f3n GLF: \"GLF-Luxemburgo Financiaci\u00f3n para la Naturaleza: \u00bfQu\u00e9 sigue?\", el sector financiero y actores locales explorar\u00e1n c\u00f3mo canalizar una mayor inversi\u00f3n hacia soluciones innovadoras, desarrolladas en los pa\u00edses que sufren en mayor medida y m\u00e1s tempranamente los impactos de las crisis clim\u00e1tica y de biodiversidad.","og_url":"https:\/\/www.globallandscapesforum.org\/es\/glf-news\/sector-financiero-se-reune-para-acelerar-inversion-en-accion-climatica\/","og_site_name":"Global Landscapes Forum","article_publisher":"https:\/\/www.facebook.com\/GlobalLandscapesForum\/","article_modified_time":"2023-02-27T07:45:57+00:00","og_image":[{"width":1200,"height":675,"url":"https:\/\/www.globallandscapesforum.org\/wp-content\/uploads\/2023\/02\/GLFInvCase2023_pic.jpg","type":"image\/jpeg"}],"twitter_card":"summary_large_image","twitter_site":"@globallf","twitter_misc":{"Tiempo de lectura":"2 minutos","Written by":"Global Landscapes Forum AR"},"schema":{"@context":"https:\/\/schema.org","@graph":[{"@type":"WebPage","@id":"https:\/\/www.globallandscapesforum.org\/es\/glf-news\/sector-financiero-se-reune-para-acelerar-inversion-en-accion-climatica\/","url":"https:\/\/www.globallandscapesforum.org\/es\/glf-news\/sector-financiero-se-reune-para-acelerar-inversion-en-accion-climatica\/","name":"News: Sector financiero se re\u00fane para acelerar inversi\u00f3n en acci\u00f3n clim\u00e1tica - Global Landscapes Forum","isPartOf":{"@id":"https:\/\/www.globallandscapesforum.org\/#website"},"primaryImageOfPage":{"@id":"https:\/\/www.globallandscapesforum.org\/es\/glf-news\/sector-financiero-se-reune-para-acelerar-inversion-en-accion-climatica\/#primaryimage"},"image":{"@id":"https:\/\/www.globallandscapesforum.org\/es\/glf-news\/sector-financiero-se-reune-para-acelerar-inversion-en-accion-climatica\/#primaryimage"},"thumbnailUrl":"https:\/\/i0.wp.com\/www.globallandscapesforum.org\/wp-content\/uploads\/2023\/02\/GLFInvCase2023_pic.jpg?fit=1200%2C675&ssl=1","datePublished":"2023-02-27T07:21:01+00:00","dateModified":"2023-02-27T07:45:57+00:00","description":"El impacto de la degradaci\u00f3n medioambiental no tiene fronteras, por lo que se insta a sectores y comunidades de todo el mundo a generar un cambio por el bien del planeta y de la humanidad. El 7 de marzo de 2023, en el 6\u00ba Simposio del Caso de Inversi\u00f3n GLF: \"GLF-Luxemburgo Financiaci\u00f3n para la Naturaleza: \u00bfQu\u00e9 sigue?\", el sector financiero y actores locales explorar\u00e1n c\u00f3mo canalizar una mayor inversi\u00f3n hacia soluciones innovadoras, desarrolladas en los pa\u00edses que sufren en mayor medida y m\u00e1s tempranamente los impactos de las crisis clim\u00e1tica y de biodiversidad.","breadcrumb":{"@id":"https:\/\/www.globallandscapesforum.org\/es\/glf-news\/sector-financiero-se-reune-para-acelerar-inversion-en-accion-climatica\/#breadcrumb"},"inLanguage":"es","potentialAction":[{"@type":"ReadAction","target":["https:\/\/www.globallandscapesforum.org\/es\/glf-news\/sector-financiero-se-reune-para-acelerar-inversion-en-accion-climatica\/"]}]},{"@type":"ImageObject","inLanguage":"es","@id":"https:\/\/www.globallandscapesforum.org\/es\/glf-news\/sector-financiero-se-reune-para-acelerar-inversion-en-accion-climatica\/#primaryimage","url":"https:\/\/i0.wp.com\/www.globallandscapesforum.org\/wp-content\/uploads\/2023\/02\/GLFInvCase2023_pic.jpg?fit=1200%2C675&ssl=1","contentUrl":"https:\/\/i0.wp.com\/www.globallandscapesforum.org\/wp-content\/uploads\/2023\/02\/GLFInvCase2023_pic.jpg?fit=1200%2C675&ssl=1","width":1200,"height":675},{"@type":"BreadcrumbList","@id":"https:\/\/www.globallandscapesforum.org\/es\/glf-news\/sector-financiero-se-reune-para-acelerar-inversion-en-accion-climatica\/#breadcrumb","itemListElement":[{"@type":"ListItem","position":1,"name":"Home","item":"https:\/\/www.globallandscapesforum.org\/"},{"@type":"ListItem","position":2,"name":"GLF News","item":"https:\/\/www.globallandscapesforum.org\/glf-news\/"},{"@type":"ListItem","position":3,"name":"Sector financiero se re\u00fane para acelerar inversi\u00f3n en acci\u00f3n clim\u00e1tica"}]},{"@type":"WebSite","@id":"https:\/\/www.globallandscapesforum.org\/#website","url":"https:\/\/www.globallandscapesforum.org\/","name":"Global Landscapes Forum","description":"Connect, learn and share","publisher":{"@id":"https:\/\/www.globallandscapesforum.org\/#organization"},"potentialAction":[{"@type":"SearchAction","target":{"@type":"EntryPoint","urlTemplate":"https:\/\/www.globallandscapesforum.org\/?s={search_term_string}"},"query-input":{"@type":"PropertyValueSpecification","valueRequired":true,"valueName":"search_term_string"}}],"inLanguage":"es"},{"@type":"Organization","@id":"https:\/\/www.globallandscapesforum.org\/#organization","name":"Global Landscapes Forum","url":"https:\/\/www.globallandscapesforum.org\/","logo":{"@type":"ImageObject","inLanguage":"es","@id":"https:\/\/www.globallandscapesforum.org\/#\/schema\/logo\/image\/","url":"https:\/\/i0.wp.com\/www.globallandscapesforum.org\/wp-content\/uploads\/2018\/02\/logo_glf.png?fit=63%2C60&ssl=1","contentUrl":"https:\/\/i0.wp.com\/www.globallandscapesforum.org\/wp-content\/uploads\/2018\/02\/logo_glf.png?fit=63%2C60&ssl=1","width":63,"height":60,"caption":"Global Landscapes Forum"},"image":{"@id":"https:\/\/www.globallandscapesforum.org\/#\/schema\/logo\/image\/"},"sameAs":["https:\/\/www.facebook.com\/GlobalLandscapesForum\/","https:\/\/x.com\/globallf","https:\/\/www.instagram.com\/globallandscapesforum\/","https:\/\/www.linkedin.com\/company\/globallandscapesforum","https:\/\/www.youtube.com\/globallandscapesforum"]}]}},"jetpack_sharing_enabled":true,"_links":{"self":[{"href":"https:\/\/www.globallandscapesforum.org\/es\/wp-json\/wp\/v2\/corporate_news\/56672","targetHints":{"allow":["GET"]}}],"collection":[{"href":"https:\/\/www.globallandscapesforum.org\/es\/wp-json\/wp\/v2\/corporate_news"}],"about":[{"href":"https:\/\/www.globallandscapesforum.org\/es\/wp-json\/wp\/v2\/types\/corporate_news"}],"author":[{"embeddable":true,"href":"https:\/\/www.globallandscapesforum.org\/es\/wp-json\/wp\/v2\/users\/7"}],"version-history":[{"count":0,"href":"https:\/\/www.globallandscapesforum.org\/es\/wp-json\/wp\/v2\/corporate_news\/56672\/revisions"}],"wp:featuredmedia":[{"embeddable":true,"href":"https:\/\/www.globallandscapesforum.org\/es\/wp-json\/wp\/v2\/media\/56661"}],"wp:attachment":[{"href":"https:\/\/www.globallandscapesforum.org\/es\/wp-json\/wp\/v2\/media?parent=56672"}],"wp:term":[{"taxonomy":"category","embeddable":true,"href":"https:\/\/www.globallandscapesforum.org\/es\/wp-json\/wp\/v2\/categories?post=56672"},{"taxonomy":"post_tag","embeddable":true,"href":"https:\/\/www.globallandscapesforum.org\/es\/wp-json\/wp\/v2\/tags?post=56672"},{"taxonomy":"location","embeddable":true,"href":"https:\/\/www.globallandscapesforum.org\/es\/wp-json\/wp\/v2\/location?post=56672"},{"taxonomy":"organization","embeddable":true,"href":"https:\/\/www.globallandscapesforum.org\/es\/wp-json\/wp\/v2\/organization?post=56672"},{"taxonomy":"news_category","embeddable":true,"href":"https:\/\/www.globallandscapesforum.org\/es\/wp-json\/wp\/v2\/news_category?post=56672"},{"taxonomy":"author","embeddable":true,"href":"https:\/\/www.globallandscapesforum.org\/es\/wp-json\/wp\/v2\/coauthors?post=56672"}],"curies":[{"name":"wp","href":"https:\/\/api.w.org\/{rel}","templated":true}]}}