{"id":61671,"date":"2023-10-12T15:20:52","date_gmt":"2023-10-12T08:20:52","guid":{"rendered":"https:\/\/www.globallandscapesforum.org\/?post_type=corporate_news&#038;p=61671"},"modified":"2023-10-24T13:45:08","modified_gmt":"2023-10-24T06:45:08","slug":"es-imperativo-y-posible-mantenernos-dentro-de-los-limites-planetarios","status":"publish","type":"corporate_news","link":"https:\/\/www.globallandscapesforum.org\/es\/glf-news\/es-imperativo-y-posible-mantenernos-dentro-de-los-limites-planetarios\/","title":{"rendered":"Es imperativo -y posible- mantenernos dentro de los l\u00edmites planetarios"},"content":{"rendered":"<p><a href=\"https:\/\/www.globallandscapesforum.org\/glf-news\/staying-within-planetary-boundaries-is-imperative-and-possible\/\">English<\/a> | <a href=\"https:\/\/www.globallandscapesforum.org\/fr\/glf-news\/rester-dans-les-limites-planetaires-est-indispensable-et-possible\/\" rel=\"noopener\">Fran\u00e7ais<\/a><\/p>\n<p><strong>Nairobi, Kenia (12 de octubre de 2023)<\/strong> &#8211; Hoy, en la conferencia mundial <a href=\"https:\/\/conference.globallandscapesforum.org\/nairobi-2023\" target=\"_blank\" rel=\"noopener\">GLF Nairobi 2023: Una nueva visi\u00f3n para la Tierra<\/a>, m\u00e1s de 7200 destacados cient\u00edficos, activistas, l\u00edderes ind\u00edgenas, financistas, mujeres, j\u00f3venes, responsables pol\u00edticos, el sector privado y 235 oradores se reunieron en Nairobi y en l\u00ednea, desde 130 pa\u00edses. Exploraron soluciones locales a la crisis clim\u00e1tica mundial previo a la Conferencia de las Partes 2023 (COP28), de la Convenci\u00f3n Marco de las Naciones Unidas sobre el Cambio Clim\u00e1tico (CMNUCC).<\/p>\n<p>&#8220;Cada fracci\u00f3n de cada grado importa. Mientras m\u00e1s pronto podamos implementar soluciones al cambio clim\u00e1tico, m\u00e1s pronto podremos evitar tanto p\u00e9rdidas irreversibles como llegar a umbrales clim\u00e1ticos cr\u00edticos&#8221;, dijo <strong>\u00c9liane Ubalijoro<\/strong>, CEO de CIFOR-ICRAF. &#8220;Necesitamos adoptar una perspectiva de justicia y pensar en c\u00f3mo descolonizar nuestros ecosistemas y c\u00f3mo sanar nuestra relaci\u00f3n con la tierra&#8221;.<\/p>\n<p>&#8220;Vivimos, en efecto, un momento hist\u00f3rico en el curso de la humanidad, en el que los ideales que nos trajeron hasta aqu\u00ed est\u00e1n resultando insuficientes para que podamos continuar nuestro viaje por la Tierra con unas condiciones m\u00ednimas de dignidad para la vida humana y las dem\u00e1s formas de vida&#8221;, declar\u00f3 <strong>Marina Silva<\/strong>, ministra de Medio Ambiente y Cambio Clim\u00e1tico de Brasil.<\/p>\n<p>Agreg\u00f3 que &#8220;los ideales que pueden ayudarnos a salvar la vida y el planeta son aquellos que nos permiten utilizar los recursos naturales con prudencia \u2013para nutrir\u2013, a la vez que preservamos estos recursos, garantizando la suficiencia necesaria de los servicios ecosist\u00e9micos&#8221;.<\/p>\n<p>&#8220;La Tierra est\u00e1 viva, y tenemos que salir de la ilusi\u00f3n de que es s\u00f3lo una materia inerte para la extracci\u00f3n y la explotaci\u00f3n&#8221;, afirm\u00f3 la acad\u00e9mica, activista y escritora <strong>Vandana Shiva<\/strong>. &#8220;Vivimos en un milagro. Mi visi\u00f3n de la Tierra es comprender cient\u00edficamente en qu\u00e9 consiste ese milagro y vivir seg\u00fan sus leyes: las leyes de la Tierra y las leyes de los sistemas vivos&#8221;.<\/p>\n<p>&#8220;En el gran esquema de las cosas, la humanidad es una especie muy joven&#8221;, se\u00f1al\u00f3 <strong>Ayisha Siddiqa<\/strong>, defensora de los derechos humanos y de la tierra, cofundadora de Polluters Out y Fossil Free University, y asesora juvenil sobre el clima para el secretario general de la ONU.<\/p>\n<p>&#8220;Durante nuestro tiempo en el planeta Tierra, hemos causado mucho m\u00e1s da\u00f1o que cualquier otra especie que nos haya precedido. Pero al mismo tiempo, creo que como somos un milagro de especie con la capacidad de darnos cuenta de los problemas que estamos creando, tambi\u00e9n tenemos la capacidad de resolver esos problemas a gran velocidad&#8221;, a\u00f1adi\u00f3.<\/p>\n<p>&#8220;Prevemos cadenas de valor de productos b\u00e1sicos que sean sostenibles para las personas y el planeta&#8221;, coment\u00f3 <strong>Christopher Brett<\/strong>, director del Programa de Impacto sobre Sistemas Alimentarios, Uso y Restauraci\u00f3n de la Tierra (FOLUR). &#8220;A trav\u00e9s de FOLUR, estamos compartiendo las lecciones aprendidas de 27 pa\u00edses acerca de ocho productos b\u00e1sicos, integrando a los peque\u00f1os agricultores en los mercados y produciendo productos b\u00e1sicos sostenibles y de alta calidad&#8221;.<\/p>\n<p>&#8220;Transformar los sistemas alimentarios para reducir la degradaci\u00f3n medioambiental y las externalidades negativas requiere integrar las inversiones en toda la cadena de suministro y centrarse en aspectos espec\u00edficos como la gobernanza y formulaci\u00f3n de pol\u00edticas, el incentivo financiero, la innovaci\u00f3n y el di\u00e1logo entre m\u00faltiples partes interesadas. Tambi\u00e9n requiere tener disposici\u00f3n al riesgo program\u00e1tico para lograr un impacto a escala y dise\u00f1ar para la resiliencia&#8221;, indic\u00f3 <strong>Peter Umunay<\/strong>, especialista senior en medioambiente y responsable de los programas FOLUR y Sistemas Alimentarios en el Fondo para el Medio Ambiente Mundial (GEF).<\/p>\n<p>&#8220;Invertir en ecosistemas es invertir en las comunidades locales, en las econom\u00edas nacionales y en el planeta que compartimos&#8221;, dijo <strong>Hisham Osman<\/strong>, ingeniero medioambiental senior del Banco Mundial. &#8220;A trav\u00e9s de PROGREEN, el Banco Mundial y nuestros socios de desarrollo estamos trazando una nueva visi\u00f3n para la Tierra que no solo financia proyectos verdes, sino que construye econom\u00edas verdes&#8221;.<\/p>\n<p>La conferencia h\u00edbrida <a href=\"https:\/\/conference.globallandscapesforum.org\/nairobi-2023\" target=\"_blank\" rel=\"noopener\">GLF Nairobi 2023: Una nueva visi\u00f3n para la Tierra<\/a> se celebr\u00f3 en Nairobi y en l\u00ednea los d\u00edas 11 y 12 de octubre, reuniendo a destacados cient\u00edficos, activistas, l\u00edderes ind\u00edgenas, financistas, j\u00f3venes, mujeres, responsables pol\u00edticos, el sector privado y m\u00e1s. La primera jornada se centr\u00f3 en las soluciones soberanas africanas. El segundo d\u00eda reuni\u00f3 a una audiencia mundial en torno a la elaboraci\u00f3n de una gu\u00eda de supervivencia para un planeta en crisis, y plante\u00f3 un escenario para un mundo m\u00e1s justo antes de la COP28.<\/p>\n<p style=\"text-align: center;\">###<\/p>\n<p><strong>NOTAS PARA EDITORES<\/strong><\/p>\n<ul>\n<li>Para obtener m\u00e1s informaci\u00f3n, materiales y citas adicionales, guia sobre los temas <a href=\"https:\/\/conference.globallandscapesforum.org\/nairobi-2023\/sessions\" target=\"_blank\" rel=\"noopener\">temas<\/a> tratados en la conferencia y\/o para solicitar entrevistas con los <a href=\"https:\/\/conference.globallandscapesforum.org\/nairobi-2023\/speakers\" target=\"_blank\" rel=\"noopener\">panelistas<\/a> o con las <a href=\"https:\/\/conference.globallandscapesforum.org\/nairobi-2023\/partners\" target=\"_blank\" rel=\"noopener\">organizaciones anfitrionas<\/a>, contacte a Kelly Quintero (<a href=\"mailto:k.quintero@cifor-icraf.org\">k.quintero@cifor-icraf.org<\/a>).<\/li>\n<li>Encuentre im\u00e1genes de la conferencia en el <a href=\"https:\/\/www.flickr.com\/photos\/globallandscapesforum\/albums\" target=\"_blank\" rel=\"noopener\">Flickr del Global Landscapes Forum<\/a> (m\u00e1s por venir).<\/li>\n<li style=\"margin-bottom: 30px;\">Visite la <a href=\"https:\/\/events.globallandscapesforum.org\/nairobi-2023\/newsroom\/\" target=\"_blank\" rel=\"noopener\">sala de prensa<\/a> del evento y encuentre material para periodistas, como un <a href=\"https:\/\/trello.com\/b\/NisW9ZQ8\/glfnairobi-2023-a-new-vision-for-earth\" target=\"_blank\" rel=\"noopener\">tablero en Trello<\/a> con videos, tarjetas para redes sociales y otros contenidos para su publicaci\u00f3n.<\/li>\n<\/ul>\n<p><span style=\"font-size: 17px;\"><strong>Sobre el GLF<\/strong><br \/>\nEl Global Landscapes Forum (GLF) es la plataforma basada en conocimiento m\u00e1s grande del mundo sobre el uso integrado de la tierra, que conecta personas con una visi\u00f3n compartida sobre la creaci\u00f3n de paisajes productivos, rentables, equitativos y resilientes. El GLF es dirigido por el Centro para la Investigaci\u00f3n Forestal Internacional\u2013Centro Mundial de Agrosilvicultura (CIFOR-ICRAF), en colaboraci\u00f3n con sus cofundadores PNUMA y el Banco Mundial, y sus <a href=\"https:\/\/www.globallandscapesforum.org\/about\/partners\/#charter\" target=\"_blank\" rel=\"noopener\">miembros fundadores<\/a>. Conozca m\u00e1s en <a href=\"https:\/\/www.globallandscapesforum.org\/\">www.globallandscapesforum.org<\/a>.<\/span><\/p>\n","protected":false},"excerpt":{"rendered":"<p>Hoy, en la conferencia mundial GLF Nairobi 2023: Una nueva visi\u00f3n para la Tierra, m\u00e1s de 7200 destacados cient\u00edficos, activistas, l\u00edderes ind\u00edgenas, financistas, mujeres, j\u00f3venes, responsables pol\u00edticos, el sector privado y 235 oradores se reunieron en Nairobi y en l\u00ednea, desde 130 pa\u00edses. Exploraron soluciones locales a la crisis clim\u00e1tica mundial previo a la Conferencia de las Partes 2023 (COP28), de la Convenci\u00f3n Marco de las Naciones Unidas sobre el Cambio Clim\u00e1tico (CMNUCC). <\/p>\n","protected":false},"author":7,"featured_media":61672,"template":"","meta":{"_acf_changed":false,"jetpack_post_was_ever_published":false,"_links_to":"","_links_to_target":""},"categories":[3996,3997],"tags":[],"location":[],"organization":[],"news_category":[],"coauthors":[813],"class_list":["post-61671","corporate_news","type-corporate_news","status-publish","has-post-thumbnail","hentry","category-measuring-progress-es","category-restoration-es","story_type-news"],"acf":[],"yoast_head":"<!-- This site is optimized with the Yoast SEO plugin v27.4 - https:\/\/yoast.com\/product\/yoast-seo-wordpress\/ -->\n<title>News: Es imperativo -y posible- mantenernos dentro de los l\u00edmites planetarios - Global Landscapes Forum<\/title>\n<meta name=\"description\" content=\"Hoy, en la conferencia mundial GLF Nairobi 2023: Una nueva visi\u00f3n para la Tierra, m\u00e1s de 7200 destacados cient\u00edficos, activistas, l\u00edderes ind\u00edgen\" \/>\n<meta name=\"robots\" content=\"index, follow, max-snippet:-1, max-image-preview:large, max-video-preview:-1\" \/>\n<link rel=\"canonical\" href=\"https:\/\/www.globallandscapesforum.org\/es\/glf-news\/es-imperativo-y-posible-mantenernos-dentro-de-los-limites-planetarios\/\" \/>\n<meta property=\"og:locale\" content=\"es_ES\" \/>\n<meta property=\"og:type\" content=\"article\" \/>\n<meta property=\"og:title\" content=\"News: Es imperativo -y posible- mantenernos dentro de los l\u00edmites planetarios - Global Landscapes Forum\" \/>\n<meta property=\"og:description\" content=\"Hoy, en la conferencia mundial GLF Nairobi 2023: Una nueva visi\u00f3n para la Tierra, m\u00e1s de 7200 destacados cient\u00edficos, activistas, l\u00edderes ind\u00edgenas, financistas, mujeres, j\u00f3venes, responsables pol\u00edticos, el sector privado y 235 oradores se reunieron en Nairobi y en l\u00ednea, desde 130 pa\u00edses. Exploraron soluciones locales a la crisis clim\u00e1tica mundial previo a la Conferencia de las Partes 2023 (COP28), de la Convenci\u00f3n Marco de las Naciones Unidas sobre el Cambio Clim\u00e1tico (CMNUCC).\" \/>\n<meta property=\"og:url\" content=\"https:\/\/www.globallandscapesforum.org\/es\/glf-news\/es-imperativo-y-posible-mantenernos-dentro-de-los-limites-planetarios\/\" \/>\n<meta property=\"og:site_name\" content=\"Global Landscapes Forum\" \/>\n<meta property=\"article:publisher\" content=\"https:\/\/www.facebook.com\/GlobalLandscapesForum\/\" \/>\n<meta property=\"article:modified_time\" content=\"2023-10-24T06:45:08+00:00\" \/>\n<meta property=\"og:image\" content=\"https:\/\/www.globallandscapesforum.org\/wp-content\/uploads\/2023\/10\/53252894848_62e37ece4a_feat-1.jpg\" \/>\n\t<meta property=\"og:image:width\" content=\"1200\" \/>\n\t<meta property=\"og:image:height\" content=\"630\" \/>\n\t<meta property=\"og:image:type\" content=\"image\/jpeg\" \/>\n<meta name=\"twitter:card\" content=\"summary_large_image\" \/>\n<meta name=\"twitter:site\" content=\"@globallf\" \/>\n<meta name=\"twitter:label1\" content=\"Tiempo de lectura\" \/>\n\t<meta name=\"twitter:data1\" content=\"4 minutos\" \/>\n\t<meta name=\"twitter:label2\" content=\"Written by\" \/>\n\t<meta name=\"twitter:data2\" content=\"Global Landscapes Forum AR\" \/>\n<!-- \/ Yoast SEO plugin. -->","yoast_head_json":{"title":"News: Es imperativo -y posible- mantenernos dentro de los l\u00edmites planetarios - Global Landscapes Forum","description":"Hoy, en la conferencia mundial GLF Nairobi 2023: Una nueva visi\u00f3n para la Tierra, m\u00e1s de 7200 destacados cient\u00edficos, activistas, l\u00edderes ind\u00edgen","robots":{"index":"index","follow":"follow","max-snippet":"max-snippet:-1","max-image-preview":"max-image-preview:large","max-video-preview":"max-video-preview:-1"},"canonical":"https:\/\/www.globallandscapesforum.org\/es\/glf-news\/es-imperativo-y-posible-mantenernos-dentro-de-los-limites-planetarios\/","og_locale":"es_ES","og_type":"article","og_title":"News: Es imperativo -y posible- mantenernos dentro de los l\u00edmites planetarios - Global Landscapes Forum","og_description":"Hoy, en la conferencia mundial GLF Nairobi 2023: Una nueva visi\u00f3n para la Tierra, m\u00e1s de 7200 destacados cient\u00edficos, activistas, l\u00edderes ind\u00edgenas, financistas, mujeres, j\u00f3venes, responsables pol\u00edticos, el sector privado y 235 oradores se reunieron en Nairobi y en l\u00ednea, desde 130 pa\u00edses. Exploraron soluciones locales a la crisis clim\u00e1tica mundial previo a la Conferencia de las Partes 2023 (COP28), de la Convenci\u00f3n Marco de las Naciones Unidas sobre el Cambio Clim\u00e1tico (CMNUCC).","og_url":"https:\/\/www.globallandscapesforum.org\/es\/glf-news\/es-imperativo-y-posible-mantenernos-dentro-de-los-limites-planetarios\/","og_site_name":"Global Landscapes Forum","article_publisher":"https:\/\/www.facebook.com\/GlobalLandscapesForum\/","article_modified_time":"2023-10-24T06:45:08+00:00","og_image":[{"width":1200,"height":630,"url":"https:\/\/www.globallandscapesforum.org\/wp-content\/uploads\/2023\/10\/53252894848_62e37ece4a_feat-1.jpg","type":"image\/jpeg"}],"twitter_card":"summary_large_image","twitter_site":"@globallf","twitter_misc":{"Tiempo de lectura":"4 minutos","Written by":"Global Landscapes Forum AR"},"schema":{"@context":"https:\/\/schema.org","@graph":[{"@type":"WebPage","@id":"https:\/\/www.globallandscapesforum.org\/es\/glf-news\/es-imperativo-y-posible-mantenernos-dentro-de-los-limites-planetarios\/","url":"https:\/\/www.globallandscapesforum.org\/es\/glf-news\/es-imperativo-y-posible-mantenernos-dentro-de-los-limites-planetarios\/","name":"News: Es imperativo -y posible- mantenernos dentro de los l\u00edmites planetarios - Global Landscapes Forum","isPartOf":{"@id":"https:\/\/www.globallandscapesforum.org\/#website"},"primaryImageOfPage":{"@id":"https:\/\/www.globallandscapesforum.org\/es\/glf-news\/es-imperativo-y-posible-mantenernos-dentro-de-los-limites-planetarios\/#primaryimage"},"image":{"@id":"https:\/\/www.globallandscapesforum.org\/es\/glf-news\/es-imperativo-y-posible-mantenernos-dentro-de-los-limites-planetarios\/#primaryimage"},"thumbnailUrl":"https:\/\/i0.wp.com\/www.globallandscapesforum.org\/wp-content\/uploads\/2023\/10\/53252894848_62e37ece4a_feat-1.jpg?fit=1200%2C630&ssl=1","datePublished":"2023-10-12T08:20:52+00:00","dateModified":"2023-10-24T06:45:08+00:00","description":"Hoy, en la conferencia mundial GLF Nairobi 2023: Una nueva visi\u00f3n para la Tierra, m\u00e1s de 7200 destacados cient\u00edficos, activistas, l\u00edderes ind\u00edgenas, financistas, mujeres, j\u00f3venes, responsables pol\u00edticos, el sector privado y 235 oradores se reunieron en Nairobi y en l\u00ednea, desde 130 pa\u00edses. Exploraron soluciones locales a la crisis clim\u00e1tica mundial previo a la Conferencia de las Partes 2023 (COP28), de la Convenci\u00f3n Marco de las Naciones Unidas sobre el Cambio Clim\u00e1tico (CMNUCC).","breadcrumb":{"@id":"https:\/\/www.globallandscapesforum.org\/es\/glf-news\/es-imperativo-y-posible-mantenernos-dentro-de-los-limites-planetarios\/#breadcrumb"},"inLanguage":"es","potentialAction":[{"@type":"ReadAction","target":["https:\/\/www.globallandscapesforum.org\/es\/glf-news\/es-imperativo-y-posible-mantenernos-dentro-de-los-limites-planetarios\/"]}]},{"@type":"ImageObject","inLanguage":"es","@id":"https:\/\/www.globallandscapesforum.org\/es\/glf-news\/es-imperativo-y-posible-mantenernos-dentro-de-los-limites-planetarios\/#primaryimage","url":"https:\/\/i0.wp.com\/www.globallandscapesforum.org\/wp-content\/uploads\/2023\/10\/53252894848_62e37ece4a_feat-1.jpg?fit=1200%2C630&ssl=1","contentUrl":"https:\/\/i0.wp.com\/www.globallandscapesforum.org\/wp-content\/uploads\/2023\/10\/53252894848_62e37ece4a_feat-1.jpg?fit=1200%2C630&ssl=1","width":1200,"height":630},{"@type":"BreadcrumbList","@id":"https:\/\/www.globallandscapesforum.org\/es\/glf-news\/es-imperativo-y-posible-mantenernos-dentro-de-los-limites-planetarios\/#breadcrumb","itemListElement":[{"@type":"ListItem","position":1,"name":"Home","item":"https:\/\/www.globallandscapesforum.org\/"},{"@type":"ListItem","position":2,"name":"GLF News","item":"https:\/\/www.globallandscapesforum.org\/glf-news\/"},{"@type":"ListItem","position":3,"name":"Es imperativo -y posible- mantenernos dentro de los l\u00edmites planetarios"}]},{"@type":"WebSite","@id":"https:\/\/www.globallandscapesforum.org\/#website","url":"https:\/\/www.globallandscapesforum.org\/","name":"Global Landscapes Forum","description":"Connect, learn and share","publisher":{"@id":"https:\/\/www.globallandscapesforum.org\/#organization"},"potentialAction":[{"@type":"SearchAction","target":{"@type":"EntryPoint","urlTemplate":"https:\/\/www.globallandscapesforum.org\/?s={search_term_string}"},"query-input":{"@type":"PropertyValueSpecification","valueRequired":true,"valueName":"search_term_string"}}],"inLanguage":"es"},{"@type":"Organization","@id":"https:\/\/www.globallandscapesforum.org\/#organization","name":"Global Landscapes Forum","url":"https:\/\/www.globallandscapesforum.org\/","logo":{"@type":"ImageObject","inLanguage":"es","@id":"https:\/\/www.globallandscapesforum.org\/#\/schema\/logo\/image\/","url":"https:\/\/i0.wp.com\/www.globallandscapesforum.org\/wp-content\/uploads\/2018\/02\/logo_glf.png?fit=63%2C60&ssl=1","contentUrl":"https:\/\/i0.wp.com\/www.globallandscapesforum.org\/wp-content\/uploads\/2018\/02\/logo_glf.png?fit=63%2C60&ssl=1","width":63,"height":60,"caption":"Global Landscapes Forum"},"image":{"@id":"https:\/\/www.globallandscapesforum.org\/#\/schema\/logo\/image\/"},"sameAs":["https:\/\/www.facebook.com\/GlobalLandscapesForum\/","https:\/\/x.com\/globallf","https:\/\/www.instagram.com\/globallandscapesforum\/","https:\/\/www.linkedin.com\/company\/globallandscapesforum","https:\/\/www.youtube.com\/globallandscapesforum"]}]}},"jetpack_sharing_enabled":true,"_links":{"self":[{"href":"https:\/\/www.globallandscapesforum.org\/es\/wp-json\/wp\/v2\/corporate_news\/61671","targetHints":{"allow":["GET"]}}],"collection":[{"href":"https:\/\/www.globallandscapesforum.org\/es\/wp-json\/wp\/v2\/corporate_news"}],"about":[{"href":"https:\/\/www.globallandscapesforum.org\/es\/wp-json\/wp\/v2\/types\/corporate_news"}],"author":[{"embeddable":true,"href":"https:\/\/www.globallandscapesforum.org\/es\/wp-json\/wp\/v2\/users\/7"}],"version-history":[{"count":0,"href":"https:\/\/www.globallandscapesforum.org\/es\/wp-json\/wp\/v2\/corporate_news\/61671\/revisions"}],"wp:featuredmedia":[{"embeddable":true,"href":"https:\/\/www.globallandscapesforum.org\/es\/wp-json\/wp\/v2\/media\/61672"}],"wp:attachment":[{"href":"https:\/\/www.globallandscapesforum.org\/es\/wp-json\/wp\/v2\/media?parent=61671"}],"wp:term":[{"taxonomy":"category","embeddable":true,"href":"https:\/\/www.globallandscapesforum.org\/es\/wp-json\/wp\/v2\/categories?post=61671"},{"taxonomy":"post_tag","embeddable":true,"href":"https:\/\/www.globallandscapesforum.org\/es\/wp-json\/wp\/v2\/tags?post=61671"},{"taxonomy":"location","embeddable":true,"href":"https:\/\/www.globallandscapesforum.org\/es\/wp-json\/wp\/v2\/location?post=61671"},{"taxonomy":"organization","embeddable":true,"href":"https:\/\/www.globallandscapesforum.org\/es\/wp-json\/wp\/v2\/organization?post=61671"},{"taxonomy":"news_category","embeddable":true,"href":"https:\/\/www.globallandscapesforum.org\/es\/wp-json\/wp\/v2\/news_category?post=61671"},{"taxonomy":"author","embeddable":true,"href":"https:\/\/www.globallandscapesforum.org\/es\/wp-json\/wp\/v2\/coauthors?post=61671"}],"curies":[{"name":"wp","href":"https:\/\/api.w.org\/{rel}","templated":true}]}}