{"id":68875,"date":"2024-10-30T14:48:50","date_gmt":"2024-10-30T07:48:50","guid":{"rendered":"https:\/\/www.globallandscapesforum.org\/?post_type=corporate_news&#038;p=68875"},"modified":"2025-10-20T17:39:25","modified_gmt":"2025-10-20T10:39:25","slug":"lideres-trazan-un-camino-innovador-para-financiar-la-biodiversidad-y-acciones-climaticas","status":"publish","type":"corporate_news","link":"https:\/\/www.globallandscapesforum.org\/es\/glf-news\/lideres-trazan-un-camino-innovador-para-financiar-la-biodiversidad-y-acciones-climaticas\/","title":{"rendered":"L\u00edderes trazan un camino innovador para financiar la biodiversidad y acciones clim\u00e1ticas"},"content":{"rendered":"<p><a href=\"https:\/\/www.globallandscapesforum.org\/es\/glf-news\/lideres-trazan-un-camino-innovador-para-financiar-la-biodiversidad-y-acciones-climaticas\/\">English<\/a> | <a href=\"https:\/\/www.globallandscapesforum.org\/es\/glf-news\/lideres-trazan-un-camino-innovador-para-financiar-la-biodiversidad-y-acciones-climaticas\/\">Portugu\u00eas<\/a><\/p>\n<p><em><span class=\"NormalTextRun SCXW3786265 BCX0\">Du<\/span><span class=\"NormalTextRun SCXW3786265 BCX0\">r<\/span><span class=\"NormalTextRun SCXW3786265 BCX0\">ante la Conferencia de la ONU sobre Biodiversidad (COP16)<\/span><span class=\"NormalTextRun SCXW3786265 BCX0\">, <\/span><span class=\"NormalTextRun SCXW3786265 BCX0\">expertos y participantes <\/span><span class=\"NormalTextRun SCXW3786265 BCX0\">en <\/span><span class=\"NormalTextRun SCXW3786265 BCX0\">el <\/span><span class=\"NormalTextRun SCXW3786265 BCX0\">7.\u00ba Simposio del caso de inversi\u00f3n GLF<\/span><span class=\"NormalTextRun SCXW3786265 BCX0\"> debatieron <\/span><span class=\"NormalTextRun SCXW3786265 BCX0\">y <\/span><span class=\"NormalTextRun SCXW3786265 BCX0\">demostraron y <\/span><span class=\"NormalTextRun SCXW3786265 BCX0\">c\u00f3mo el financiamiento para la biodiversidad puede ser efectivo, inclusivo y sostenible, comenzando ahora mismo.<\/span><\/em><\/p>\n<p><b><span data-contrast=\"auto\">Cali, Colombia (29 de octubre de 2024)<\/span><\/b><span data-contrast=\"auto\"> \u2013 El mundo necesita una visi\u00f3n innovadora del financiamiento para recaudar 200 mil millones de d\u00f3lares anualmente para preservar la biodiversidad. Esto significa formar un frente unido para financiar soluciones a las crisis del clima, de biodiversidad y de degradaci\u00f3n de los suelos.\u00a0<\/span><span data-ccp-props=\"{}\">\u00a0<\/span><\/p>\n<p><span data-contrast=\"auto\">Estas fueron algunas de las lecciones clave del 7.\u00ba Simposio del caso de inversi\u00f3n del Global Landscapes Forum (GLF), que concluy\u00f3 el viernes 25 de octubre.\u00a0<\/span><span data-ccp-props=\"{}\">\u00a0<\/span><\/p>\n<p><span data-contrast=\"auto\">Coorganizado con la <\/span><a href=\"https:\/\/www.globallandscapesforum.org\/luxembourg-glf-platform\/\"><span data-contrast=\"none\">plataforma Luxemburgo-GLF Finance for Nature<\/span><\/a><span data-contrast=\"auto\">, el evento enfatiz\u00f3 la necesidad de integrar la biodiversidad en los sistemas financieros y construir sinergias entre las tres Convenciones de R\u00edo (CBD, UNFCCC y UNCCD).<\/span><span data-ccp-props=\"{}\">\u00a0<\/span><span data-ccp-props=\"{&quot;335551550&quot;:6,&quot;335551620&quot;:6}\">\u00a0<\/span><\/p>\n<p><span data-contrast=\"auto\">\u201cDebemos recuperar el esp\u00edritu de la Cumbre de la Tierra de R\u00edo de 1992 y trabajar juntos en todos los niveles. El gobierno de Luxemburgo tiene muchas iniciativas en curso entre los sectores privado y p\u00fablico, donde los cobeneficios son esenciales; tanto el econ\u00f3mico y el social como el ecol\u00f3gico. Necesitamos fortalecer los derechos de las comunidades locales, los pueblos ind\u00edgenas, las mujeres y los ni\u00f1os, a nivel global\u201d, dijo <\/span><b><span data-contrast=\"auto\">Serge Wilmes<\/span><\/b><span data-contrast=\"auto\">, ministro de Medio Ambiente, Clima y Biodiversidad, y ministro de Funci\u00f3n P\u00fablica de Luxemburgo.<\/span><span data-ccp-props=\"{&quot;335551550&quot;:6,&quot;335551620&quot;:6}\">\u00a0<\/span><\/p>\n<p><span data-contrast=\"auto\">\u201cNuestra meta es que los proyectos se fortalezcan y sean viables, atrayendo inversiones. Luego, el dinero debe ser utilizado por las comunidades locales, pues son las que saben c\u00f3mo preservar y conservar la naturaleza, gestion\u00e1ndola de manera sostenible. Es por eso que trabajamos junto al GLF y desarrollamos iniciativas como <\/span><a href=\"https:\/\/resilient-landscapes.org\/rl-luxembourg\/\"><span data-contrast=\"none\">Resilient Landscapes Luxembourg<\/span><\/a><span data-contrast=\"auto\"> (RLL).\u201d<\/span><span data-ccp-props=\"{&quot;335551550&quot;:6,&quot;335551620&quot;:6}\">\u00a0<\/span><\/p>\n<p><span data-contrast=\"auto\">Expertos y participantes en el 7.\u00ba Caso de Inversi\u00f3n tambi\u00e9n exploraron las oportunidades y desaf\u00edos de la inteligencia artificial (IA) y las nuevas tecnolog\u00edas, pues tienen un enorme potencial para desbloquear nuevos mecanismos financieros.\u00a0<\/span><span data-ccp-props=\"{&quot;335551550&quot;:6,&quot;335551620&quot;:6}\">\u00a0<\/span><span data-ccp-props=\"{&quot;335551550&quot;:6,&quot;335551620&quot;:6}\">\u00a0<\/span><\/p>\n<p><span data-contrast=\"auto\">\u201cPara que la IA sea innovadora, primero necesitamos identificar claramente los problemas que queremos resolver. La colaboraci\u00f3n intersectorial es esencial para impulsar dicha innovaci\u00f3n. Por ejemplo, el sector privado ofrece el capital y el conocimiento, la academia aporta investigaci\u00f3n profunda y experiencia t\u00e9cnica, y los innovadores locales proveen el contexto regional,\u201d dijo <\/span><b><span data-contrast=\"auto\">Gabriela Gutierrez<\/span><\/b><span data-contrast=\"auto\">, fundadora y directora de Tabs AI.<\/span><span data-ccp-props=\"{&quot;335551550&quot;:6,&quot;335551620&quot;:6}\">\u00a0<\/span><\/p>\n<p><span data-contrast=\"auto\">Las perspectivas ind\u00edgenas y locales estuvieron en el coraz\u00f3n del evento, subrayando c\u00f3mo el consentimiento informado, la soberan\u00eda y los beneficios compartidos son esenciales para cualquier innovaci\u00f3n financiera.\u00a0<\/span><span data-ccp-props=\"{}\">\u00a0<\/span><span data-ccp-props=\"{}\">\u00a0<\/span><\/p>\n<p><span data-contrast=\"auto\">\u201cEl financiamiento para los pueblos ind\u00edgenas es hoy un compromiso pol\u00edtico global, pero necesitamos transformarlo en realidad. Muchos pueblos ind\u00edgenas, organizaciones, movimientos y comunidades locales est\u00e1n llevando a cabo un proceso de debate para crear mecanismos de financiamiento de propiedad ind\u00edgena\u201d, dijo <\/span><b><span data-contrast=\"auto\">Kleber Karipuna<\/span><\/b><span data-contrast=\"auto\">, coordinador ejecutivo de la Articulaci\u00f3n de los Pueblos Ind\u00edgenas de Brasil (APIB).<\/span><span data-ccp-props=\"{}\">\u00a0<\/span><span data-ccp-props=\"{}\">\u00a0<\/span><\/p>\n<p><span data-contrast=\"auto\">Aunque los pueblos ind\u00edgenas representan una peque\u00f1a fracci\u00f3n de la poblaci\u00f3n mundial, son los guardianes de la mayor parte de la biodiversidad del planeta. \u201cEsto muestra que los pagos actuales son desproporcionados y los pueblos ind\u00edgenas est\u00e1n subfinanciados\u201d, dijo Karipuna, mientras describ\u00eda mecanismos que conectan el financiamiento global con los pueblos ind\u00edgenas y las comunidades locales.\u00a0<\/span><span data-ccp-props=\"{}\">\u00a0<\/span><span data-ccp-props=\"{}\">\u00a0<\/span><\/p>\n<p><span data-contrast=\"auto\">El Instituto de Investigaci\u00f3n Ambiental de la Amazon\u00eda (IPAM), el m\u00e1s <\/span><a href=\"https:\/\/www.globallandscapesforum.org\/es\/glf-news\/pueblos-indigenas-y-comunidades-locales-prioridad-de-nueva-alianza-entre-organizaciones-de-la-amazonia-y-global\/\"><span data-contrast=\"none\">nuevo miembro del GLF<\/span><\/a><span data-contrast=\"auto\">, enfatiz\u00f3 la importancia de las estrategias financieras para apoyar a quienes cuidan directamente la biodiversidad y para fomentar tecnolog\u00edas que impulsen estos esfuerzos.<\/span><span data-ccp-props=\"{}\">\u00a0<\/span><\/p>\n<p><span data-contrast=\"auto\">\u201cEl financiamiento es un elemento catalizador crucial. Necesitamos asegurarnos de que el dinero se movilice para la conservaci\u00f3n, la biodiversidad y para apoyar a las culturas que protegen la biodiversidad\u201d, dijo <\/span><b><span data-contrast=\"auto\">Ane Alencar<\/span><\/b><span data-contrast=\"auto\">, directora de Ciencia de IPAM.\u00a0<\/span><span data-ccp-props=\"{}\">\u00a0<\/span><\/p>\n<p><span data-contrast=\"auto\">\u201cEl financiamiento tambi\u00e9n puede ayudar a desarrollar nuevas tecnolog\u00edas, como la IA, permitiendo una mejor comprensi\u00f3n de la biodiversidad, mejorando el monitoreo, rastreando de manera m\u00e1s efectiva lo que est\u00e1 sucediendo con aquellos que interact\u00faan con la biodiversidad y, en \u00faltima instancia, permitiendo el uso de la tecnolog\u00eda para conservar la biodiversidad sin aumentar las desigualdades\u201d.<\/span><span data-ccp-props=\"{}\">\u00a0<\/span><\/p>\n<p><span data-contrast=\"auto\">Los ponentes tambi\u00e9n destacaron el papel de las soluciones financieras innovadoras, incorporando la biodiversidad en las transacciones financieras y creando mecanismos que incluyen financiamiento mixto, fondos de inversi\u00f3n de impacto, bonos verdes y de biodiversidad, y pagos por servicios ecosist\u00e9micos.\u00a0<\/span><span data-ccp-props=\"{}\">\u00a0<\/span><\/p>\n<p><span data-contrast=\"auto\">\u201cPara incentivar al sector privado, debemos abordar el riesgo percibido; normalmente, los actores privados ven a los proyectos relacionados con la biodiversidad como de alto riesgo. Tambi\u00e9n necesitamos abordar la incertidumbre de los retornos financieros relacionados con las etapas iniciales de los proyectos de biodiversidad. Aqu\u00ed es donde el financiamiento mixto juega un papel fundamental al hacer que los proyectos relacionados con la biodiversidad sean mucho m\u00e1s atractivos y viables\u201d, dijo <\/span><b><span data-contrast=\"auto\">Camila Silva Arango<\/span><\/b><span data-contrast=\"auto\">, gerente de Asistencia T\u00e9cnica en Finance in Motion.<\/span><span data-ccp-props=\"{}\">\u00a0<\/span><span data-ccp-props=\"{}\">\u00a0<\/span><\/p>\n<p><span data-contrast=\"auto\">\u201cHa habido una maduraci\u00f3n en los compromisos del sector privado, pasando de no querer deforestaci\u00f3n en las cadenas de suministro a considerar compromisos con la naturaleza y el clima y c\u00f3mo eso puede impulsar el financiamiento necesario a gran escala, reduciendo la dependencia en multilaterales o fundaciones, y aprovechando instancias de mercado m\u00e1s grandes\u201d, dijo <\/span><b><span data-contrast=\"auto\">Bambi Semroc<\/span><\/b><span data-contrast=\"auto\">, vicepresidenta senior del Centro de Tierras y Aguas Sostenibles de Conservation International.\u00a0<\/span><span data-ccp-props=\"{}\">\u00a0<\/span><\/p>\n<p><span data-contrast=\"auto\">\u201cSi pudi\u00e9ramos conseguir que las 70 principales empresas del mundo en los sectores de alimentos, agricultura, comercio minorista y bienes de consumo asumieran compromisos con la naturaleza, podr\u00edamos ver hasta 80 millones de hect\u00e1reas de tierra restauradas, mejor gestionadas y protegidas, as\u00ed como m\u00e1s de mil millones de d\u00f3lares en financiamiento\u201d.<\/span><span data-ccp-props=\"{}\">\u00a0<\/span><span data-ccp-props=\"{}\">\u00a0<\/span><\/p>\n<p><span data-contrast=\"auto\">Tanto las soluciones de financiamiento nacional existentes como las nuevas son muy necesarias, por lo que es crucial destinar tasas e impuestos espec\u00edficos para ayudar a capitalizar fondos fiduciarios de conservaci\u00f3n, que son una forma importante de canalizar recursos hacia las comunidades locales.\u00a0<\/span><span data-ccp-props=\"{}\">\u00a0<\/span><\/p>\n<p><span data-contrast=\"auto\">\u201cEl a\u00f1o pasado, pedimos a nuestros respectivos gobiernos que llevaran a cabo reformas estructurales, especialmente una reforma fiscal ecol\u00f3gica. Se puede recaudar mucho dinero, pero se trata de voluntad pol\u00edtica, no solo t\u00e9cnica. Por ejemplo, Nigeria tiene m\u00e1s de 180 millones de personas. Si se cobrara solo 5 centavos por cada botella de cerveza y agua consumida diariamente, digamos 80 millones de botellas, \u00bfcu\u00e1nto dinero se recaudar\u00eda al final del d\u00eda o despu\u00e9s de un a\u00f1o?\u201d, dijo <\/span><b><span data-contrast=\"auto\">Th\u00e9ophile Zognou<\/span><\/b><span data-contrast=\"auto\">, director del Sangha Tri-National Trust Fund y Presidente del Consortium of African Funds for the Environment (CAF\u00c9 \u2013 Consorcio de Fondos Africanos para el Medio Ambiente).<\/span><span data-ccp-props=\"{}\">\u00a0<\/span><\/p>\n<p><span data-contrast=\"auto\">Con m\u00e1s de 600 participantes en persona y miles m\u00e1s en l\u00ednea, el <\/span><a href=\"https:\/\/events.globallandscapesforum.org\/7th-glf-investment-case-symposium\/\"><span data-contrast=\"none\">7.\u00ba Simposio del caso de inversi\u00f3n GLF<\/span><\/a><span data-contrast=\"auto\">: \u201cRecompensar a la naturaleza: hoja de ruta para financiar el plan de biodiversidad\u201d, foment\u00f3 conversaciones cruciales, paralelo a la Conferencia de la ONU sobre Biodiversidad (COP16) en Cali, Colombia.\u00a0<\/span><span data-ccp-props=\"{}\">\u00a0<\/span><\/p>\n<p><span data-contrast=\"auto\">Conozca m\u00e1s sobre los resultados del simposio y encuentre citas de m\u00e1s panelistas en <\/span><a href=\"https:\/\/thinklandscape.globallandscapesforum.org\/70470\/how-to-raise-200-billion-for-biodiversity-in-2024\/\"><span data-contrast=\"none\">este art\u00edculo<\/span><\/a><span data-contrast=\"auto\"> de ThinkLandscape.<\/span><span data-ccp-props=\"{}\">\u00a0<\/span><\/p>\n<p><span data-contrast=\"auto\">_________<\/span><span data-ccp-props=\"{}\">\u00a0<\/span><span data-ccp-props=\"{}\">\u00a0<\/span><\/p>\n<p><span data-contrast=\"auto\">El 7.\u00ba Simposio del caso de inversi\u00f3n GLF fue coorganizado por CIFOR-ICRAF, el gobierno del Gran Ducado de Luxemburgo, FOLUR, GEF y el Global Landscapes Forum.<\/span><span data-ccp-props=\"{}\">\u00a0<\/span><span data-ccp-props=\"{&quot;335551550&quot;:2,&quot;335551620&quot;:2}\">\u00a0<\/span><\/p>\n<p><span data-contrast=\"none\">\u00a0 \u00a0 \u00a0 \u00a0 \u00a0 \u00a0 \u00a0 \u00a0 \u00a0 \u00a0 \u00a0 \u00a0 \u00a0 \u00a0 \u00a0 \u00a0 \u00a0 \u00a0 \u00a0 \u00a0 \u00a0 \u00a0 \u00a0 \u00a0 \u00a0 \u00a0 \u00a0 \u00a0 \u00a0 \u00a0 \u00a0 \u00a0 \u00a0 \u00a0 \u00a0 \u00a0 \u00a0 \u00a0 \u00a0 \u00a0 \u00a0###<\/span><span data-ccp-props=\"{&quot;335551550&quot;:2,&quot;335551620&quot;:2}\">\u00a0<\/span><\/p>\n<p><b><span data-contrast=\"none\">NOTA PARA EDITORES<\/span><\/b><span data-ccp-props=\"{&quot;335551550&quot;:6,&quot;335551620&quot;:6}\">\u00a0<\/span><\/p>\n<ul>\n<li data-leveltext=\"\uf0b7\" data-font=\"Symbol\" data-listid=\"2\" data-list-defn-props=\"{&quot;335552541&quot;:1,&quot;335559685&quot;:720,&quot;335559991&quot;:360,&quot;469769226&quot;:&quot;Symbol&quot;,&quot;469769242&quot;:[8226],&quot;469777803&quot;:&quot;left&quot;,&quot;469777804&quot;:&quot;\uf0b7&quot;,&quot;469777815&quot;:&quot;hybridMultilevel&quot;}\" data-aria-posinset=\"4\" data-aria-level=\"1\"><span data-contrast=\"none\">Consulte la agenda y los ponentes <\/span><a href=\"https:\/\/connect.globallandscapesforum.org\/e\/7th-GLF-Investment-Case-Symposium\/embed\/agenda\"><span data-contrast=\"none\">aqu\u00ed<\/span><\/a><span data-contrast=\"auto\">; contacte a <\/span><span data-contrast=\"none\">Kelly Quintero (<\/span><a href=\"mailto:k.quintero@cifor-icraf.org\"><span data-contrast=\"none\">k.quintero@cifor-icraf.org<\/span><\/a><span data-contrast=\"none\">) para acceder a las grabaciones de las sesiones<\/span><span data-ccp-props=\"{&quot;201341983&quot;:0,&quot;335551550&quot;:6,&quot;335551620&quot;:6,&quot;335559739&quot;:160,&quot;335559740&quot;:240,&quot;335572071&quot;:0,&quot;335572072&quot;:0,&quot;335572073&quot;:0,&quot;335572075&quot;:0,&quot;335572076&quot;:0,&quot;335572077&quot;:0,&quot;335572079&quot;:0,&quot;335572080&quot;:0,&quot;335572081&quot;:0,&quot;335572083&quot;:0,&quot;335572084&quot;:0,&quot;335572085&quot;:0,&quot;335572087&quot;:0,&quot;335572088&quot;:0,&quot;335572089&quot;:0,&quot;469789798&quot;:&quot;nil&quot;,&quot;469789802&quot;:&quot;nil&quot;,&quot;469789806&quot;:&quot;nil&quot;,&quot;469789810&quot;:&quot;nil&quot;,&quot;469789814&quot;:&quot;nil&quot;}\">\u00a0<\/span><\/li>\n<\/ul>\n<ul>\n<li data-leveltext=\"\uf0b7\" data-font=\"Symbol\" data-listid=\"2\" data-list-defn-props=\"{&quot;335552541&quot;:1,&quot;335559685&quot;:720,&quot;335559991&quot;:360,&quot;469769226&quot;:&quot;Symbol&quot;,&quot;469769242&quot;:[8226],&quot;469777803&quot;:&quot;left&quot;,&quot;469777804&quot;:&quot;\uf0b7&quot;,&quot;469777815&quot;:&quot;hybridMultilevel&quot;}\" data-aria-posinset=\"5\" data-aria-level=\"1\"><span data-contrast=\"none\">Descargue fotos del evento en <\/span><a href=\"https:\/\/www.flickr.com\/photos\/globallandscapesforum\/albums\/72177720321563053\"><span data-contrast=\"none\">nuestro Flickr<\/span><\/a><span data-ccp-props=\"{&quot;201341983&quot;:0,&quot;335551550&quot;:6,&quot;335551620&quot;:6,&quot;335559739&quot;:160,&quot;335559740&quot;:240,&quot;335572071&quot;:0,&quot;335572072&quot;:0,&quot;335572073&quot;:0,&quot;335572075&quot;:0,&quot;335572076&quot;:0,&quot;335572077&quot;:0,&quot;335572079&quot;:0,&quot;335572080&quot;:0,&quot;335572081&quot;:0,&quot;335572083&quot;:0,&quot;335572084&quot;:0,&quot;335572085&quot;:0,&quot;335572087&quot;:0,&quot;335572088&quot;:0,&quot;335572089&quot;:0,&quot;469789798&quot;:&quot;nil&quot;,&quot;469789802&quot;:&quot;nil&quot;,&quot;469789806&quot;:&quot;nil&quot;,&quot;469789810&quot;:&quot;nil&quot;,&quot;469789814&quot;:&quot;nil&quot;}\">\u00a0<\/span><\/li>\n<\/ul>\n<ul>\n<li data-leveltext=\"\uf0b7\" data-font=\"Symbol\" data-listid=\"2\" data-list-defn-props=\"{&quot;335552541&quot;:1,&quot;335559685&quot;:720,&quot;335559991&quot;:360,&quot;469769226&quot;:&quot;Symbol&quot;,&quot;469769242&quot;:[8226],&quot;469777803&quot;:&quot;left&quot;,&quot;469777804&quot;:&quot;\uf0b7&quot;,&quot;469777815&quot;:&quot;hybridMultilevel&quot;}\" data-aria-posinset=\"6\" data-aria-level=\"1\"><span data-contrast=\"none\">Para m\u00e1s informaci\u00f3n, por favor contacte a Kelly Quintero (<\/span><a href=\"mailto:k.quintero@cifor-icraf.org\"><span data-contrast=\"none\">k.quintero@cifor-icraf.org<\/span><\/a><span data-contrast=\"none\">)<\/span><span data-ccp-props=\"{&quot;201341983&quot;:0,&quot;335551550&quot;:6,&quot;335551620&quot;:6,&quot;335559739&quot;:160,&quot;335559740&quot;:240,&quot;335572071&quot;:0,&quot;335572072&quot;:0,&quot;335572073&quot;:0,&quot;335572075&quot;:0,&quot;335572076&quot;:0,&quot;335572077&quot;:0,&quot;335572079&quot;:0,&quot;335572080&quot;:0,&quot;335572081&quot;:0,&quot;335572083&quot;:0,&quot;335572084&quot;:0,&quot;335572085&quot;:0,&quot;335572087&quot;:0,&quot;335572088&quot;:0,&quot;335572089&quot;:0,&quot;469789798&quot;:&quot;nil&quot;,&quot;469789802&quot;:&quot;nil&quot;,&quot;469789806&quot;:&quot;nil&quot;,&quot;469789810&quot;:&quot;nil&quot;,&quot;469789814&quot;:&quot;nil&quot;}\">\u00a0<\/span><\/li>\n<\/ul>\n<p data-ccp-border-between=\"0px none #000000\" data-ccp-padding-between=\"0px\"><b><span data-contrast=\"none\">Sobre el GLF\u00a0<\/span><\/b><span data-ccp-props=\"{&quot;335551550&quot;:6,&quot;335551620&quot;:6}\">\u00a0<\/span><\/p>\n<p><span data-contrast=\"none\">El Global Landscapes Forum (GLF) es la plataforma de conocimiento m\u00e1s grande del mundo sobre uso integrado de la tierra. Conecta personas con una visi\u00f3n compartida sobre la creaci\u00f3n de ecosistemas productivos, rentables, equitativos y resilientes. El GLF es dirigido por el Centro para la Investigaci\u00f3n Forestal Internacional\u2013Centro Mundial de Agrosilvicultura (CIFOR-ICRAF), en colaboraci\u00f3n con sus cofundadores PNUMA y el Banco Mundial, y sus <\/span><a href=\"https:\/\/www.globallandscapesforum.org\/about\/partnership\/#charter\"><span data-contrast=\"none\">miembros fundadores<\/span><\/a><span data-contrast=\"none\">. Conozca m\u00e1s en <\/span><a href=\"https:\/\/www.globallandscapesforum.org\/es\/\"><span data-contrast=\"none\">www.globallandscapesforum.org<\/span><\/a><span data-contrast=\"none\">.<\/span><span data-ccp-props=\"{&quot;335551550&quot;:6,&quot;335551620&quot;:6}\">\u00a0<\/span><\/p>\n<figure id=\"attachment_68848\" aria-describedby=\"caption-attachment-68848\" style=\"width: 640px\" class=\"wp-caption alignnone\"><img data-recalc-dims=\"1\" fetchpriority=\"high\" decoding=\"async\" class=\"size-large wp-image-68848\" src=\"https:\/\/i0.wp.com\/www.globallandscapesforum.org\/wp-content\/uploads\/2024\/10\/7Th_Investment_C-3.png?resize=640%2C454&#038;ssl=1\" alt=\"\" width=\"640\" height=\"454\" srcset=\"https:\/\/i0.wp.com\/www.globallandscapesforum.org\/wp-content\/uploads\/2024\/10\/7Th_Investment_C-3.png?resize=1024%2C727&amp;ssl=1 1024w, https:\/\/i0.wp.com\/www.globallandscapesforum.org\/wp-content\/uploads\/2024\/10\/7Th_Investment_C-3.png?resize=300%2C213&amp;ssl=1 300w, https:\/\/i0.wp.com\/www.globallandscapesforum.org\/wp-content\/uploads\/2024\/10\/7Th_Investment_C-3.png?resize=768%2C545&amp;ssl=1 768w, https:\/\/i0.wp.com\/www.globallandscapesforum.org\/wp-content\/uploads\/2024\/10\/7Th_Investment_C-3.png?resize=1536%2C1091&amp;ssl=1 1536w, https:\/\/i0.wp.com\/www.globallandscapesforum.org\/wp-content\/uploads\/2024\/10\/7Th_Investment_C-3.png?resize=2048%2C1455&amp;ssl=1 2048w, https:\/\/i0.wp.com\/www.globallandscapesforum.org\/wp-content\/uploads\/2024\/10\/7Th_Investment_C-3.png?w=1280&amp;ssl=1 1280w, https:\/\/i0.wp.com\/www.globallandscapesforum.org\/wp-content\/uploads\/2024\/10\/7Th_Investment_C-3.png?w=1920&amp;ssl=1 1920w\" sizes=\"(max-width: 640px) 100vw, 640px\" \/><figcaption id=\"caption-attachment-68848\" class=\"wp-caption-text\"><em>Mapa visual de la plenaria \u201cPrioridades y soluciones para una hoja de ruta de financiamiento global de la biodiversidad\u201d. Imagen: Anna Denardin<\/em><\/figcaption><\/figure>\n<p>&nbsp;<\/p>\n<figure id=\"attachment_68849\" aria-describedby=\"caption-attachment-68849\" style=\"width: 640px\" class=\"wp-caption alignnone\"><img data-recalc-dims=\"1\" decoding=\"async\" class=\"size-large wp-image-68849\" src=\"https:\/\/i0.wp.com\/www.globallandscapesforum.org\/wp-content\/uploads\/2024\/10\/54102032786_041bcd3934_k.jpg?resize=640%2C427&#038;ssl=1\" alt=\"\" width=\"640\" height=\"427\" srcset=\"https:\/\/i0.wp.com\/www.globallandscapesforum.org\/wp-content\/uploads\/2024\/10\/54102032786_041bcd3934_k.jpg?resize=1024%2C683&amp;ssl=1 1024w, https:\/\/i0.wp.com\/www.globallandscapesforum.org\/wp-content\/uploads\/2024\/10\/54102032786_041bcd3934_k.jpg?resize=300%2C200&amp;ssl=1 300w, https:\/\/i0.wp.com\/www.globallandscapesforum.org\/wp-content\/uploads\/2024\/10\/54102032786_041bcd3934_k.jpg?resize=768%2C512&amp;ssl=1 768w, https:\/\/i0.wp.com\/www.globallandscapesforum.org\/wp-content\/uploads\/2024\/10\/54102032786_041bcd3934_k.jpg?resize=1536%2C1024&amp;ssl=1 1536w, https:\/\/i0.wp.com\/www.globallandscapesforum.org\/wp-content\/uploads\/2024\/10\/54102032786_041bcd3934_k.jpg?resize=982%2C656&amp;ssl=1 982w, https:\/\/i0.wp.com\/www.globallandscapesforum.org\/wp-content\/uploads\/2024\/10\/54102032786_041bcd3934_k.jpg?w=2048&amp;ssl=1 2048w, https:\/\/i0.wp.com\/www.globallandscapesforum.org\/wp-content\/uploads\/2024\/10\/54102032786_041bcd3934_k.jpg?w=1280&amp;ssl=1 1280w, https:\/\/i0.wp.com\/www.globallandscapesforum.org\/wp-content\/uploads\/2024\/10\/54102032786_041bcd3934_k.jpg?w=1920&amp;ssl=1 1920w\" sizes=\"(max-width: 640px) 100vw, 640px\" \/><figcaption id=\"caption-attachment-68849\" class=\"wp-caption-text\"><em>Taller del equipo de j\u00f3venes durante el 7.\u00ba Simposio del caso de inversi\u00f3n GLF. Foto: Javier Guzm\u00e1n \/ Global Landscapes Forum<\/em><\/figcaption><\/figure>\n<p>&nbsp;<\/p>\n<figure id=\"attachment_68850\" aria-describedby=\"caption-attachment-68850\" style=\"width: 640px\" class=\"wp-caption alignnone\"><img data-recalc-dims=\"1\" decoding=\"async\" class=\"size-large wp-image-68850\" src=\"https:\/\/i0.wp.com\/www.globallandscapesforum.org\/wp-content\/uploads\/2024\/10\/DSC05443.jpg?resize=640%2C427&#038;ssl=1\" alt=\"\" width=\"640\" height=\"427\" srcset=\"https:\/\/i0.wp.com\/www.globallandscapesforum.org\/wp-content\/uploads\/2024\/10\/DSC05443-scaled.jpg?resize=1024%2C683&amp;ssl=1 1024w, https:\/\/i0.wp.com\/www.globallandscapesforum.org\/wp-content\/uploads\/2024\/10\/DSC05443-scaled.jpg?resize=300%2C200&amp;ssl=1 300w, https:\/\/i0.wp.com\/www.globallandscapesforum.org\/wp-content\/uploads\/2024\/10\/DSC05443-scaled.jpg?resize=768%2C512&amp;ssl=1 768w, https:\/\/i0.wp.com\/www.globallandscapesforum.org\/wp-content\/uploads\/2024\/10\/DSC05443-scaled.jpg?resize=1536%2C1024&amp;ssl=1 1536w, https:\/\/i0.wp.com\/www.globallandscapesforum.org\/wp-content\/uploads\/2024\/10\/DSC05443-scaled.jpg?resize=2048%2C1365&amp;ssl=1 2048w, https:\/\/i0.wp.com\/www.globallandscapesforum.org\/wp-content\/uploads\/2024\/10\/DSC05443-scaled.jpg?resize=982%2C656&amp;ssl=1 982w, https:\/\/i0.wp.com\/www.globallandscapesforum.org\/wp-content\/uploads\/2024\/10\/DSC05443-scaled.jpg?w=1280&amp;ssl=1 1280w, https:\/\/i0.wp.com\/www.globallandscapesforum.org\/wp-content\/uploads\/2024\/10\/DSC05443-scaled.jpg?w=1920&amp;ssl=1 1920w\" sizes=\"(max-width: 640px) 100vw, 640px\" \/><figcaption id=\"caption-attachment-68850\" class=\"wp-caption-text\"><em>Ane Alencar, directora de Ciencia del Instituto de Investigaci\u00f3n Ambiental de la Amazon\u00eda (IPAM). Foto: Javier Guzm\u00e1n \/ Global Landscapes Forum<\/em><\/figcaption><\/figure>\n<p>&nbsp;<\/p>\n<figure id=\"attachment_68851\" aria-describedby=\"caption-attachment-68851\" style=\"width: 640px\" class=\"wp-caption alignnone\"><img data-recalc-dims=\"1\" loading=\"lazy\" decoding=\"async\" class=\"size-large wp-image-68851\" src=\"https:\/\/i0.wp.com\/www.globallandscapesforum.org\/wp-content\/uploads\/2024\/10\/54101179492_ccdf20183d_k.jpg?resize=640%2C427&#038;ssl=1\" alt=\"\" width=\"640\" height=\"427\" srcset=\"https:\/\/i0.wp.com\/www.globallandscapesforum.org\/wp-content\/uploads\/2024\/10\/54101179492_ccdf20183d_k.jpg?resize=1024%2C683&amp;ssl=1 1024w, https:\/\/i0.wp.com\/www.globallandscapesforum.org\/wp-content\/uploads\/2024\/10\/54101179492_ccdf20183d_k.jpg?resize=300%2C200&amp;ssl=1 300w, https:\/\/i0.wp.com\/www.globallandscapesforum.org\/wp-content\/uploads\/2024\/10\/54101179492_ccdf20183d_k.jpg?resize=768%2C512&amp;ssl=1 768w, https:\/\/i0.wp.com\/www.globallandscapesforum.org\/wp-content\/uploads\/2024\/10\/54101179492_ccdf20183d_k.jpg?resize=1536%2C1024&amp;ssl=1 1536w, https:\/\/i0.wp.com\/www.globallandscapesforum.org\/wp-content\/uploads\/2024\/10\/54101179492_ccdf20183d_k.jpg?resize=982%2C656&amp;ssl=1 982w, https:\/\/i0.wp.com\/www.globallandscapesforum.org\/wp-content\/uploads\/2024\/10\/54101179492_ccdf20183d_k.jpg?w=2048&amp;ssl=1 2048w, https:\/\/i0.wp.com\/www.globallandscapesforum.org\/wp-content\/uploads\/2024\/10\/54101179492_ccdf20183d_k.jpg?w=1280&amp;ssl=1 1280w, https:\/\/i0.wp.com\/www.globallandscapesforum.org\/wp-content\/uploads\/2024\/10\/54101179492_ccdf20183d_k.jpg?w=1920&amp;ssl=1 1920w\" sizes=\"(max-width: 640px) 100vw, 640px\" \/><figcaption id=\"caption-attachment-68851\" class=\"wp-caption-text\"><em>Izq. A der. Josimara Melguero de Oliveira de Articulaci\u00f3n de los Pueblos Ind\u00edgenas de Brasil (APIB); Kleber Karipuna, coordinador ejecutivo de APIB; y Serge Wilmes, ministro de Medio Ambiente, Clima y Biodiversidad, y ministro de Funci\u00f3n P\u00fablica de Luxemburgo. Foto: Javier Guzm\u00e1n \/ Global Landscapes Forum<\/em><\/figcaption><\/figure>\n<p>&nbsp;<\/p>\n<figure id=\"attachment_68852\" aria-describedby=\"caption-attachment-68852\" style=\"width: 640px\" class=\"wp-caption alignnone\"><img data-recalc-dims=\"1\" loading=\"lazy\" decoding=\"async\" class=\"size-large wp-image-68852\" src=\"https:\/\/i0.wp.com\/www.globallandscapesforum.org\/wp-content\/uploads\/2024\/10\/54102036556_50504ab3b7_k.jpg?resize=640%2C427&#038;ssl=1\" alt=\"\" width=\"640\" height=\"427\" srcset=\"https:\/\/i0.wp.com\/www.globallandscapesforum.org\/wp-content\/uploads\/2024\/10\/54102036556_50504ab3b7_k.jpg?resize=1024%2C683&amp;ssl=1 1024w, https:\/\/i0.wp.com\/www.globallandscapesforum.org\/wp-content\/uploads\/2024\/10\/54102036556_50504ab3b7_k.jpg?resize=300%2C200&amp;ssl=1 300w, https:\/\/i0.wp.com\/www.globallandscapesforum.org\/wp-content\/uploads\/2024\/10\/54102036556_50504ab3b7_k.jpg?resize=768%2C512&amp;ssl=1 768w, https:\/\/i0.wp.com\/www.globallandscapesforum.org\/wp-content\/uploads\/2024\/10\/54102036556_50504ab3b7_k.jpg?resize=1536%2C1024&amp;ssl=1 1536w, https:\/\/i0.wp.com\/www.globallandscapesforum.org\/wp-content\/uploads\/2024\/10\/54102036556_50504ab3b7_k.jpg?resize=982%2C656&amp;ssl=1 982w, https:\/\/i0.wp.com\/www.globallandscapesforum.org\/wp-content\/uploads\/2024\/10\/54102036556_50504ab3b7_k.jpg?w=2048&amp;ssl=1 2048w, https:\/\/i0.wp.com\/www.globallandscapesforum.org\/wp-content\/uploads\/2024\/10\/54102036556_50504ab3b7_k.jpg?w=1280&amp;ssl=1 1280w, https:\/\/i0.wp.com\/www.globallandscapesforum.org\/wp-content\/uploads\/2024\/10\/54102036556_50504ab3b7_k.jpg?w=1920&amp;ssl=1 1920w\" sizes=\"(max-width: 640px) 100vw, 640px\" \/><figcaption id=\"caption-attachment-68852\" class=\"wp-caption-text\"><em>Kleber Karipuna, coordinador ejecutivo de Articulaci\u00f3n de los Pueblos Ind\u00edgenas de Brasil (APIB). Foto: Javier Guzm\u00e1n \/ Global Landscapes Forum<\/em><\/figcaption><\/figure>\n<p>&nbsp;<\/p>\n<figure id=\"attachment_68853\" aria-describedby=\"caption-attachment-68853\" style=\"width: 640px\" class=\"wp-caption alignnone\"><img data-recalc-dims=\"1\" loading=\"lazy\" decoding=\"async\" class=\"size-large wp-image-68853\" src=\"https:\/\/i0.wp.com\/www.globallandscapesforum.org\/wp-content\/uploads\/2024\/10\/54102027306_bcca2bb4f4_k.jpg?resize=640%2C427&#038;ssl=1\" alt=\"\" width=\"640\" height=\"427\" srcset=\"https:\/\/i0.wp.com\/www.globallandscapesforum.org\/wp-content\/uploads\/2024\/10\/54102027306_bcca2bb4f4_k.jpg?resize=1024%2C683&amp;ssl=1 1024w, https:\/\/i0.wp.com\/www.globallandscapesforum.org\/wp-content\/uploads\/2024\/10\/54102027306_bcca2bb4f4_k.jpg?resize=300%2C200&amp;ssl=1 300w, https:\/\/i0.wp.com\/www.globallandscapesforum.org\/wp-content\/uploads\/2024\/10\/54102027306_bcca2bb4f4_k.jpg?resize=768%2C512&amp;ssl=1 768w, https:\/\/i0.wp.com\/www.globallandscapesforum.org\/wp-content\/uploads\/2024\/10\/54102027306_bcca2bb4f4_k.jpg?resize=1536%2C1024&amp;ssl=1 1536w, https:\/\/i0.wp.com\/www.globallandscapesforum.org\/wp-content\/uploads\/2024\/10\/54102027306_bcca2bb4f4_k.jpg?resize=982%2C656&amp;ssl=1 982w, https:\/\/i0.wp.com\/www.globallandscapesforum.org\/wp-content\/uploads\/2024\/10\/54102027306_bcca2bb4f4_k.jpg?w=2048&amp;ssl=1 2048w, https:\/\/i0.wp.com\/www.globallandscapesforum.org\/wp-content\/uploads\/2024\/10\/54102027306_bcca2bb4f4_k.jpg?w=1280&amp;ssl=1 1280w, https:\/\/i0.wp.com\/www.globallandscapesforum.org\/wp-content\/uploads\/2024\/10\/54102027306_bcca2bb4f4_k.jpg?w=1920&amp;ssl=1 1920w\" sizes=\"(max-width: 640px) 100vw, 640px\" \/><figcaption id=\"caption-attachment-68853\" class=\"wp-caption-text\"><em>Serge Wilmes, ministro de Medio Ambiente, Clima y Biodiversidad, y ministro de Funci\u00f3n P\u00fablica de Luxemburgo. Foto: Javier Guzm\u00e1n \/ Global Landscapes Forum<\/em><\/figcaption><\/figure>\n<p>&nbsp;<\/p>\n<figure id=\"attachment_68854\" aria-describedby=\"caption-attachment-68854\" style=\"width: 640px\" class=\"wp-caption alignnone\"><img data-recalc-dims=\"1\" loading=\"lazy\" decoding=\"async\" class=\"size-large wp-image-68854\" src=\"https:\/\/i0.wp.com\/www.globallandscapesforum.org\/wp-content\/uploads\/2024\/10\/54102287153_0074d5a605_k.jpg?resize=640%2C427&#038;ssl=1\" alt=\"\" width=\"640\" height=\"427\" srcset=\"https:\/\/i0.wp.com\/www.globallandscapesforum.org\/wp-content\/uploads\/2024\/10\/54102287153_0074d5a605_k.jpg?resize=1024%2C683&amp;ssl=1 1024w, https:\/\/i0.wp.com\/www.globallandscapesforum.org\/wp-content\/uploads\/2024\/10\/54102287153_0074d5a605_k.jpg?resize=300%2C200&amp;ssl=1 300w, https:\/\/i0.wp.com\/www.globallandscapesforum.org\/wp-content\/uploads\/2024\/10\/54102287153_0074d5a605_k.jpg?resize=768%2C512&amp;ssl=1 768w, https:\/\/i0.wp.com\/www.globallandscapesforum.org\/wp-content\/uploads\/2024\/10\/54102287153_0074d5a605_k.jpg?resize=1536%2C1024&amp;ssl=1 1536w, https:\/\/i0.wp.com\/www.globallandscapesforum.org\/wp-content\/uploads\/2024\/10\/54102287153_0074d5a605_k.jpg?resize=982%2C656&amp;ssl=1 982w, https:\/\/i0.wp.com\/www.globallandscapesforum.org\/wp-content\/uploads\/2024\/10\/54102287153_0074d5a605_k.jpg?w=2048&amp;ssl=1 2048w, https:\/\/i0.wp.com\/www.globallandscapesforum.org\/wp-content\/uploads\/2024\/10\/54102287153_0074d5a605_k.jpg?w=1280&amp;ssl=1 1280w, https:\/\/i0.wp.com\/www.globallandscapesforum.org\/wp-content\/uploads\/2024\/10\/54102287153_0074d5a605_k.jpg?w=1920&amp;ssl=1 1920w\" sizes=\"(max-width: 640px) 100vw, 640px\" \/><figcaption id=\"caption-attachment-68854\" class=\"wp-caption-text\"><em>Durante la plenaria de apertura del 7.\u00ba Simposio del caso de inversi\u00f3n GLF, \u201cMovilizando miles de millones: caminos para lograr el Marco Mundial de Biodiversidad\u201d. Foto: Javier Guzm\u00e1n \/ Global Landscapes Forum<\/em><\/figcaption><\/figure>\n<p>&nbsp;<\/p>\n","protected":false},"excerpt":{"rendered":"<p>el evento enfatiz\u00f3 la necesidad de integrar la biodiversidad en los sistemas financieros y construir sinergias entre las tres Convenciones de R\u00edo<\/p>\n","protected":false},"author":35,"featured_media":68847,"template":"","meta":{"_acf_changed":false,"jetpack_post_was_ever_published":false,"_links_to":"","_links_to_target":""},"categories":[3994],"tags":[],"location":[],"organization":[],"news_category":[4041],"coauthors":[4980],"class_list":["post-68875","corporate_news","type-corporate_news","status-publish","has-post-thumbnail","hentry","category-finance-es","news_category-press-release-es"],"acf":[],"yoast_head":"<!-- This site is optimized with the Yoast SEO plugin v27.5 - https:\/\/yoast.com\/product\/yoast-seo-wordpress\/ -->\n<title>News: L\u00edderes trazan un camino innovador para financiar la biodiversidad y acciones clim\u00e1ticas - Global Landscapes Forum<\/title>\n<meta name=\"description\" content=\"el evento enfatiz\u00f3 la necesidad de integrar la biodiversidad en los sistemas financieros y construir sinergias entre las tres Convenciones de R\u00edo\" \/>\n<meta name=\"robots\" content=\"index, follow, max-snippet:-1, max-image-preview:large, max-video-preview:-1\" \/>\n<link rel=\"canonical\" href=\"https:\/\/www.globallandscapesforum.org\/es\/glf-news\/lideres-trazan-un-camino-innovador-para-financiar-la-biodiversidad-y-acciones-climaticas\/\" \/>\n<meta property=\"og:locale\" content=\"es_ES\" \/>\n<meta property=\"og:type\" content=\"article\" \/>\n<meta property=\"og:title\" content=\"News: L\u00edderes trazan un camino innovador para financiar la biodiversidad y acciones clim\u00e1ticas - Global Landscapes Forum\" \/>\n<meta property=\"og:description\" content=\"el evento enfatiz\u00f3 la necesidad de integrar la biodiversidad en los sistemas financieros y construir sinergias entre las tres Convenciones de R\u00edo\" \/>\n<meta property=\"og:url\" content=\"https:\/\/www.globallandscapesforum.org\/es\/glf-news\/lideres-trazan-un-camino-innovador-para-financiar-la-biodiversidad-y-acciones-climaticas\/\" \/>\n<meta property=\"og:site_name\" content=\"Global Landscapes Forum\" \/>\n<meta property=\"article:publisher\" content=\"https:\/\/www.facebook.com\/GlobalLandscapesForum\/\" \/>\n<meta property=\"article:modified_time\" content=\"2025-10-20T10:39:25+00:00\" \/>\n<meta property=\"og:image\" content=\"https:\/\/www.globallandscapesforum.org\/wp-content\/uploads\/2024\/10\/Closing-plenary.jpeg\" \/>\n\t<meta property=\"og:image:width\" content=\"1600\" \/>\n\t<meta property=\"og:image:height\" content=\"1200\" \/>\n\t<meta property=\"og:image:type\" content=\"image\/jpeg\" \/>\n<meta name=\"twitter:card\" content=\"summary_large_image\" \/>\n<meta name=\"twitter:site\" content=\"@globallf\" \/>\n<meta name=\"twitter:label1\" content=\"Tiempo de lectura\" \/>\n\t<meta name=\"twitter:data1\" content=\"9 minutos\" \/>\n\t<meta name=\"twitter:label2\" content=\"Written by\" \/>\n\t<meta name=\"twitter:data2\" content=\"digitalassistant\" \/>\n<!-- \/ Yoast SEO plugin. -->","yoast_head_json":{"title":"News: L\u00edderes trazan un camino innovador para financiar la biodiversidad y acciones clim\u00e1ticas - Global Landscapes Forum","description":"el evento enfatiz\u00f3 la necesidad de integrar la biodiversidad en los sistemas financieros y construir sinergias entre las tres Convenciones de R\u00edo","robots":{"index":"index","follow":"follow","max-snippet":"max-snippet:-1","max-image-preview":"max-image-preview:large","max-video-preview":"max-video-preview:-1"},"canonical":"https:\/\/www.globallandscapesforum.org\/es\/glf-news\/lideres-trazan-un-camino-innovador-para-financiar-la-biodiversidad-y-acciones-climaticas\/","og_locale":"es_ES","og_type":"article","og_title":"News: L\u00edderes trazan un camino innovador para financiar la biodiversidad y acciones clim\u00e1ticas - Global Landscapes Forum","og_description":"el evento enfatiz\u00f3 la necesidad de integrar la biodiversidad en los sistemas financieros y construir sinergias entre las tres Convenciones de R\u00edo","og_url":"https:\/\/www.globallandscapesforum.org\/es\/glf-news\/lideres-trazan-un-camino-innovador-para-financiar-la-biodiversidad-y-acciones-climaticas\/","og_site_name":"Global Landscapes Forum","article_publisher":"https:\/\/www.facebook.com\/GlobalLandscapesForum\/","article_modified_time":"2025-10-20T10:39:25+00:00","og_image":[{"width":1600,"height":1200,"url":"https:\/\/www.globallandscapesforum.org\/wp-content\/uploads\/2024\/10\/Closing-plenary.jpeg","type":"image\/jpeg"}],"twitter_card":"summary_large_image","twitter_site":"@globallf","twitter_misc":{"Tiempo de lectura":"9 minutos","Written by":"digitalassistant"},"schema":{"@context":"https:\/\/schema.org","@graph":[{"@type":"WebPage","@id":"https:\/\/www.globallandscapesforum.org\/es\/glf-news\/lideres-trazan-un-camino-innovador-para-financiar-la-biodiversidad-y-acciones-climaticas\/","url":"https:\/\/www.globallandscapesforum.org\/es\/glf-news\/lideres-trazan-un-camino-innovador-para-financiar-la-biodiversidad-y-acciones-climaticas\/","name":"News: L\u00edderes trazan un camino innovador para financiar la biodiversidad y acciones clim\u00e1ticas - Global Landscapes Forum","isPartOf":{"@id":"https:\/\/www.globallandscapesforum.org\/#website"},"primaryImageOfPage":{"@id":"https:\/\/www.globallandscapesforum.org\/es\/glf-news\/lideres-trazan-un-camino-innovador-para-financiar-la-biodiversidad-y-acciones-climaticas\/#primaryimage"},"image":{"@id":"https:\/\/www.globallandscapesforum.org\/es\/glf-news\/lideres-trazan-un-camino-innovador-para-financiar-la-biodiversidad-y-acciones-climaticas\/#primaryimage"},"thumbnailUrl":"https:\/\/i0.wp.com\/www.globallandscapesforum.org\/wp-content\/uploads\/2024\/10\/Closing-plenary.jpeg?fit=1600%2C1200&ssl=1","datePublished":"2024-10-30T07:48:50+00:00","dateModified":"2025-10-20T10:39:25+00:00","description":"el evento enfatiz\u00f3 la necesidad de integrar la biodiversidad en los sistemas financieros y construir sinergias entre las tres Convenciones de R\u00edo","breadcrumb":{"@id":"https:\/\/www.globallandscapesforum.org\/es\/glf-news\/lideres-trazan-un-camino-innovador-para-financiar-la-biodiversidad-y-acciones-climaticas\/#breadcrumb"},"inLanguage":"es","potentialAction":[{"@type":"ReadAction","target":["https:\/\/www.globallandscapesforum.org\/es\/glf-news\/lideres-trazan-un-camino-innovador-para-financiar-la-biodiversidad-y-acciones-climaticas\/"]}]},{"@type":"ImageObject","inLanguage":"es","@id":"https:\/\/www.globallandscapesforum.org\/es\/glf-news\/lideres-trazan-un-camino-innovador-para-financiar-la-biodiversidad-y-acciones-climaticas\/#primaryimage","url":"https:\/\/i0.wp.com\/www.globallandscapesforum.org\/wp-content\/uploads\/2024\/10\/Closing-plenary.jpeg?fit=1600%2C1200&ssl=1","contentUrl":"https:\/\/i0.wp.com\/www.globallandscapesforum.org\/wp-content\/uploads\/2024\/10\/Closing-plenary.jpeg?fit=1600%2C1200&ssl=1","width":1600,"height":1200,"caption":"Ponentes durante la plenaria \u201cPrioridades y soluciones para una hoja de ruta de financiamiento global de la biodiversidad\u201d. Foto: Global Landscapes Forum"},{"@type":"BreadcrumbList","@id":"https:\/\/www.globallandscapesforum.org\/es\/glf-news\/lideres-trazan-un-camino-innovador-para-financiar-la-biodiversidad-y-acciones-climaticas\/#breadcrumb","itemListElement":[{"@type":"ListItem","position":1,"name":"Home","item":"https:\/\/www.globallandscapesforum.org\/"},{"@type":"ListItem","position":2,"name":"GLF News","item":"https:\/\/www.globallandscapesforum.org\/glf-news\/"},{"@type":"ListItem","position":3,"name":"L\u00edderes trazan un camino innovador para financiar la biodiversidad y acciones clim\u00e1ticas"}]},{"@type":"WebSite","@id":"https:\/\/www.globallandscapesforum.org\/#website","url":"https:\/\/www.globallandscapesforum.org\/","name":"Global Landscapes Forum","description":"Connect, learn and share","publisher":{"@id":"https:\/\/www.globallandscapesforum.org\/#organization"},"potentialAction":[{"@type":"SearchAction","target":{"@type":"EntryPoint","urlTemplate":"https:\/\/www.globallandscapesforum.org\/?s={search_term_string}"},"query-input":{"@type":"PropertyValueSpecification","valueRequired":true,"valueName":"search_term_string"}}],"inLanguage":"es"},{"@type":"Organization","@id":"https:\/\/www.globallandscapesforum.org\/#organization","name":"Global Landscapes Forum","url":"https:\/\/www.globallandscapesforum.org\/","logo":{"@type":"ImageObject","inLanguage":"es","@id":"https:\/\/www.globallandscapesforum.org\/#\/schema\/logo\/image\/","url":"https:\/\/i0.wp.com\/www.globallandscapesforum.org\/wp-content\/uploads\/2018\/02\/logo_glf.png?fit=63%2C60&ssl=1","contentUrl":"https:\/\/i0.wp.com\/www.globallandscapesforum.org\/wp-content\/uploads\/2018\/02\/logo_glf.png?fit=63%2C60&ssl=1","width":63,"height":60,"caption":"Global Landscapes Forum"},"image":{"@id":"https:\/\/www.globallandscapesforum.org\/#\/schema\/logo\/image\/"},"sameAs":["https:\/\/www.facebook.com\/GlobalLandscapesForum\/","https:\/\/x.com\/globallf","https:\/\/www.instagram.com\/globallandscapesforum\/","https:\/\/www.linkedin.com\/company\/globallandscapesforum","https:\/\/www.youtube.com\/globallandscapesforum"]}]}},"jetpack_sharing_enabled":true,"_links":{"self":[{"href":"https:\/\/www.globallandscapesforum.org\/es\/wp-json\/wp\/v2\/corporate_news\/68875","targetHints":{"allow":["GET"]}}],"collection":[{"href":"https:\/\/www.globallandscapesforum.org\/es\/wp-json\/wp\/v2\/corporate_news"}],"about":[{"href":"https:\/\/www.globallandscapesforum.org\/es\/wp-json\/wp\/v2\/types\/corporate_news"}],"author":[{"embeddable":true,"href":"https:\/\/www.globallandscapesforum.org\/es\/wp-json\/wp\/v2\/users\/35"}],"version-history":[{"count":0,"href":"https:\/\/www.globallandscapesforum.org\/es\/wp-json\/wp\/v2\/corporate_news\/68875\/revisions"}],"wp:featuredmedia":[{"embeddable":true,"href":"https:\/\/www.globallandscapesforum.org\/es\/wp-json\/wp\/v2\/media\/68847"}],"wp:attachment":[{"href":"https:\/\/www.globallandscapesforum.org\/es\/wp-json\/wp\/v2\/media?parent=68875"}],"wp:term":[{"taxonomy":"category","embeddable":true,"href":"https:\/\/www.globallandscapesforum.org\/es\/wp-json\/wp\/v2\/categories?post=68875"},{"taxonomy":"post_tag","embeddable":true,"href":"https:\/\/www.globallandscapesforum.org\/es\/wp-json\/wp\/v2\/tags?post=68875"},{"taxonomy":"location","embeddable":true,"href":"https:\/\/www.globallandscapesforum.org\/es\/wp-json\/wp\/v2\/location?post=68875"},{"taxonomy":"organization","embeddable":true,"href":"https:\/\/www.globallandscapesforum.org\/es\/wp-json\/wp\/v2\/organization?post=68875"},{"taxonomy":"news_category","embeddable":true,"href":"https:\/\/www.globallandscapesforum.org\/es\/wp-json\/wp\/v2\/news_category?post=68875"},{"taxonomy":"author","embeddable":true,"href":"https:\/\/www.globallandscapesforum.org\/es\/wp-json\/wp\/v2\/coauthors?post=68875"}],"curies":[{"name":"wp","href":"https:\/\/api.w.org\/{rel}","templated":true}]}}