{"id":89221,"date":"2026-09-04T06:53:00","date_gmt":"2026-09-03T23:53:00","guid":{"rendered":"https:\/\/www.globallandscapesforum.org\/glf-news\/the-glf-takes-part-in-the-festival-espiral-de-historias\/"},"modified":"2026-09-04T07:35:04","modified_gmt":"2026-09-04T00:35:04","slug":"el-glf-participa-en-el-festival-espiral-de-historias","status":"publish","type":"corporate_news","link":"https:\/\/www.globallandscapesforum.org\/es\/glf-news\/el-glf-participa-en-el-festival-espiral-de-historias\/","title":{"rendered":"El GLF participa en el Festival Espiral de Historias"},"content":{"rendered":"<p>El martes 8 de septiembre de 2026, agentes de cambio del programa Restoration Stewards en Per\u00fa, de la red GLFx en Argentina y del pueblo ind\u00edgena Arhuaco en Colombia compartir\u00e1n sus experiencias junto a la periodista de investigaci\u00f3n Edilma Prada, en la charla pr\u00e1ctica \u201cSanar territorios en Latinoam\u00e9rica; historias de comunidades que restauran la tierra\u201d.<\/p>\n<p>Este <a href=\"https:\/\/agendapropia.co\/oportunidades\/charla-prctica-sanar-territorios-en-latinoamrica?lang=es\" target=\"_blank\" rel=\"noopener\">di\u00e1logo intercultural<\/a>, virtual, gratuito y abierto a todo p\u00fablico forma parte del <a href=\"https:\/\/agendapropia.co\/festival-espiral-de-historias-1\" target=\"_blank\" rel=\"noopener\">Festival Espiral de Historias<\/a>, liderado por el medio Agenda Propia.<\/p>\n<p>Se explorar\u00e1n acciones comunitarias de restauraci\u00f3n de paisajes que enfrentan los desaf\u00edos de la crisis clim\u00e1tica y de proyectos extractivos. Con la gu\u00eda de narradoras y editoras, panelistas y participantes reflexionar\u00e1n sobre c\u00f3mo contar estas historias puede generar un impacto positivo en el territorio y fuera de \u00e9l.<\/p>\n<ul>\n<li><strong>Fecha:<\/strong> martes, 8 de septiembre, 2:00 pm (Mex), 3:00 pm (Col), 4:00 pm (Bol), 5 pm (Arg)<\/li>\n<li><strong>Duraci\u00f3n:<\/strong> 75 minutos<\/li>\n<li><strong>Transmisi\u00f3n en vivo:<\/strong> <a href=\"https:\/\/www.facebook.com\/events\/1100725466228862\/?rdid=o2KDWYhF38HBR0br&amp;share_url=https%3A%2F%2Fwww.facebook.com%2Fshare%2F198FY13jYQ%2F#\" target=\"_blank\" rel=\"noopener\">Facebook Live<\/a> y <a href=\"https:\/\/www.youtube.com\/live\/68Cz3W8VIwM?si=z-2fYLlJcGZJpd9_\" target=\"_blank\" rel=\"noopener\">YouTube<\/a><\/li>\n<li><strong>Dirigida a:<\/strong> periodistas, narradores, comunicadores ind\u00edgenas y comunitarios, editores y otros profesionales de la comunicaci\u00f3n, as\u00ed como a estudiantes, docentes, personas dedicadas a la ciencia comunitaria y l\u00edderes sociales<\/li>\n<li><strong>Panel:<\/strong>\n<ul>\n<li>Lizet Mej\u00eda Penadillo, Lizet Mej\u00eda Penadillo, Ingeniera ambiental y <a href=\"https:\/\/stewards.globallandscapesforum.org\/meet-the-restoration-stewards\/\" target=\"_blank\" rel=\"noopener\">Restoration Steward<\/a> de Bosques 2026<\/li>\n<li>Nancy Reyna L\u00f3pez, lideresa Weenhayek y co-coordinadora de <a href=\"https:\/\/www.globallandscapesforum.org\/about-glfx\/\">GLFx<\/a> Wikina Wos<\/li>\n<li>Ati Zariguney Martys Maya Villafa\u00f1a Izquierdo, lideresa del pueblo ind\u00edgena Arhuaco y estudiante de Gobierno y Asuntos Internacionales<\/li>\n<li>(Moderadora) Edilma Prada C\u00e9spedes, directora de <a href=\"https:\/\/agendapropia.co\/\">Agenda Propia<\/a><\/li>\n<\/ul>\n<\/li>\n<\/ul>\n<p>La charla se realiza en alianza con el Global Landscapes Forum (GLF), en el marco de su campa\u00f1a <a href=\"https:\/\/events.globallandscapesforum.org\/majority-for-action-2026\/\">#MajorityForAction<\/a> (Mayor\u00eda por la acci\u00f3n), que visibiliza c\u00f3mo para las comunidades locales el cambio clim\u00e1tico, la p\u00e9rdida de biodiversidad y la degradaci\u00f3n de los suelos son crisis profundamente conectadas, impactando desde las fuentes de alimento, agua y medios de vida hasta aspectos de salud, migraci\u00f3n y el futuro de sus territorios.<\/p>\n<p>Esta actividad se realiza en paralelo a las tres conferencias mundiales \u2014la COP17 de la UNCCD, la COP31 sobre el clima y la COP17 sobre la biodiversidad\u2014 que dar\u00e1n forma a las decisiones mundiales sobre el clima, la biodiversidad y la tierra.<\/p>\n<p><strong>Llamado a la acci\u00f3n para los participantes<\/strong><\/p>\n<p><span class=\"TextRun SCXW142991490 BCX0\" lang=\"ES-ES\" xml:lang=\"ES-ES\" data-contrast=\"none\"><span class=\"NormalTextRun SCXW142991490 BCX0\">Durante <\/span><span class=\"NormalTextRun SCXW142991490 BCX0\">este<\/span><span class=\"NormalTextRun SCXW142991490 BCX0\"> di\u00e1logo intercultural se invita al p\u00fablico para que compartan sus ideas de c\u00f3mo hacer visibles las experiencias de las comunidades invitadas y otras que lideran los territorios. Adem\u00e1s, de aportar soluciones creativas de c\u00f3mo, por medio de la comunicaci\u00f3n de sus acciones y conocimientos, una com<\/span><span class=\"NormalTextRun SCXW142991490 BCX0\">unidad puede actuar para generar cambios en territorios con impactos socioambientales.<\/span><\/span><span class=\"EOP Selected SCXW142991490 BCX0\" data-ccp-props=\"{&quot;134233117&quot;:false,&quot;134233118&quot;:false,&quot;134245418&quot;:false,&quot;134245529&quot;:false,&quot;201341983&quot;:0,&quot;335551550&quot;:6,&quot;335551620&quot;:6,&quot;335559738&quot;:0,&quot;335559739&quot;:0,&quot;335559740&quot;:240}\">\u00a0<\/span><\/p>\n<p>Encuentre <a href=\"https:\/\/agendapropia.co\/oportunidades\/charla-prctica-sanar-territorios-en-latinoamrica?lang=es\" target=\"_blank\" rel=\"noopener\">aqu\u00ed m\u00e1s informaci\u00f3n<\/a> sobre las panelistas.<\/p>\n","protected":false},"excerpt":{"rendered":"<p>El 8 de septiembre, la Restoration Steward de Bosques 2026 y la co-coordinadora de GLFx Wikina Wos compartir\u00e1n sus experiencias en la sesi\u00f3n pr\u00e1ctica \u201cSanar territorios en Latinoam\u00e9rica&#8221;<\/p>\n","protected":false},"author":37,"featured_media":89219,"template":"","meta":{"_acf_changed":false,"_links_to":"","_links_to_target":""},"categories":[3997],"tags":[],"location":[],"organization":[],"news_category":[],"coauthors":[5314],"class_list":["post-89221","corporate_news","type-corporate_news","status-publish","has-post-thumbnail","hentry","category-restoration-es","story_type-news"],"acf":[],"yoast_head":"<!-- This site is optimized with the Yoast SEO plugin v28.4 - https:\/\/yoast.com\/product\/yoast-seo-wordpress\/ -->\n<title>News: El GLF participa en el Festival Espiral de Historias - Global Landscapes Forum<\/title>\n<meta name=\"description\" content=\"El 8 de septiembre, la Restoration Steward de Bosques 2026 y la co-coordinadora de GLFx Wikina Wos compartir\u00e1n sus experiencias en la sesi\u00f3n pr\u00e1cti\" \/>\n<meta name=\"robots\" content=\"index, follow, max-snippet:-1, max-image-preview:large, max-video-preview:-1\" \/>\n<link rel=\"canonical\" href=\"https:\/\/www.globallandscapesforum.org\/es\/glf-news\/el-glf-participa-en-el-festival-espiral-de-historias\/\" \/>\n<meta property=\"og:locale\" content=\"es_ES\" \/>\n<meta property=\"og:type\" content=\"article\" \/>\n<meta property=\"og:title\" content=\"News: El GLF participa en el Festival Espiral de Historias - Global Landscapes Forum\" \/>\n<meta property=\"og:description\" content=\"El 8 de septiembre, la Restoration Steward de Bosques 2026 y la co-coordinadora de GLFx Wikina Wos compartir\u00e1n sus experiencias en la sesi\u00f3n pr\u00e1ctica \u201cSanar territorios en Latinoam\u00e9rica&quot;\" \/>\n<meta property=\"og:url\" content=\"https:\/\/www.globallandscapesforum.org\/es\/glf-news\/el-glf-participa-en-el-festival-espiral-de-historias\/\" \/>\n<meta property=\"og:site_name\" content=\"Global Landscapes Forum\" \/>\n<meta property=\"article:publisher\" content=\"https:\/\/www.facebook.com\/GlobalLandscapesForum\/\" \/>\n<meta property=\"article:modified_time\" content=\"2026-09-04T00:35:04+00:00\" \/>\n<meta property=\"og:image\" content=\"https:\/\/www.globallandscapesforum.org\/wp-content\/uploads\/2026\/09\/Brackground_600x400.png\" \/>\n\t<meta property=\"og:image:width\" content=\"600\" \/>\n\t<meta property=\"og:image:height\" content=\"400\" \/>\n\t<meta property=\"og:image:type\" content=\"image\/png\" \/>\n<meta name=\"twitter:card\" content=\"summary_large_image\" \/>\n<meta name=\"twitter:site\" content=\"@globallf\" \/>\n<meta name=\"twitter:label1\" content=\"Tiempo de lectura\" \/>\n\t<meta name=\"twitter:data1\" content=\"3 minutos\" \/>\n\t<meta name=\"twitter:label2\" content=\"Written by\" \/>\n\t<meta name=\"twitter:data2\" content=\"glfmedia\" \/>\n<!-- \/ Yoast SEO plugin. -->","yoast_head_json":{"title":"News: El GLF participa en el Festival Espiral de Historias - Global Landscapes Forum","description":"El 8 de septiembre, la Restoration Steward de Bosques 2026 y la co-coordinadora de GLFx Wikina Wos compartir\u00e1n sus experiencias en la sesi\u00f3n pr\u00e1cti","robots":{"index":"index","follow":"follow","max-snippet":"max-snippet:-1","max-image-preview":"max-image-preview:large","max-video-preview":"max-video-preview:-1"},"canonical":"https:\/\/www.globallandscapesforum.org\/es\/glf-news\/el-glf-participa-en-el-festival-espiral-de-historias\/","og_locale":"es_ES","og_type":"article","og_title":"News: El GLF participa en el Festival Espiral de Historias - Global Landscapes Forum","og_description":"El 8 de septiembre, la Restoration Steward de Bosques 2026 y la co-coordinadora de GLFx Wikina Wos compartir\u00e1n sus experiencias en la sesi\u00f3n pr\u00e1ctica \u201cSanar territorios en Latinoam\u00e9rica\"","og_url":"https:\/\/www.globallandscapesforum.org\/es\/glf-news\/el-glf-participa-en-el-festival-espiral-de-historias\/","og_site_name":"Global Landscapes Forum","article_publisher":"https:\/\/www.facebook.com\/GlobalLandscapesForum\/","article_modified_time":"2026-09-04T00:35:04+00:00","og_image":[{"width":600,"height":400,"url":"https:\/\/www.globallandscapesforum.org\/wp-content\/uploads\/2026\/09\/Brackground_600x400.png","type":"image\/png"}],"twitter_card":"summary_large_image","twitter_site":"@globallf","twitter_misc":{"Tiempo de lectura":"3 minutos","Written by":"glfmedia"},"schema":{"@context":"https:\/\/schema.org","@graph":[{"@type":"WebPage","@id":"https:\/\/www.globallandscapesforum.org\/es\/glf-news\/el-glf-participa-en-el-festival-espiral-de-historias\/","url":"https:\/\/www.globallandscapesforum.org\/es\/glf-news\/el-glf-participa-en-el-festival-espiral-de-historias\/","name":"News: El GLF participa en el Festival Espiral de Historias - Global Landscapes Forum","isPartOf":{"@id":"https:\/\/www.globallandscapesforum.org\/#website"},"primaryImageOfPage":{"@id":"https:\/\/www.globallandscapesforum.org\/es\/glf-news\/el-glf-participa-en-el-festival-espiral-de-historias\/#primaryimage"},"image":{"@id":"https:\/\/www.globallandscapesforum.org\/es\/glf-news\/el-glf-participa-en-el-festival-espiral-de-historias\/#primaryimage"},"thumbnailUrl":"https:\/\/i0.wp.com\/www.globallandscapesforum.org\/wp-content\/uploads\/2026\/09\/Brackground_600x400.png?fit=600%2C400&ssl=1","datePublished":"2026-09-03T23:53:00+00:00","dateModified":"2026-09-04T00:35:04+00:00","description":"El 8 de septiembre, la Restoration Steward de Bosques 2026 y la co-coordinadora de GLFx Wikina Wos compartir\u00e1n sus experiencias en la sesi\u00f3n pr\u00e1ctica \u201cSanar territorios en Latinoam\u00e9rica\"","breadcrumb":{"@id":"https:\/\/www.globallandscapesforum.org\/es\/glf-news\/el-glf-participa-en-el-festival-espiral-de-historias\/#breadcrumb"},"inLanguage":"es","potentialAction":[{"@type":"ReadAction","target":["https:\/\/www.globallandscapesforum.org\/es\/glf-news\/el-glf-participa-en-el-festival-espiral-de-historias\/"]}]},{"@type":"ImageObject","inLanguage":"es","@id":"https:\/\/www.globallandscapesforum.org\/es\/glf-news\/el-glf-participa-en-el-festival-espiral-de-historias\/#primaryimage","url":"https:\/\/i0.wp.com\/www.globallandscapesforum.org\/wp-content\/uploads\/2026\/09\/Brackground_600x400.png?fit=600%2C400&ssl=1","contentUrl":"https:\/\/i0.wp.com\/www.globallandscapesforum.org\/wp-content\/uploads\/2026\/09\/Brackground_600x400.png?fit=600%2C400&ssl=1","width":600,"height":400,"caption":"Background Festival Espiral de Historias"},{"@type":"BreadcrumbList","@id":"https:\/\/www.globallandscapesforum.org\/es\/glf-news\/el-glf-participa-en-el-festival-espiral-de-historias\/#breadcrumb","itemListElement":[{"@type":"ListItem","position":1,"name":"Home","item":"https:\/\/www.globallandscapesforum.org\/"},{"@type":"ListItem","position":2,"name":"GLF News","item":"https:\/\/www.globallandscapesforum.org\/glf-news\/"},{"@type":"ListItem","position":3,"name":"El GLF participa en el Festival Espiral de Historias"}]},{"@type":"WebSite","@id":"https:\/\/www.globallandscapesforum.org\/#website","url":"https:\/\/www.globallandscapesforum.org\/","name":"Global Landscapes Forum","description":"Connect, learn and share","publisher":{"@id":"https:\/\/www.globallandscapesforum.org\/#organization"},"potentialAction":[{"@type":"SearchAction","target":{"@type":"EntryPoint","urlTemplate":"https:\/\/www.globallandscapesforum.org\/?s={search_term_string}"},"query-input":{"@type":"PropertyValueSpecification","valueRequired":true,"valueName":"search_term_string"}}],"inLanguage":"es"},{"@type":"Organization","@id":"https:\/\/www.globallandscapesforum.org\/#organization","name":"Global Landscapes Forum","url":"https:\/\/www.globallandscapesforum.org\/","logo":{"@type":"ImageObject","inLanguage":"es","@id":"https:\/\/www.globallandscapesforum.org\/#\/schema\/logo\/image\/","url":"https:\/\/i0.wp.com\/www.globallandscapesforum.org\/wp-content\/uploads\/2018\/02\/logo_glf.png?fit=63%2C60&ssl=1","contentUrl":"https:\/\/i0.wp.com\/www.globallandscapesforum.org\/wp-content\/uploads\/2018\/02\/logo_glf.png?fit=63%2C60&ssl=1","width":63,"height":60,"caption":"Global Landscapes Forum"},"image":{"@id":"https:\/\/www.globallandscapesforum.org\/#\/schema\/logo\/image\/"},"sameAs":["https:\/\/www.facebook.com\/GlobalLandscapesForum\/","https:\/\/x.com\/globallf","https:\/\/www.instagram.com\/globallandscapesforum\/","https:\/\/www.linkedin.com\/company\/globallandscapesforum","https:\/\/www.youtube.com\/globallandscapesforum"]}]}},"jetpack_sharing_enabled":true,"_links":{"self":[{"href":"https:\/\/www.globallandscapesforum.org\/es\/wp-json\/wp\/v2\/corporate_news\/89221","targetHints":{"allow":["GET"]}}],"collection":[{"href":"https:\/\/www.globallandscapesforum.org\/es\/wp-json\/wp\/v2\/corporate_news"}],"about":[{"href":"https:\/\/www.globallandscapesforum.org\/es\/wp-json\/wp\/v2\/types\/corporate_news"}],"author":[{"embeddable":true,"href":"https:\/\/www.globallandscapesforum.org\/es\/wp-json\/wp\/v2\/users\/37"}],"version-history":[{"count":3,"href":"https:\/\/www.globallandscapesforum.org\/es\/wp-json\/wp\/v2\/corporate_news\/89221\/revisions"}],"predecessor-version":[{"id":89233,"href":"https:\/\/www.globallandscapesforum.org\/es\/wp-json\/wp\/v2\/corporate_news\/89221\/revisions\/89233"}],"wp:featuredmedia":[{"embeddable":true,"href":"https:\/\/www.globallandscapesforum.org\/es\/wp-json\/wp\/v2\/media\/89219"}],"wp:attachment":[{"href":"https:\/\/www.globallandscapesforum.org\/es\/wp-json\/wp\/v2\/media?parent=89221"}],"wp:term":[{"taxonomy":"category","embeddable":true,"href":"https:\/\/www.globallandscapesforum.org\/es\/wp-json\/wp\/v2\/categories?post=89221"},{"taxonomy":"post_tag","embeddable":true,"href":"https:\/\/www.globallandscapesforum.org\/es\/wp-json\/wp\/v2\/tags?post=89221"},{"taxonomy":"location","embeddable":true,"href":"https:\/\/www.globallandscapesforum.org\/es\/wp-json\/wp\/v2\/location?post=89221"},{"taxonomy":"organization","embeddable":true,"href":"https:\/\/www.globallandscapesforum.org\/es\/wp-json\/wp\/v2\/organization?post=89221"},{"taxonomy":"news_category","embeddable":true,"href":"https:\/\/www.globallandscapesforum.org\/es\/wp-json\/wp\/v2\/news_category?post=89221"},{"taxonomy":"author","embeddable":true,"href":"https:\/\/www.globallandscapesforum.org\/es\/wp-json\/wp\/v2\/coauthors?post=89221"}],"curies":[{"name":"wp","href":"https:\/\/api.w.org\/{rel}","templated":true}]}}