{"id":52190,"date":"2022-10-31T09:48:21","date_gmt":"2022-10-31T02:48:21","guid":{"rendered":"https:\/\/www.globallandscapesforum.org\/?post_type=corporate_news&#038;p=52190"},"modified":"2022-11-04T15:46:07","modified_gmt":"2022-11-04T08:46:07","slug":"en-route-vers-legypte-temoignages-et-solutions-aux-avant-postes-des-crises-climatiques","status":"publish","type":"corporate_news","link":"https:\/\/www.globallandscapesforum.org\/fr\/glf-news\/en-route-vers-legypte-temoignages-et-solutions-aux-avant-postes-des-crises-climatiques\/","title":{"rendered":"En route vers l\u2019\u00c9gypte\u202f: T\u00e9moignages et solutions aux avant-postes des crises climatiques"},"content":{"rendered":"<p><span data-ccp-props=\"{&quot;201341983&quot;:0,&quot;335551550&quot;:2,&quot;335551620&quot;:2,&quot;335559739&quot;:0,&quot;335559740&quot;:240}\">Photo de Victor Ojediran<\/span><\/p>\n<p><i><span data-contrast=\"none\">Que pouvons-nous faire maintenant\u2009? Des leaders autochtones, des scientifiques de renom, des politiciens et des activistes de premier plan cherchent et apportent des r\u00e9ponses pendant la Conf\u00e9rence GLF Climate, en marge de la plus importante conf\u00e9rence climatique de l\u2019ann\u00e9e.<\/span><\/i><span data-ccp-props=\"{&quot;201341983&quot;:0,&quot;335551550&quot;:2,&quot;335551620&quot;:2,&quot;335559739&quot;:0,&quot;335559740&quot;:240}\">\u00a0<\/span><\/p>\n<p><span data-ccp-props=\"{&quot;201341983&quot;:0,&quot;335551550&quot;:6,&quot;335551620&quot;:6,&quot;335559739&quot;:0,&quot;335559740&quot;:240}\">POUR DIFFUSION IMM\u00c9DIATE | <a href=\"https:\/\/www.globallandscapesforum.org\/glf-news\/heading-to-egypt-voices-and-solutions-from-the-front-line-of-climate-crises\/\">English<\/a>, <a href=\"https:\/\/www.globallandscapesforum.org\/es\/glf-news\/rumbo-a-egipto-voces-y-soluciones-cruciales-en-la-lucha-contra-la-crisis-climatica\/\">espa\u00f1ol<\/a>\u00a0<\/span><\/p>\n<p><b><span data-contrast=\"none\">Bonn, Allemagne (31\u202foctobre 2022)<\/span><\/b><span data-contrast=\"none\">\u00a0\u2013 L\u2019humanit\u00e9 est confront\u00e9e \u00e0 un d\u00e9luge de crises interd\u00e9pendantes\u202f: changement climatique, conflits, famines, inflation \u00e9lev\u00e9e, crise \u00e9nerg\u00e9tique et impacts durables de la pand\u00e9mie<\/span><span data-contrast=\"none\">\u00a0de\u00a0COVID-19. <\/span><span data-contrast=\"none\">Alors que pouvons-nous faire maintenant pour \u00e9viter l\u2019effondrement du climat et de la biodiversit\u00e9\u2009?<\/span><span data-ccp-props=\"{&quot;201341983&quot;:0,&quot;335551550&quot;:6,&quot;335551620&quot;:6,&quot;335559739&quot;:0,&quot;335559740&quot;:240}\">\u00a0<\/span><\/p>\n<p><span data-ccp-props=\"{&quot;201341983&quot;:0,&quot;335551550&quot;:6,&quot;335551620&quot;:6,&quot;335559739&quot;:0,&quot;335559740&quot;:240}\">\u00a0<\/span><span data-contrast=\"none\">La\u00a0conf\u00e9rence\u00a0<\/span><a href=\"https:\/\/conference.globallandscapesforum.org\/climate-2022\/\"><span data-contrast=\"none\">GLF Climate\u202f2022<\/span><\/a><span data-contrast=\"none\">\u00a0du\u00a0<\/span><a href=\"https:\/\/www.globallandscapesforum.org\/\"><span data-contrast=\"none\">Global Landscapes\u00a0Forum<\/span><\/a><span data-contrast=\"none\">\u00a0(GLF), qui se tiendra en ligne et en pr\u00e9sentiel \u00e0 <\/span><a href=\"https:\/\/conference.globallandscapesforum.org\/climate-2022\/content\/join-us-in-sharm-el-sheih\"><span data-contrast=\"none\">Sharm\u202fEl-Sheikh\u202f(\u00c9gypte) en parall\u00e8le de la COP27<\/span><\/a><span data-contrast=\"none\">, les <\/span><b><span data-contrast=\"none\">11 et 12\u202fnovembre\u202f2022<\/span><\/b><span data-contrast=\"none\">, explorera pendant deux jours la question urgente et fondamentale de savoir comment provoquer le changement n\u00e9cessaire au maintien de la vie sur Terre. Avec interpr\u00e9tation simultan\u00e9e en <\/span><b><span data-contrast=\"none\">fran\u00e7ais, anglais et espagnol<\/span><\/b><span data-contrast=\"none\">, la conf\u00e9rence fournira des donn\u00e9es probantes quant \u00e0 des solutions int\u00e9gr\u00e9es\u00a0bas\u00e9es sur la terre\u2009;\u00a0mobilisera les partenariats, les coalitions et les mouvements, du niveau local jusqu\u2019au niveau mondial\u2009;\u00a0et influencera les politiques et les incitations gouvernementales, afin de faciliter une transition juste qui puisse faire la part belle aux populations et \u00e0 la nature.\u00a0<\/span><span data-ccp-props=\"{&quot;201341983&quot;:0,&quot;335551550&quot;:6,&quot;335551620&quot;:6,&quot;335559739&quot;:0,&quot;335559740&quot;:240}\">\u00a0<\/span><\/p>\n<p><span data-contrast=\"none\">Gr\u00e2ce notamment \u00e0 des s\u00e9ances pl\u00e9ni\u00e8res, des sessions interactives, des lancements, et plus, les participant(e)s\u00a0apprendront davantage\u00a0des scientifiques, des activistes, des leaders autochtones, des bailleurs de fonds, des jeunes et des d\u00e9cideurs politiques de renom du monde entier,\u00a0en tant que tous et toutes\u00a0reconstituent le puzzle climatique. Par exemple\u202f:\u00a0<\/span><span data-ccp-props=\"{&quot;201341983&quot;:0,&quot;335551550&quot;:6,&quot;335551620&quot;:6,&quot;335559739&quot;:0,&quot;335559740&quot;:240}\">\u00a0<\/span><\/p>\n<ul>\n<li><a href=\"https:\/\/events.globallandscapesforum.org\/climate-2022\/speaker\/ewi-stephanie-lamma\/\"><span data-contrast=\"none\">Ewi Stephanie Lamma<\/span><\/a><span data-contrast=\"none\">, directrice\u00a0des programmes, Pan African Centre for Climate Policy;\u00a0et membre de l&#8217;\u00e9quipe\u00a0centrale et organisatrice\u00a0d&#8217;\u00e9v\u00e9nements, Chapitre\u00a0GLF\u00a0Yaound\u00e9.<\/span><span data-ccp-props=\"{&quot;134233118&quot;:false,&quot;201341983&quot;:0,&quot;335551550&quot;:6,&quot;335551620&quot;:6,&quot;335559739&quot;:0,&quot;335559740&quot;:240}\">\u00a0<\/span><\/li>\n<li><a href=\"https:\/\/events.globallandscapesforum.org\/climate-2022\/speaker\/galina-angarova\/\"><span data-contrast=\"none\">Galina Angarova,<\/span><\/a><span data-contrast=\"auto\">\u00a0directrice\u00a0ex\u00e9cutive, Cultural Survival<\/span><span data-ccp-props=\"{&quot;201341983&quot;:0,&quot;335551550&quot;:6,&quot;335551620&quot;:6,&quot;335559739&quot;:0,&quot;335559740&quot;:240}\">\u00a0<\/span><\/li>\n<li><a href=\"https:\/\/events.globallandscapesforum.org\/climate-2022\/speaker\/jennifer-pryce\/\"><span data-contrast=\"none\">Jennifer Pryce<\/span><\/a><span data-contrast=\"auto\">, pr\u00e9sidente et directrice g\u00e9n\u00e9rale, Calvert Impact Capital<\/span><span data-ccp-props=\"{&quot;201341983&quot;:0,&quot;335551550&quot;:6,&quot;335551620&quot;:6,&quot;335559739&quot;:0,&quot;335559740&quot;:240}\">\u00a0<\/span><\/li>\n<li><a href=\"https:\/\/events.globallandscapesforum.org\/climate-2022\/speaker\/joycelyn-longdon\/\"><span data-contrast=\"none\">Joycelyn\u00a0Longdon,<\/span><\/a><span data-contrast=\"auto\">\u00a0militante\u00a0pour le climat et fondatrice de\u00a0Climate\u00a0In Colour<\/span><span data-ccp-props=\"{&quot;201341983&quot;:0,&quot;335551550&quot;:6,&quot;335551620&quot;:6,&quot;335559739&quot;:0,&quot;335559740&quot;:240}\">\u00a0<\/span><\/li>\n<li><a href=\"https:\/\/events.globallandscapesforum.org\/climate-2022\/speaker\/ko-barrett\/\"><span data-contrast=\"none\">Ko Barrett,<\/span><\/a><span data-contrast=\"none\">\u00a0vice-pr\u00e9sidente, Groupe d&#8217;experts\u00a0intergouvernemental\u00a0sur l&#8217;\u00e9volution\u00a0du climat\u00a0(GIEC)<\/span><span data-ccp-props=\"{&quot;201341983&quot;:0,&quot;335551550&quot;:6,&quot;335551620&quot;:6,&quot;335559739&quot;:0,&quot;335559740&quot;:240}\">\u00a0<\/span><\/li>\n<li><a href=\"https:\/\/conference.globallandscapesforum.org\/climate-2022\/speaker\/c6c1d433-1925-ed11-ae83-a04a5e7d5b61\"><span data-contrast=\"none\">Lian\u00a0Pin Koh<\/span><\/a><span data-contrast=\"auto\">, directeur du Centre pour les solutions climatiques bas\u00e9es sur la nature, Universit\u00e9 nationale de Singapour<\/span><span data-ccp-props=\"{&quot;201341983&quot;:0,&quot;335551550&quot;:6,&quot;335551620&quot;:6,&quot;335559739&quot;:0,&quot;335559740&quot;:240}\">\u00a0<\/span><\/li>\n<li><a href=\"https:\/\/events.globallandscapesforum.org\/climate-2022\/speaker\/mia-amor-mottley\/\"><span data-contrast=\"none\">Mia Amor Mottley<\/span><\/a><span data-contrast=\"auto\">, Premi\u00e8re\u00a0ministre\u00a0de la Barbade<\/span><span data-ccp-props=\"{&quot;201341983&quot;:0,&quot;335551550&quot;:6,&quot;335551620&quot;:6,&quot;335559739&quot;:0,&quot;335559740&quot;:240}\">\u00a0<\/span><\/li>\n<li><span data-ccp-props=\"{&quot;201341983&quot;:0,&quot;335551550&quot;:6,&quot;335551620&quot;:6,&quot;335559739&quot;:0,&quot;335559740&quot;:240}\"><a href=\"https:\/\/events.globallandscapesforum.org\/climate-2022\/speaker\/ndidi-okonkwo-nwuneli\/\">Ndidi Okonkwo Nwuneli<\/a>, cofondatrice\u00a0et pr\u00e9sidente\u00a0ex\u00e9cutive, Sahel Consulting Agriculture &amp; Nutrition<br \/>\n<\/span><\/li>\n<li><a href=\"https:\/\/conference.globallandscapesforum.org\/climate-2022\/speaker\/c98ddcca-c24a-ed11-819a-000d3a45c4a7\"><span data-contrast=\"none\">Paul Polman<\/span><\/a><span data-contrast=\"auto\">, co-auteur de Net Positive, et \u00ab\u2009PDG remarquable de la derni\u00e8re d\u00e9cennie\u2009\u00bb\u00a0selon le Financial Times<\/span><span data-ccp-props=\"{&quot;201341983&quot;:0,&quot;335551550&quot;:6,&quot;335551620&quot;:6,&quot;335559739&quot;:0,&quot;335559740&quot;:240}\">\u00a0<\/span><\/li>\n<li><a href=\"https:\/\/events.globallandscapesforum.org\/climate-2022\/speaker\/dr-peter-a-minang\/\"><span data-contrast=\"none\">Peter Minang<\/span><\/a><span data-contrast=\"auto\">,\u00a0directeur Afrique,\u00a0Centre de recherche foresti\u00e8re internationale et le Centre international pour la recherche en agroforesterie (CIFOR-ICRAF)<\/span><span data-ccp-props=\"{&quot;201341983&quot;:0,&quot;335551550&quot;:6,&quot;335551620&quot;:6,&quot;335559739&quot;:0,&quot;335559740&quot;:240}\">\u00a0<\/span><\/li>\n<li><span data-ccp-props=\"{&quot;201341983&quot;:0,&quot;335551550&quot;:6,&quot;335551620&quot;:6,&quot;335559739&quot;:0,&quot;335559740&quot;:240}\"><a href=\"https:\/\/events.globallandscapesforum.org\/climate-2022\/speaker\/dr-solange-bandiaky-badji\/\">Solange Bandiaky-Badji<\/a>, coordinatrice\u00a0et pr\u00e9sidente, Initiative des\u00a0droits et ressources (RRI)<br \/>\n<\/span><\/li>\n<li><a href=\"https:\/\/events.globallandscapesforum.org\/climate-2022\/speaker\/sonia-guajajara\/\"><span data-contrast=\"none\">S\u00f4nia\u00a0Guajajara<\/span><\/a><span data-contrast=\"auto\">,\u00a0politicienne indig\u00e8ne et membre du congr\u00e8s, Br\u00e9sil<\/span><span data-ccp-props=\"{&quot;201341983&quot;:0,&quot;335551550&quot;:6,&quot;335551620&quot;:6,&quot;335559739&quot;:0,&quot;335559740&quot;:240}\">\u00a0<\/span><span data-ccp-props=\"{&quot;201341983&quot;:0,&quot;335551550&quot;:6,&quot;335551620&quot;:6,&quot;335559739&quot;:0,&quot;335559740&quot;:240}\"><br \/>\n<\/span><\/li>\n<\/ul>\n<p><span data-ccp-props=\"{&quot;201341983&quot;:0,&quot;335551550&quot;:6,&quot;335551620&quot;:6,&quot;335559739&quot;:0,&quot;335559740&quot;:240}\">\u00a0<\/span><\/p>\n<p><u><b><span data-contrast=\"none\">Quel est l\u2019int\u00e9r\u00eat pour les journalistes d\u2019y assister\u2009?<\/span><\/b><\/u><\/p>\n<p><span data-ccp-props=\"{&quot;201341983&quot;:0,&quot;335551550&quot;:6,&quot;335551620&quot;:6,&quot;335559739&quot;:0,&quot;335559740&quot;:240}\">\u00a0<\/span><b><span data-contrast=\"none\">Des voix qui doivent \u00eatre entendues\u202f<\/span><\/b><span data-contrast=\"none\">: des t\u00e9moignages de celles et ceux qui sont aux avant-postes des crises mettant en \u00e9vidence des actions et des solutions locales fondamentales seront partag\u00e9s.\u00a0<\/span><span data-ccp-props=\"{&quot;201341983&quot;:0,&quot;335551550&quot;:6,&quot;335551620&quot;:6,&quot;335559739&quot;:0,&quot;335559740&quot;:240}\">\u00a0<\/span><\/p>\n<p><b><span data-contrast=\"none\">Lancements d\u2019actualit\u00e9\u202f<\/span><\/b><span data-contrast=\"none\">: la conf\u00e9rence pr\u00e9voit plusieurs lancements de nouveaux outils dignes d\u2019int\u00e9r\u00eat visant \u00e0 faciliter l\u2019adaptation locale \u00e0 l\u2019\u00e9chelle mondiale\u00a0\u2014 en tenant compte des droits fonciers, des financements et des for\u00eats\u00a0\u2014, et qui profitent aux communaut\u00e9s autochtones, rurales et urbaines.\u00a0Par exemple, Le GLF et l\u2019Initiative des droits et ressources (RRI)\u00a0lanceront le Standard pour les Droits Fonciers, la premi\u00e8re du genre, pour guider <\/span><span data-contrast=\"none\">\u00e0 l\u2019\u00e9chelle globale <\/span><span data-contrast=\"none\">la mani\u00e8re dont les droits des gardiens d\u2019un quart\u202fde la surface terrestre mondiale devraient \u00eatre inclus dans les l\u00e9gislations, les investissements et le d\u00e9veloppement mondial.<\/span><span data-ccp-props=\"{&quot;201341983&quot;:0,&quot;335551550&quot;:6,&quot;335551620&quot;:6,&quot;335559739&quot;:0,&quot;335559740&quot;:240}\">\u00a0<\/span><\/p>\n<p><b><span data-contrast=\"none\">Panel de journalistes\u202f<\/span><\/b><span data-contrast=\"none\">: une session du Pulitzer Centre qui traitera de l\u2019importance des efforts intersectoriels\u00a0de journalisme, d\u2019<\/span><span data-contrast=\"none\">\u00e9ducation et de sensibilisation dans la lutte contre la crise climatique.<\/span><span data-ccp-props=\"{&quot;201341983&quot;:0,&quot;335551550&quot;:6,&quot;335551620&quot;:6,&quot;335559739&quot;:0,&quot;335559740&quot;:240}\">\u00a0<\/span><\/p>\n<p><span data-contrast=\"none\">Les journalistes peuvent <\/span><b><span data-contrast=\"none\">demander une carte de presse <\/span><\/b><a href=\"https:\/\/events.globallandscapesforum.org\/climate-2022\/newsroom\/\"><b><span data-contrast=\"none\">ici<\/span><\/b><\/a><span data-contrast=\"none\">\u00a0pour\u00a0assister \u00e0 la conf\u00e9rence en ligne ou en pr\u00e9sentiel.<\/span><span data-ccp-props=\"{&quot;201341983&quot;:0,&quot;335551550&quot;:6,&quot;335551620&quot;:6,&quot;335559739&quot;:0,&quot;335559740&quot;:240}\">\u00a0<\/span><\/p>\n<p><span data-contrast=\"none\">#GLFClimate #ThinkLandscape\u00a0<\/span><span data-ccp-props=\"{&quot;201341983&quot;:0,&quot;335551550&quot;:6,&quot;335551620&quot;:6,&quot;335559739&quot;:0,&quot;335559740&quot;:240}\">\u00a0<\/span><\/p>\n<p><span data-ccp-props=\"{&quot;201341983&quot;:0,&quot;335559739&quot;:0,&quot;335559740&quot;:240}\">\u00a0<\/span><\/p>\n<p><span data-contrast=\"none\">###<\/span><br \/>\n<span data-ccp-props=\"{&quot;201341983&quot;:0,&quot;335551550&quot;:2,&quot;335551620&quot;:2,&quot;335559739&quot;:0,&quot;335559740&quot;:240}\">\u00a0<\/span><\/p>\n<p><b><span data-contrast=\"none\">Pour plus d\u2019informations et\/ou pour organiser des interviews avec les intervenants, en ligne ou en pr\u00e9sentiel, veuillez contacter\u00a0Kelly Quintero\u00a0(<\/span><\/b><a href=\"mailto:k.quintero@cgiar.org\"><b><span data-contrast=\"none\">k.quintero@cgiar.org<\/span><\/b><\/a><b><span data-contrast=\"none\">).<\/span><\/b><span data-ccp-props=\"{&quot;201341983&quot;:0,&quot;335559739&quot;:0,&quot;335559740&quot;:240}\">\u00a0<\/span><\/p>\n<p><span data-ccp-props=\"{&quot;201341983&quot;:0,&quot;335559739&quot;:0,&quot;335559740&quot;:240}\">\u00a0<\/span><\/p>\n<p><b><span data-contrast=\"none\">\u00c0 propos du GLF<\/span><\/b><span data-ccp-props=\"{&quot;201341983&quot;:0,&quot;335551550&quot;:6,&quot;335551620&quot;:6,&quot;335559739&quot;:0,&quot;335559740&quot;:240}\">\u00a0<\/span><\/p>\n<p><i><span data-contrast=\"none\">Le <\/span><\/i><a href=\"https:\/\/www.globallandscapesforum.org\/\"><i><span data-contrast=\"none\">Global Landscapes\u00a0Forum (GLF)<\/span><\/i><\/a><i><span data-contrast=\"none\">\u00a0est\u00a0la plus grande plateforme mondiale ax\u00e9e sur les connaissances en mati\u00e8re d\u2019utilisation int\u00e9gr\u00e9e des terres, d\u00e9di\u00e9e \u00e0 la r\u00e9alisation des Objectifs de d\u00e9veloppement durable (ODD) et de l\u2019Accord\u202fde\u202fParis sur le climat. Le GLF adopte une approche holistique pour cr\u00e9er des paysages durables qui soient productifs, prosp\u00e8res, \u00e9quitables et r\u00e9silients, et prend en consid\u00e9ration cinq\u202fth\u00e8mes coh\u00e9rents\u202f: l\u2019alimentation et les moyens de subsistance, la restauration des paysages, les droits, le financement et la mesure des progr\u00e8s. Le GLF est dirig\u00e9 par le Centre de recherche foresti\u00e8re internationale et le Centre international pour la recherche en agroforesterie (CIFOR-ICRAF), en collaboration avec ses cofondateurs, le Programme des Nations\u202fUnies pour l\u2019environnement (PNUE) et la Banque\u202fmondiale, et les <\/span><\/i><a href=\"https:\/\/www.globallandscapesforum.org\/about\/partnership\/#charter\"><i><span data-contrast=\"none\">membres signataires de la Charte<\/span><\/i><\/a><i><span data-contrast=\"none\">. Cette conf\u00e9rence a \u00e9t\u00e9 rendue possible gr\u00e2ce au soutien g\u00e9n\u00e9reux de nos <\/span><\/i><a href=\"https:\/\/conference.globallandscapesforum.org\/climate-2022\/partners\"><i><span data-contrast=\"none\">parrains et de nos partenaires.<\/span><\/i><\/a><span data-ccp-props=\"{&quot;201341983&quot;:0,&quot;335551550&quot;:6,&quot;335551620&quot;:6,&quot;335559739&quot;:0,&quot;335559740&quot;:240}\">\u00a0<\/span><\/p>\n<p>&nbsp;<\/p>\n<p><i><span data-contrast=\"none\">Facebook\u202f:\u00a0<\/span><\/i><a href=\"https:\/\/www.facebook.com\/GlobalLandscapesForum\"><i><span data-contrast=\"none\">@GlobalLandscapesForum<\/span><\/i><\/a><i><span data-contrast=\"none\">\u00a0<\/span><\/i><span data-ccp-props=\"{&quot;201341983&quot;:0,&quot;335559739&quot;:0,&quot;335559740&quot;:240}\">\u00a0<\/span><\/p>\n<p><i><span data-contrast=\"none\">Twitter\u202f:\u00a0FR \u2014\u00a0<\/span><\/i><a href=\"https:\/\/twitter.com\/GlobalLF_FR\"><i><span data-contrast=\"none\">@GlobalLF_FR<\/span><\/i><\/a><i><span data-contrast=\"auto\">\u00a0| A<\/span><\/i><i><span data-contrast=\"none\">NG \u2014\u00a0<\/span><\/i><a href=\"https:\/\/twitter.com\/GlobalLF\"><i><span data-contrast=\"none\">@GlobalLF<\/span><\/i><\/a><i><span data-contrast=\"none\">\u00a0 | ESP \u2014\u00a0<\/span><\/i><a href=\"https:\/\/twitter.com\/GlobalLF_Esp\"><i><span data-contrast=\"none\">@GlobalLF_Esp<\/span><\/i><\/a><span data-ccp-props=\"{&quot;201341983&quot;:0,&quot;335559739&quot;:0,&quot;335559740&quot;:240}\">\u00a0<\/span><\/p>\n<p><i><span data-contrast=\"none\">Instagram\u202f:\u00a0<\/span><\/i><a href=\"https:\/\/www.instagram.com\/globallandscapesforum\"><i><span data-contrast=\"none\">@globallandscapesforum<\/span><\/i><\/a><span data-ccp-props=\"{&quot;201341983&quot;:0,&quot;335559739&quot;:0,&quot;335559740&quot;:240}\">\u00a0<\/span><\/p>\n<p><i><span data-contrast=\"none\">YouTube\u202f:<\/span><\/i><a href=\"https:\/\/www.youtube.com\/GlobalLandscapesForum\"><i><span data-contrast=\"none\">\u00a0Global Landscapes Forum \u2014\u00a0GLF<\/span><\/i><\/a><i><span data-contrast=\"none\">\u00a0\u00a0<\/span><\/i><span data-ccp-props=\"{&quot;201341983&quot;:0,&quot;335559739&quot;:0,&quot;335559740&quot;:240}\">\u00a0<\/span><\/p>\n<p><i><span data-contrast=\"none\">LinkedIn\u202f:\u00a0<\/span><\/i><a href=\"https:\/\/www.linkedin.com\/company\/globallandscapesforum\"><i><span data-contrast=\"none\">Global Landscapes Forum (GLF)<\/span><\/i><\/a><span data-ccp-props=\"{&quot;201341983&quot;:0,&quot;335559739&quot;:0,&quot;335559740&quot;:240}\">\u00a0<\/span><\/p>\n","protected":false},"excerpt":{"rendered":"<p>Que pouvons-nous faire maintenant\u2009? Des leaders autochtones, des scientifiques de renom, des politiciens et des activistes de premier plan cherchent et apportent des r\u00e9ponses pendant la Conf\u00e9rence GLF Climate, en marge de la plus importante conf\u00e9rence climatique de l\u2019ann\u00e9e.<\/p>\n","protected":false},"author":5,"featured_media":52185,"template":"","meta":{"_acf_changed":false,"jetpack_post_was_ever_published":false,"_links_to":"","_links_to_target":""},"categories":[4707],"tags":[],"location":[],"organization":[],"news_category":[],"coauthors":[720],"class_list":["post-52190","corporate_news","type-corporate_news","status-publish","has-post-thumbnail","hentry","category-restoration-fr"],"acf":[],"yoast_head":"<!-- This site is optimized with the Yoast SEO plugin v27.5 - https:\/\/yoast.com\/product\/yoast-seo-wordpress\/ -->\n<title>News: En route vers l\u2019\u00c9gypte\u202f: T\u00e9moignages et solutions aux avant-postes des crises climatiques - Global Landscapes Forum<\/title>\n<meta name=\"description\" content=\"Que pouvons-nous faire maintenant\u2009? Des leaders autochtones, des scientifiques de renom, des politiciens et des activistes de premier plan cherchent\" \/>\n<meta name=\"robots\" content=\"index, follow, max-snippet:-1, max-image-preview:large, max-video-preview:-1\" \/>\n<link rel=\"canonical\" href=\"https:\/\/www.globallandscapesforum.org\/fr\/glf-news\/en-route-vers-legypte-temoignages-et-solutions-aux-avant-postes-des-crises-climatiques\/\" \/>\n<meta property=\"og:locale\" content=\"fr_FR\" \/>\n<meta property=\"og:type\" content=\"article\" \/>\n<meta property=\"og:title\" content=\"News: En route vers l\u2019\u00c9gypte\u202f: T\u00e9moignages et solutions aux avant-postes des crises climatiques - Global Landscapes Forum\" \/>\n<meta property=\"og:description\" content=\"Que pouvons-nous faire maintenant\u2009? Des leaders autochtones, des scientifiques de renom, des politiciens et des activistes de premier plan cherchent et apportent des r\u00e9ponses pendant la Conf\u00e9rence GLF Climate, en marge de la plus importante conf\u00e9rence climatique de l\u2019ann\u00e9e.\" \/>\n<meta property=\"og:url\" content=\"https:\/\/www.globallandscapesforum.org\/fr\/glf-news\/en-route-vers-legypte-temoignages-et-solutions-aux-avant-postes-des-crises-climatiques\/\" \/>\n<meta property=\"og:site_name\" content=\"Global Landscapes Forum\" \/>\n<meta property=\"article:publisher\" content=\"https:\/\/www.facebook.com\/GlobalLandscapesForum\/\" \/>\n<meta property=\"article:modified_time\" content=\"2022-11-04T08:46:07+00:00\" \/>\n<meta property=\"og:image\" content=\"https:\/\/www.globallandscapesforum.org\/wp-content\/uploads\/2022\/10\/52116212679_cd0855321b_k.jpg\" \/>\n\t<meta property=\"og:image:width\" content=\"2048\" \/>\n\t<meta property=\"og:image:height\" content=\"1365\" \/>\n\t<meta property=\"og:image:type\" content=\"image\/jpeg\" \/>\n<meta name=\"twitter:card\" content=\"summary_large_image\" \/>\n<meta name=\"twitter:site\" content=\"@globallf\" \/>\n<meta name=\"twitter:label1\" content=\"Dur\u00e9e de lecture estim\u00e9e\" \/>\n\t<meta name=\"twitter:data1\" content=\"4 minutes\" \/>\n\t<meta name=\"twitter:label2\" content=\"Written by\" \/>\n\t<meta name=\"twitter:data2\" content=\"Global Landscapes Forum AM\" \/>\n<!-- \/ Yoast SEO plugin. -->","yoast_head_json":{"title":"News: En route vers l\u2019\u00c9gypte\u202f: T\u00e9moignages et solutions aux avant-postes des crises climatiques - Global Landscapes Forum","description":"Que pouvons-nous faire maintenant\u2009? Des leaders autochtones, des scientifiques de renom, des politiciens et des activistes de premier plan cherchent","robots":{"index":"index","follow":"follow","max-snippet":"max-snippet:-1","max-image-preview":"max-image-preview:large","max-video-preview":"max-video-preview:-1"},"canonical":"https:\/\/www.globallandscapesforum.org\/fr\/glf-news\/en-route-vers-legypte-temoignages-et-solutions-aux-avant-postes-des-crises-climatiques\/","og_locale":"fr_FR","og_type":"article","og_title":"News: En route vers l\u2019\u00c9gypte\u202f: T\u00e9moignages et solutions aux avant-postes des crises climatiques - Global Landscapes Forum","og_description":"Que pouvons-nous faire maintenant\u2009? Des leaders autochtones, des scientifiques de renom, des politiciens et des activistes de premier plan cherchent et apportent des r\u00e9ponses pendant la Conf\u00e9rence GLF Climate, en marge de la plus importante conf\u00e9rence climatique de l\u2019ann\u00e9e.","og_url":"https:\/\/www.globallandscapesforum.org\/fr\/glf-news\/en-route-vers-legypte-temoignages-et-solutions-aux-avant-postes-des-crises-climatiques\/","og_site_name":"Global Landscapes Forum","article_publisher":"https:\/\/www.facebook.com\/GlobalLandscapesForum\/","article_modified_time":"2022-11-04T08:46:07+00:00","og_image":[{"width":2048,"height":1365,"url":"https:\/\/www.globallandscapesforum.org\/wp-content\/uploads\/2022\/10\/52116212679_cd0855321b_k.jpg","type":"image\/jpeg"}],"twitter_card":"summary_large_image","twitter_site":"@globallf","twitter_misc":{"Dur\u00e9e de lecture estim\u00e9e":"4 minutes","Written by":"Global Landscapes Forum AM"},"schema":{"@context":"https:\/\/schema.org","@graph":[{"@type":"WebPage","@id":"https:\/\/www.globallandscapesforum.org\/fr\/glf-news\/en-route-vers-legypte-temoignages-et-solutions-aux-avant-postes-des-crises-climatiques\/","url":"https:\/\/www.globallandscapesforum.org\/fr\/glf-news\/en-route-vers-legypte-temoignages-et-solutions-aux-avant-postes-des-crises-climatiques\/","name":"News: En route vers l\u2019\u00c9gypte\u202f: T\u00e9moignages et solutions aux avant-postes des crises climatiques - Global Landscapes Forum","isPartOf":{"@id":"https:\/\/www.globallandscapesforum.org\/#website"},"primaryImageOfPage":{"@id":"https:\/\/www.globallandscapesforum.org\/fr\/glf-news\/en-route-vers-legypte-temoignages-et-solutions-aux-avant-postes-des-crises-climatiques\/#primaryimage"},"image":{"@id":"https:\/\/www.globallandscapesforum.org\/fr\/glf-news\/en-route-vers-legypte-temoignages-et-solutions-aux-avant-postes-des-crises-climatiques\/#primaryimage"},"thumbnailUrl":"https:\/\/i0.wp.com\/www.globallandscapesforum.org\/wp-content\/uploads\/2022\/10\/52116212679_cd0855321b_k.jpg?fit=2048%2C1365&ssl=1","datePublished":"2022-10-31T02:48:21+00:00","dateModified":"2022-11-04T08:46:07+00:00","description":"Que pouvons-nous faire maintenant\u2009? Des leaders autochtones, des scientifiques de renom, des politiciens et des activistes de premier plan cherchent et apportent des r\u00e9ponses pendant la Conf\u00e9rence GLF Climate, en marge de la plus importante conf\u00e9rence climatique de l\u2019ann\u00e9e.","breadcrumb":{"@id":"https:\/\/www.globallandscapesforum.org\/fr\/glf-news\/en-route-vers-legypte-temoignages-et-solutions-aux-avant-postes-des-crises-climatiques\/#breadcrumb"},"inLanguage":"fr-FR","potentialAction":[{"@type":"ReadAction","target":["https:\/\/www.globallandscapesforum.org\/fr\/glf-news\/en-route-vers-legypte-temoignages-et-solutions-aux-avant-postes-des-crises-climatiques\/"]}]},{"@type":"ImageObject","inLanguage":"fr-FR","@id":"https:\/\/www.globallandscapesforum.org\/fr\/glf-news\/en-route-vers-legypte-temoignages-et-solutions-aux-avant-postes-des-crises-climatiques\/#primaryimage","url":"https:\/\/i0.wp.com\/www.globallandscapesforum.org\/wp-content\/uploads\/2022\/10\/52116212679_cd0855321b_k.jpg?fit=2048%2C1365&ssl=1","contentUrl":"https:\/\/i0.wp.com\/www.globallandscapesforum.org\/wp-content\/uploads\/2022\/10\/52116212679_cd0855321b_k.jpg?fit=2048%2C1365&ssl=1","width":2048,"height":1365},{"@type":"BreadcrumbList","@id":"https:\/\/www.globallandscapesforum.org\/fr\/glf-news\/en-route-vers-legypte-temoignages-et-solutions-aux-avant-postes-des-crises-climatiques\/#breadcrumb","itemListElement":[{"@type":"ListItem","position":1,"name":"Home","item":"https:\/\/www.globallandscapesforum.org\/"},{"@type":"ListItem","position":2,"name":"GLF News","item":"https:\/\/www.globallandscapesforum.org\/glf-news\/"},{"@type":"ListItem","position":3,"name":"En route vers l\u2019\u00c9gypte\u202f: T\u00e9moignages et solutions aux avant-postes des crises climatiques"}]},{"@type":"WebSite","@id":"https:\/\/www.globallandscapesforum.org\/#website","url":"https:\/\/www.globallandscapesforum.org\/","name":"Global Landscapes Forum","description":"Connect, learn and share","publisher":{"@id":"https:\/\/www.globallandscapesforum.org\/#organization"},"potentialAction":[{"@type":"SearchAction","target":{"@type":"EntryPoint","urlTemplate":"https:\/\/www.globallandscapesforum.org\/?s={search_term_string}"},"query-input":{"@type":"PropertyValueSpecification","valueRequired":true,"valueName":"search_term_string"}}],"inLanguage":"fr-FR"},{"@type":"Organization","@id":"https:\/\/www.globallandscapesforum.org\/#organization","name":"Global Landscapes Forum","url":"https:\/\/www.globallandscapesforum.org\/","logo":{"@type":"ImageObject","inLanguage":"fr-FR","@id":"https:\/\/www.globallandscapesforum.org\/#\/schema\/logo\/image\/","url":"https:\/\/i0.wp.com\/www.globallandscapesforum.org\/wp-content\/uploads\/2018\/02\/logo_glf.png?fit=63%2C60&ssl=1","contentUrl":"https:\/\/i0.wp.com\/www.globallandscapesforum.org\/wp-content\/uploads\/2018\/02\/logo_glf.png?fit=63%2C60&ssl=1","width":63,"height":60,"caption":"Global Landscapes Forum"},"image":{"@id":"https:\/\/www.globallandscapesforum.org\/#\/schema\/logo\/image\/"},"sameAs":["https:\/\/www.facebook.com\/GlobalLandscapesForum\/","https:\/\/x.com\/globallf","https:\/\/www.instagram.com\/globallandscapesforum\/","https:\/\/www.linkedin.com\/company\/globallandscapesforum","https:\/\/www.youtube.com\/globallandscapesforum"]}]}},"jetpack_sharing_enabled":true,"_links":{"self":[{"href":"https:\/\/www.globallandscapesforum.org\/fr\/wp-json\/wp\/v2\/corporate_news\/52190","targetHints":{"allow":["GET"]}}],"collection":[{"href":"https:\/\/www.globallandscapesforum.org\/fr\/wp-json\/wp\/v2\/corporate_news"}],"about":[{"href":"https:\/\/www.globallandscapesforum.org\/fr\/wp-json\/wp\/v2\/types\/corporate_news"}],"author":[{"embeddable":true,"href":"https:\/\/www.globallandscapesforum.org\/fr\/wp-json\/wp\/v2\/users\/5"}],"version-history":[{"count":0,"href":"https:\/\/www.globallandscapesforum.org\/fr\/wp-json\/wp\/v2\/corporate_news\/52190\/revisions"}],"wp:featuredmedia":[{"embeddable":true,"href":"https:\/\/www.globallandscapesforum.org\/fr\/wp-json\/wp\/v2\/media\/52185"}],"wp:attachment":[{"href":"https:\/\/www.globallandscapesforum.org\/fr\/wp-json\/wp\/v2\/media?parent=52190"}],"wp:term":[{"taxonomy":"category","embeddable":true,"href":"https:\/\/www.globallandscapesforum.org\/fr\/wp-json\/wp\/v2\/categories?post=52190"},{"taxonomy":"post_tag","embeddable":true,"href":"https:\/\/www.globallandscapesforum.org\/fr\/wp-json\/wp\/v2\/tags?post=52190"},{"taxonomy":"location","embeddable":true,"href":"https:\/\/www.globallandscapesforum.org\/fr\/wp-json\/wp\/v2\/location?post=52190"},{"taxonomy":"organization","embeddable":true,"href":"https:\/\/www.globallandscapesforum.org\/fr\/wp-json\/wp\/v2\/organization?post=52190"},{"taxonomy":"news_category","embeddable":true,"href":"https:\/\/www.globallandscapesforum.org\/fr\/wp-json\/wp\/v2\/news_category?post=52190"},{"taxonomy":"author","embeddable":true,"href":"https:\/\/www.globallandscapesforum.org\/fr\/wp-json\/wp\/v2\/coauthors?post=52190"}],"curies":[{"name":"wp","href":"https:\/\/api.w.org\/{rel}","templated":true}]}}