{"id":56868,"date":"2023-03-10T21:19:49","date_gmt":"2023-03-10T14:19:49","guid":{"rendered":"https:\/\/www.globallandscapesforum.org\/?post_type=corporate_news&#038;p=56868"},"modified":"2023-03-24T12:27:17","modified_gmt":"2023-03-24T05:27:17","slug":"rencontrez-ces-16-femmes-qui-restaurent-la-terre","status":"publish","type":"corporate_news","link":"https:\/\/www.globallandscapesforum.org\/fr\/glf-news\/rencontrez-ces-16-femmes-qui-restaurent-la-terre\/","title":{"rendered":"Rencontrez ces 16 femmes qui restaurent la Terre"},"content":{"rendered":"<p><a href=\"https:\/\/www.globallandscapesforum.org\/glf-news\/meet-these-16-women-restoring-the-earth\/\" rel=\"noopener\" target=\"_blank\">English <\/a>| <a href=\"https:\/\/www.globallandscapesforum.org\/es\/glf-news\/conozca-16-mujeres-que-restauran-la-tierra\/\" rel=\"noopener\" target=\"_blank\">Espa\u00f1ol<\/a> <\/p>\n<p><em>\u00c0 l\u2019occasion de la Journ\u00e9e internationale des femmes, le Global Landscapes Forum (GLF) annonce sa quatri\u00e8me liste annuelle de leaders climatiques mondiales.<\/em><\/p>\n<p>BONN, Allemagne (10 mars 2023) \u2014 Alors que l\u2019humanit\u00e9 passe d\u2019une crise \u00e0 l\u2019autre, des femmes du monde entier construisent des solutions pour affronter l\u2019une des menaces les plus graves qui soient : le changement climatique. \u00c0 l\u2019occasion de la Journ\u00e9e internationale des femmes des Nations Unies, c\u00e9l\u00e9br\u00e9e le 10 mars, le <a href=\"https:\/\/www.globallandscapesforum.org\/\">Global Landscapes Forum (GLF)<\/a> rend hommage \u00e0 16 femmes qui sont en premi\u00e8re ligne des crises du climat et de la biodiversit\u00e9.<\/p>\n<p>Ces femmes exceptionnelles sont les visages de l\u2019innovation \u00e0 travers le monde dans les domaines des sciences, des technologies, de l\u2019art, des politiques publiques, des entreprises durables, de l\u2019activisme environnemental, du journalisme, des contentieux, du financement climatique, des n\u00e9gociations des trait\u00e9s climatiques internationaux et de la restauration des \u00e9cosyst\u00e8mes.<\/p>\n<p>\u00ab\u2009Travailler en tant que femme scientifique africaine a \u00e9t\u00e9 un choc : \u00e0 la fin des ann\u00e9es 1990 et au d\u00e9but des ann\u00e9es 2000, je ne voyais personne qui me ressemblait \u00e0 mon niveau de direction ou plus\u2009\u00bb, d\u00e9clare \u00c9liane Ubalijoro, directrice ex\u00e9cutive de l\u2019initiative Sustainability in the Digital Age (Durabilit\u00e9 \u00e0 l\u2019\u00e8re num\u00e9rique), future directrice g\u00e9n\u00e9rale du CIFOR-ICRAF et l\u2019une des \u00ab\u200916 femmes qui restaurent la Terre\u2009\u00bb.<\/p>\n<p>\u00ab\u2009En grandissant au Sahel, j\u2019ai \u00e9t\u00e9 t\u00e9moin de la d\u00e9gradation des terres caus\u00e9e par le changement climatique, et j\u2019ai vu comment les femmes et les filles en subissaient les cons\u00e9quences de mani\u00e8re disproportionn\u00e9e. J\u2019ai rapidement compris qu\u2019il \u00e9tait impossible de dissocier les droits des femmes et des filles de l\u2019activisme en mati\u00e8re de changement climatique\u2009\u00bb, explique Inna Modja, artiste visuelle, musicienne, ambassadrice fonci\u00e8re de l\u2019UNCCD, PDG et cofondatrice de Code Green (Code Vert), et autre des \u00ab\u200916 femmes qui restaurent la Terre\u2009\u00bb.<\/p>\n<p>Au travers de <strong>biographies, de citations, de photos et de r\u00e9cits uniques<\/strong>, la campagne de cette ann\u00e9e explique pourquoi pour le GLF elles sont les \u00ab\u2009<a href=\"https:\/\/thinklandscape.globallandscapesforum.org\/16-restoring-women-2023\/\" target=\"_blank\" rel=\"noopener\">16 femmes qui restaurent la Terre<\/a>\u2009\u00bb de 2023 :<\/p>\n<ul style=\"margin-bottom:30px;\">\n<li style=\"margin-bottom:10px;\">La strat\u00e8ge : ANDREA MEZA MURILLO, secr\u00e9taire ex\u00e9cutive adjointe de l\u2019UNCCD et ancienne ministre de <strong>l\u2019\u00c9nergie et de l\u2019Environnement<\/strong> du gouvernement du <strong style=\"color: #6fc055;\">Costa Rica<\/strong><\/li>\n<li style=\"margin-bottom:10px;\">La m\u00e9diatrice : ANNETTE PENSEL, directrice ex\u00e9cutive de la Global Coffee Platform (Plateforme mondiale du <strong>caf\u00e9<\/strong>) (<strong style=\"color: #6fc055;\">Allemagne<\/strong>)<\/li>\n<li style=\"margin-bottom:10px;\">L\u2019investisseuse : AYESHA KHAN, directrice r\u00e9gionale d\u2019Acumen <strong style=\"color: #6fc055;\">Pakistan<\/strong> \u2014 Experte en <strong>financement durable<\/strong> pour l\u2019action climatique<\/li>\n<li style=\"margin-bottom:10px;\">La gardienne : CAMILLE RIVERA, cofondatrice et directrice d\u2019Oceanus <strong>Conservation<\/strong>, coordinatrice de la section GLFx Mindanao, et Restoration Steward 2021 (<strong style=\"color: #6fc055;\">Philippines<\/strong>)<\/li>\n<li style=\"margin-bottom:10px;\">L\u2019investigatrice : EDILMA PRADA, <strong>journaliste d\u2019investigation<\/strong>, laur\u00e9ate du prix Pulitzer et fondatrice et directrice du m\u00e9dia ind\u00e9pendant Agenda Propia (<strong style=\"color: #6fc055;\">Colombie<\/strong>)<\/li>\n<li style=\"margin-bottom:10px;\">La leadeuse : \u00c9LIANE UBALIJORO, future directrice g\u00e9n\u00e9rale du CIFOR-ICRAF et directrice ex\u00e9cutive de l\u2019initiative Sustainability in the Digital Age (<strong>Durabilit\u00e9<\/strong> \u00e0 <strong>l\u2019\u00e8re num\u00e9rique<\/strong>) (<strong style=\"color: #6fc055;\">Rwanda<\/strong>)<\/li>\n<li style=\"margin-bottom:10px;\">L\u2019\u00e9ducatrice : EVA MAKANDI, fondatrice de Light On A Hill \u2014 LOAH \u2014 (Lumi\u00e8re sur une colline) et <strong>Restoration<\/strong> Steward 2022 pour l\u2019\u00e9cosyst\u00e8me forestier (<strong style=\"color: #6fc055;\">Kenya<\/strong>)<\/li>\n<li style=\"margin-bottom:10px;\">L\u2019activiste : INEZA GRACE, coordinatrice, Loss and Damage Youth Coalition (Coalition des jeunes contre les pertes et dommages) (<strong style=\"color: #6fc055;\">Rwanda<\/strong>)<\/li>\n<li style=\"margin-bottom:10px;\">L\u2019artiste : INNA MODJA, <strong>artiste<\/strong> visuelle, musicienne, ambassadrice fonci\u00e8re de l\u2019UNCCD, et PDG et cofondatrice de Code Green (Code vert) (<strong style=\"color: #6fc055;\">Mali<\/strong>)<\/li>\n<li style=\"margin-bottom:10px;\">La politicienne : IRYNA STAVCHUK, responsable du programme <strong style=\"color: #6fc055;\">Ukraine<\/strong> \u00e0 la European Climate Foundation (Fondation europ\u00e9enne pour le <strong>climat<\/strong>) et ancienne vice-ministre du gouvernement ukrainien<\/li>\n<li style=\"margin-bottom:10px;\">La philanthrope : MARIA AMALIA SOUZA, cofondatrice et directrice du d\u00e9veloppement strat\u00e9gique de Casa Socio-Environmental Fund (Maison fonds <strong>socio-environnementale<\/strong>) (<strong style=\"color: #6fc055;\">Br\u00e9sil<\/strong>)<\/li>\n<li style=\"margin-bottom:10px;\">La conteuse : MOKY MAKURA, pr\u00e9sentatrice de t\u00e9l\u00e9vision, productrice, <strong>auteur<\/strong> et directrice ex\u00e9cutive d\u2019Africa No Filter (Afrique sans filtre) (<strong style=\"color: #6fc055;\">Nig\u00e9ria<\/strong>)<\/li>\n<li style=\"margin-bottom:10px;\">La d\u00e9fenseuse : PASANG DOLMA SHERPA, directrice ex\u00e9cutive du Center for Indigenous Peoples&#8217; Research &amp; Development \u2014 CIPRED \u2014 (Centre pour la recherche et le d\u00e9veloppement des <strong>peuples autochtones<\/strong>) (<strong style=\"color: #6fc055;\">N\u00e9pal<\/strong>)<\/li>\n<li style=\"margin-bottom:10px;\">L\u2019avocate : SYEDA RIZWANA HASAN, avocate sp\u00e9cialiste en <strong>droit de l\u2019environnement<\/strong> et directrice g\u00e9n\u00e9rale de la <strong style=\"color: #6fc055;\">Bangladesh<\/strong> Environmental Lawyers Association \u2014 BELA \u2014 (Association des juristes de l\u2019environnement du Bangladesh)<\/li>\n<li style=\"margin-bottom:10px;\">L\u2019entrepreneuse : VIOLET AMOABENG, fondatrice et directrice g\u00e9n\u00e9rale de Skin Gourmet (<strong>Peau<\/strong> Gourmet) (<strong style=\"color: #6fc055;\">Ghana<\/strong>)<\/li>\n<li style=\"margin-bottom:10px;\">La femme d&#8217;Etat : YURIKO BACKES, ministre des <strong>Finances<\/strong> de <strong style=\"color: #6fc055;\">Luxembourg<\/strong><\/li>\n<\/ul>\n<p>La quatri\u00e8me campagne annuelle \u00ab\u200916 femmes restaurent la Terre\u2009\u00bb est lanc\u00e9e le lendemain du 6e symposium Investment Case GLF : \u00ab\u2009<a href=\"https:\/\/conference.globallandscapesforum.org\/6th-investment-case-symposium\/\" target=\"_blank\" rel=\"noopener\">GLF-Luxembourg, financements pour la nature : quelle suite donner\u2009?<\/a>\u2009\u00bb, une conf\u00e9rence \u00e0 laquelle ont particip\u00e9 des milliers de personnes au Luxembourg et en ligne, qui ont analys\u00e9 le r\u00f4le cl\u00e9 que pr\u00e9sente la finance durable comme solution au changement climatique et la perte de biodiversit\u00e9 mondiale.<\/p>\n<p style=\"text-align: center;\">###<\/p>\n<p><strong>NOTES AUX \u00c9DITEURS<\/strong><\/p>\n<ul style=\"margin-bottom:30px;\">\n<li>Pour plus d\u2019informations, de citations, de photos et de vid\u00e9os et\/ou pour organiser des entretiens, veuillez contacter Kelly Quintero \u00e0 l\u2019adresse suivante : <a href=\"mailto:k.quintero@cifor-icraf.org\">k.quintero@cifor-icraf.org<\/a>.<\/li>\n<li>N\u2019h\u00e9sitez pas \u00e0 utiliser la liste compl\u00e8te ou \u00e0 cr\u00e9er des sous-listes en fonction de votre public.<\/li>\n<li>Trouvez sur ce <a href=\"https:\/\/bit.ly\/16Women23Toolkit\" target=\"_blank\" rel=\"noopener\">tableau Trello<\/a> des photos, vid\u00e9os, cartes de r\u00e9seaux sociaux et d\u2019autres contenus \u00e0 partager.<\/li>\n<\/ul>\n<p><span style=\"font-size: 17px;\"><strong>\u00c0 propos du GLF<\/strong><br \/>\nLe Global Landscapes Forum (GLF) est la plus grande plateforme mondiale de connaissances en mati\u00e8re d\u2019utilisation int\u00e9gr\u00e9e des terres, reliant des personnes partageant la m\u00eame vision pour cr\u00e9er des paysages durables qui soient productifs, prosp\u00e8res, \u00e9quitables et r\u00e9silients. Le GLF est dirig\u00e9 par le Centre de recherche foresti\u00e8re internationale et le Centre international pour la recherche en agroforesterie (CIFOR-ICRAF), en collaboration avec ses cofondateurs, le PNUE et la Banque mondiale, et les <a href=\"https:\/\/www.globallandscapesforum.org\/about\/partners\/#charter\" target=\"_blank\" rel=\"noopener\">membres signataires de la Charte<\/a>. Pour en savoir plus, consultez le site <a href=\"https:\/\/www.globallandscapesforum.org\/\">www.globallandscapesforum.org<\/a>.<\/span><\/p>\n","protected":false},"excerpt":{"rendered":"<p>\u00c0 l\u2019occasion de la Journ\u00e9e internationale des femmes, le Global Landscapes Forum (GLF) annonce sa quatri\u00e8me liste annuelle de leaders climatiques mondiales.<\/p>\n","protected":false},"author":7,"featured_media":56869,"template":"","meta":{"_acf_changed":false,"jetpack_post_was_ever_published":false,"_links_to":"","_links_to_target":""},"categories":[4707],"tags":[],"location":[],"organization":[],"news_category":[4041],"coauthors":[813],"class_list":["post-56868","corporate_news","type-corporate_news","status-publish","has-post-thumbnail","hentry","category-restoration-fr","story_type-news","news_category-press-release-es","event-glf-luxembourg-2023"],"acf":[],"yoast_head":"<!-- This site is optimized with the Yoast SEO plugin v27.5 - https:\/\/yoast.com\/product\/yoast-seo-wordpress\/ -->\n<title>News: Rencontrez ces 16 femmes qui restaurent la Terre - Global Landscapes Forum<\/title>\n<meta name=\"description\" content=\"\u00c0 l\u2019occasion de la Journ\u00e9e internationale des femmes, le Global Landscapes Forum (GLF) annonce sa quatri\u00e8me liste annuelle de leaders climatiques\" \/>\n<meta name=\"robots\" content=\"index, follow, max-snippet:-1, max-image-preview:large, max-video-preview:-1\" \/>\n<link rel=\"canonical\" href=\"https:\/\/www.globallandscapesforum.org\/fr\/glf-news\/rencontrez-ces-16-femmes-qui-restaurent-la-terre\/\" \/>\n<meta property=\"og:locale\" content=\"fr_FR\" \/>\n<meta property=\"og:type\" content=\"article\" \/>\n<meta property=\"og:title\" content=\"News: Rencontrez ces 16 femmes qui restaurent la Terre - Global Landscapes Forum\" \/>\n<meta property=\"og:description\" content=\"\u00c0 l\u2019occasion de la Journ\u00e9e internationale des femmes, le Global Landscapes Forum (GLF) annonce sa quatri\u00e8me liste annuelle de leaders climatiques mondiales.\" \/>\n<meta property=\"og:url\" content=\"https:\/\/www.globallandscapesforum.org\/fr\/glf-news\/rencontrez-ces-16-femmes-qui-restaurent-la-terre\/\" \/>\n<meta property=\"og:site_name\" content=\"Global Landscapes Forum\" \/>\n<meta property=\"article:publisher\" content=\"https:\/\/www.facebook.com\/GlobalLandscapesForum\/\" \/>\n<meta property=\"article:modified_time\" content=\"2023-03-24T05:27:17+00:00\" \/>\n<meta property=\"og:image\" content=\"https:\/\/www.globallandscapesforum.org\/wp-content\/uploads\/2023\/03\/16_Women_Launch_Inclusive_Card_Fr-re.jpg\" \/>\n\t<meta property=\"og:image:width\" content=\"1200\" \/>\n\t<meta property=\"og:image:height\" content=\"630\" \/>\n\t<meta property=\"og:image:type\" content=\"image\/jpeg\" \/>\n<meta name=\"twitter:card\" content=\"summary_large_image\" \/>\n<meta name=\"twitter:site\" content=\"@globallf\" \/>\n<meta name=\"twitter:label1\" content=\"Dur\u00e9e de lecture estim\u00e9e\" \/>\n\t<meta name=\"twitter:data1\" content=\"4 minutes\" \/>\n\t<meta name=\"twitter:label2\" content=\"Written by\" \/>\n\t<meta name=\"twitter:data2\" content=\"Global Landscapes Forum AR\" \/>\n<!-- \/ Yoast SEO plugin. -->","yoast_head_json":{"title":"News: Rencontrez ces 16 femmes qui restaurent la Terre - Global Landscapes Forum","description":"\u00c0 l\u2019occasion de la Journ\u00e9e internationale des femmes, le Global Landscapes Forum (GLF) annonce sa quatri\u00e8me liste annuelle de leaders climatiques","robots":{"index":"index","follow":"follow","max-snippet":"max-snippet:-1","max-image-preview":"max-image-preview:large","max-video-preview":"max-video-preview:-1"},"canonical":"https:\/\/www.globallandscapesforum.org\/fr\/glf-news\/rencontrez-ces-16-femmes-qui-restaurent-la-terre\/","og_locale":"fr_FR","og_type":"article","og_title":"News: Rencontrez ces 16 femmes qui restaurent la Terre - Global Landscapes Forum","og_description":"\u00c0 l\u2019occasion de la Journ\u00e9e internationale des femmes, le Global Landscapes Forum (GLF) annonce sa quatri\u00e8me liste annuelle de leaders climatiques mondiales.","og_url":"https:\/\/www.globallandscapesforum.org\/fr\/glf-news\/rencontrez-ces-16-femmes-qui-restaurent-la-terre\/","og_site_name":"Global Landscapes Forum","article_publisher":"https:\/\/www.facebook.com\/GlobalLandscapesForum\/","article_modified_time":"2023-03-24T05:27:17+00:00","og_image":[{"width":1200,"height":630,"url":"https:\/\/www.globallandscapesforum.org\/wp-content\/uploads\/2023\/03\/16_Women_Launch_Inclusive_Card_Fr-re.jpg","type":"image\/jpeg"}],"twitter_card":"summary_large_image","twitter_site":"@globallf","twitter_misc":{"Dur\u00e9e de lecture estim\u00e9e":"4 minutes","Written by":"Global Landscapes Forum AR"},"schema":{"@context":"https:\/\/schema.org","@graph":[{"@type":"WebPage","@id":"https:\/\/www.globallandscapesforum.org\/fr\/glf-news\/rencontrez-ces-16-femmes-qui-restaurent-la-terre\/","url":"https:\/\/www.globallandscapesforum.org\/fr\/glf-news\/rencontrez-ces-16-femmes-qui-restaurent-la-terre\/","name":"News: Rencontrez ces 16 femmes qui restaurent la Terre - Global Landscapes Forum","isPartOf":{"@id":"https:\/\/www.globallandscapesforum.org\/#website"},"primaryImageOfPage":{"@id":"https:\/\/www.globallandscapesforum.org\/fr\/glf-news\/rencontrez-ces-16-femmes-qui-restaurent-la-terre\/#primaryimage"},"image":{"@id":"https:\/\/www.globallandscapesforum.org\/fr\/glf-news\/rencontrez-ces-16-femmes-qui-restaurent-la-terre\/#primaryimage"},"thumbnailUrl":"https:\/\/i0.wp.com\/www.globallandscapesforum.org\/wp-content\/uploads\/2023\/03\/16_Women_Launch_Inclusive_Card_Fr-re.jpg?fit=1200%2C630&ssl=1","datePublished":"2023-03-10T14:19:49+00:00","dateModified":"2023-03-24T05:27:17+00:00","description":"\u00c0 l\u2019occasion de la Journ\u00e9e internationale des femmes, le Global Landscapes Forum (GLF) annonce sa quatri\u00e8me liste annuelle de leaders climatiques mondiales.","breadcrumb":{"@id":"https:\/\/www.globallandscapesforum.org\/fr\/glf-news\/rencontrez-ces-16-femmes-qui-restaurent-la-terre\/#breadcrumb"},"inLanguage":"fr-FR","potentialAction":[{"@type":"ReadAction","target":["https:\/\/www.globallandscapesforum.org\/fr\/glf-news\/rencontrez-ces-16-femmes-qui-restaurent-la-terre\/"]}]},{"@type":"ImageObject","inLanguage":"fr-FR","@id":"https:\/\/www.globallandscapesforum.org\/fr\/glf-news\/rencontrez-ces-16-femmes-qui-restaurent-la-terre\/#primaryimage","url":"https:\/\/i0.wp.com\/www.globallandscapesforum.org\/wp-content\/uploads\/2023\/03\/16_Women_Launch_Inclusive_Card_Fr-re.jpg?fit=1200%2C630&ssl=1","contentUrl":"https:\/\/i0.wp.com\/www.globallandscapesforum.org\/wp-content\/uploads\/2023\/03\/16_Women_Launch_Inclusive_Card_Fr-re.jpg?fit=1200%2C630&ssl=1","width":1200,"height":630},{"@type":"BreadcrumbList","@id":"https:\/\/www.globallandscapesforum.org\/fr\/glf-news\/rencontrez-ces-16-femmes-qui-restaurent-la-terre\/#breadcrumb","itemListElement":[{"@type":"ListItem","position":1,"name":"Home","item":"https:\/\/www.globallandscapesforum.org\/"},{"@type":"ListItem","position":2,"name":"GLF News","item":"https:\/\/www.globallandscapesforum.org\/glf-news\/"},{"@type":"ListItem","position":3,"name":"Rencontrez ces 16 femmes qui restaurent la Terre"}]},{"@type":"WebSite","@id":"https:\/\/www.globallandscapesforum.org\/#website","url":"https:\/\/www.globallandscapesforum.org\/","name":"Global Landscapes Forum","description":"Connect, learn and share","publisher":{"@id":"https:\/\/www.globallandscapesforum.org\/#organization"},"potentialAction":[{"@type":"SearchAction","target":{"@type":"EntryPoint","urlTemplate":"https:\/\/www.globallandscapesforum.org\/?s={search_term_string}"},"query-input":{"@type":"PropertyValueSpecification","valueRequired":true,"valueName":"search_term_string"}}],"inLanguage":"fr-FR"},{"@type":"Organization","@id":"https:\/\/www.globallandscapesforum.org\/#organization","name":"Global Landscapes Forum","url":"https:\/\/www.globallandscapesforum.org\/","logo":{"@type":"ImageObject","inLanguage":"fr-FR","@id":"https:\/\/www.globallandscapesforum.org\/#\/schema\/logo\/image\/","url":"https:\/\/i0.wp.com\/www.globallandscapesforum.org\/wp-content\/uploads\/2018\/02\/logo_glf.png?fit=63%2C60&ssl=1","contentUrl":"https:\/\/i0.wp.com\/www.globallandscapesforum.org\/wp-content\/uploads\/2018\/02\/logo_glf.png?fit=63%2C60&ssl=1","width":63,"height":60,"caption":"Global Landscapes Forum"},"image":{"@id":"https:\/\/www.globallandscapesforum.org\/#\/schema\/logo\/image\/"},"sameAs":["https:\/\/www.facebook.com\/GlobalLandscapesForum\/","https:\/\/x.com\/globallf","https:\/\/www.instagram.com\/globallandscapesforum\/","https:\/\/www.linkedin.com\/company\/globallandscapesforum","https:\/\/www.youtube.com\/globallandscapesforum"]}]}},"jetpack_sharing_enabled":true,"_links":{"self":[{"href":"https:\/\/www.globallandscapesforum.org\/fr\/wp-json\/wp\/v2\/corporate_news\/56868","targetHints":{"allow":["GET"]}}],"collection":[{"href":"https:\/\/www.globallandscapesforum.org\/fr\/wp-json\/wp\/v2\/corporate_news"}],"about":[{"href":"https:\/\/www.globallandscapesforum.org\/fr\/wp-json\/wp\/v2\/types\/corporate_news"}],"author":[{"embeddable":true,"href":"https:\/\/www.globallandscapesforum.org\/fr\/wp-json\/wp\/v2\/users\/7"}],"version-history":[{"count":0,"href":"https:\/\/www.globallandscapesforum.org\/fr\/wp-json\/wp\/v2\/corporate_news\/56868\/revisions"}],"wp:featuredmedia":[{"embeddable":true,"href":"https:\/\/www.globallandscapesforum.org\/fr\/wp-json\/wp\/v2\/media\/56869"}],"wp:attachment":[{"href":"https:\/\/www.globallandscapesforum.org\/fr\/wp-json\/wp\/v2\/media?parent=56868"}],"wp:term":[{"taxonomy":"category","embeddable":true,"href":"https:\/\/www.globallandscapesforum.org\/fr\/wp-json\/wp\/v2\/categories?post=56868"},{"taxonomy":"post_tag","embeddable":true,"href":"https:\/\/www.globallandscapesforum.org\/fr\/wp-json\/wp\/v2\/tags?post=56868"},{"taxonomy":"location","embeddable":true,"href":"https:\/\/www.globallandscapesforum.org\/fr\/wp-json\/wp\/v2\/location?post=56868"},{"taxonomy":"organization","embeddable":true,"href":"https:\/\/www.globallandscapesforum.org\/fr\/wp-json\/wp\/v2\/organization?post=56868"},{"taxonomy":"news_category","embeddable":true,"href":"https:\/\/www.globallandscapesforum.org\/fr\/wp-json\/wp\/v2\/news_category?post=56868"},{"taxonomy":"author","embeddable":true,"href":"https:\/\/www.globallandscapesforum.org\/fr\/wp-json\/wp\/v2\/coauthors?post=56868"}],"curies":[{"name":"wp","href":"https:\/\/api.w.org\/{rel}","templated":true}]}}