{"id":63801,"date":"2024-01-15T14:41:08","date_gmt":"2024-01-15T07:41:08","guid":{"rendered":"https:\/\/www.globallandscapesforum.org\/?post_type=corporate_news&#038;p=63801"},"modified":"2024-01-29T14:41:55","modified_gmt":"2024-01-29T07:41:55","slug":"ouverture-des-candidatures-pour-le-prix-wangari-maathai-champions-de-la-cause-des-forets","status":"publish","type":"corporate_news","link":"https:\/\/www.globallandscapesforum.org\/fr\/glf-news\/ouverture-des-candidatures-pour-le-prix-wangari-maathai-champions-de-la-cause-des-forets\/","title":{"rendered":"Ouverture des candidatures pour le prix Wangari Maathai \u00abChampions de la cause des for\u00eats\u00bb"},"content":{"rendered":"<p><a href=\"https:\/\/www.globallandscapesforum.org\/glf-news\/nominations-open-for-wangari-maathai-forest-champions-award\/\" target=\"_blank\" rel=\"noopener\">English<\/a> | <a href=\"https:\/\/www.globallandscapesforum.org\/es\/glf-news\/se-abre-la-postulacion-de-candidaturas-para-el-premio-wangari-maathai-defensores-de-los-bosques\/\" target=\"_blank\" rel=\"noopener\">Espa\u00f1ol<\/a><\/p>\n<p><strong>15 janvier 2024, Rome<\/strong> \u2013 Le Partenariat de collaboration sur les for\u00eats (PCF) a ouvert aujourd&#8217;hui les candidatures pour le 7e <a href=\"https:\/\/www.fao.org\/collaborative-partnership-on-forests\/initiatives\/wangari-maathai-forest-champions-award\/fr\" target=\"_blank\" rel=\"noopener\">prix Wangari Maathai \u00abChampions de la cause des for\u00eats\u00bb<\/a>, une distinction d\u00e9cern\u00e9e \u00e0 des personnes ayant d\u00e9ploy\u00e9 des efforts extraordinaires pour am\u00e9liorer les for\u00eats du monde et la vie des personnes qui en d\u00e9pendent.<\/p>\n<p>Cette ann\u00e9e, le jury s&#8217;int\u00e9ressera particuli\u00e8rement aux r\u00e9alisations relatives \u00e0 la restauration des for\u00eats, aux produits forestiers durables, \u00e0 la r\u00e9duction de la disparition des for\u00eats, \u00e0 la cr\u00e9ation de communaut\u00e9s foresti\u00e8res r\u00e9silientes et \u00e0 l&#8217;am\u00e9lioration des moyens de subsistance.<\/p>\n<p>\u00abCe n\u2019est qu\u2019avec les esprits les plus brillants produisant des effets concrets que nous pourrons exploiter pleinement l\u2019\u00e9norme potentiel des for\u00eats pour relever les d\u00e9fis mondiaux\u00bb, a d\u00e9clar\u00e9 Zhimin Wu, Pr\u00e9sident du PCF et Directeur de la Division des for\u00eats de l\u2019Organisation des Nations Unies pour l\u2019alimentation et l\u2019agriculture (FAO).<\/p>\n<p>\u00abNous avons besoin de champions forestiers exceptionnels pour plaider en faveur d\u2019un changement innovant et inspirer d\u2019autres personnes \u00e0 suivre leurs traces vers un avenir plus vert, durable et r\u00e9silient.\u00bb<\/p>\n<p>L\u2019appel \u00e0 candidatures pour le titre de Champion de la cause des for\u00eats Wangari Maathai 2024 est ouvert jusqu\u2019au <strong>10 f\u00e9vrier 2024<\/strong>, et les candidatures li\u00e9es \u00e0 des initiatives locales et men\u00e9es par des jeunes sont particuli\u00e8rement encourag\u00e9es.<\/p>\n<p><strong>C\u00e9r\u00e9monie de remise des prix<\/strong><\/p>\n<p>En plus de b\u00e9n\u00e9ficier d\u2019une reconnaissance internationale, le laur\u00e9at recevra une somme en esp\u00e8ces de 20 000 dollars des \u00c9tats-Unis et sera invit\u00e9 \u00e0 assister \u00e0 une c\u00e9r\u00e9monie de remise des prix au cours de la 27e session du <a href=\"https:\/\/www.fao.org\/forestry\/committee-on-forestry\/fr\" target=\"_blank\" rel=\"noopener\">Comit\u00e9 des for\u00eats<\/a> (COFO) de la FAO, qui aura lieu du 22 au 26 juillet 2024 \u00e0 Rome.<\/p>\n<p>Lors de la session du COFO, des d\u00e9cideurs forestiers du monde entier se r\u00e9uniront pour discuter d\u2019un large \u00e9ventail de sujets, notamment les liens entre l\u2019agriculture et la sylviculture, l\u2019avenir de la demande et de l\u2019offre de bois, les for\u00eats et le changement climatique, la gestion des feux de for\u00eat, la restauration et la biodiversit\u00e9.<\/p>\n<p>La session du Comit\u00e9 des for\u00eats se tiendra parall\u00e8lement \u00e0 la 9e Semaine mondiale des for\u00eats, r\u00e9unissant des parties prenantes \u00e9tatiques et non \u00e9tatiques sous le th\u00e8me \u00abAcc\u00e9l\u00e9rer les solutions foresti\u00e8res gr\u00e2ce \u00e0 l\u2019innovation\u00bb.<\/p>\n<p><strong>L\u2019h\u00e9ritage de Wangari Maathai<\/strong><\/p>\n<p>Le CPF a lanc\u00e9 le premier prix Wangari Maathai \u00abChampions de la cause des for\u00eats\u00bb en 2012 pour honorer et comm\u00e9morer l&#8217;impact de la d\u00e9funte \u00e9cologiste kenyane, qui a d\u00e9fendu les questions foresti\u00e8res dans le monde entier. Wangari Maathai a \u00e9t\u00e9 la premi\u00e8re femme africaine \u00e0 recevoir, en 2004, le prix Nobel de la paix pour sa contribution au d\u00e9veloppement durable, \u00e0 la d\u00e9mocratie et \u00e0 la paix.<\/p>\n<p>Le <a href=\"https:\/\/www.greenbeltmovement.org\/\" target=\"_blank\" rel=\"noopener\">Mouvement de la ceinture verte<\/a> (Green Belt Movement) qu\u2019elle a cr\u00e9\u00e9 est une organisation environnementale qui permet aux communaut\u00e9s, et en particulier aux femmes, de conserver l\u2019environnement et d\u2019am\u00e9liorer leurs moyens d\u2019existence. Le mouvement a \u00e9galement plant\u00e9 plus de 51 millions d\u2019arbres au Kenya. Cet esprit est raviv\u00e9 par la <a href=\"https:\/\/www.decadeonrestoration.org\/fr\" target=\"_blank\" rel=\"noopener\">D\u00e9cennie des Nations Unies pour la restauration des \u00e9cosyst\u00e8mes<\/a> 2021-2030, qui a \u00e9t\u00e9 lanc\u00e9e avec un appel de ralliement pour la protection et la relance des \u00e9cosyst\u00e8mes dans le monde entier, au profit des populations et de la nature.<\/p>\n<p>Les pr\u00e9c\u00e9dents laur\u00e9ats du prix Wangari Maathai sont <a href=\"https:\/\/www.fao.org\/collaborative-partnership-on-forests\/initiatives\/forest-champions-award-2012\/fr\" target=\"_blank\" rel=\"noopener\">Narayan Kaji Shrestha<\/a> (2012), leader du mouvement de foresterie communautaire n\u00e9palais, <a href=\"https:\/\/www.fao.org\/collaborative-partnership-on-forests\/initiatives\/forest-champions-award-2014\/fr\" target=\"_blank\" rel=\"noopener\">Martha Isabel \u2018Pati\u2019 Ruiz Corzo<\/a> (2014), militante mexicaine pour l&#8217;environnement, l&#8217;activiste foresti\u00e8re ougandaise <a href=\"https:\/\/www.fao.org\/collaborative-partnership-on-forests\/initiatives\/forest-champions-award-2015\/fr\" target=\"_blank\" rel=\"noopener\">Gertrude Kabusimbi Kenyangi<\/a> (2015), l&#8217;activiste foresti\u00e8re br\u00e9silienne <a href=\"https:\/\/www.fao.org\/collaborative-partnership-on-forests\/initiatives\/forest-champions-award-2017\/fr\" target=\"_blank\" rel=\"noopener\">Maria Margarida Ribeiro da Silva<\/a> (2017), l&#8217;activiste forestier burundais <a href=\"https:\/\/www.fao.org\/collaborative-partnership-on-forests\/initiatives\/forest-champions-award-2019\/fr\" target=\"_blank\" rel=\"noopener\">L\u00e9onidas Nzigiyimpa<\/a> (2019) et l&#8217;activiste en foresterie sociale camerounaise <a href=\"https:\/\/www.fao.org\/collaborative-partnership-on-forests\/initiatives\/wangari-maathai-forest-champions-award\/forest-champions-award-2022\/fr\" target=\"_blank\" rel=\"noopener\">C\u00e9cile Ndjebet<\/a> (2022).<\/p>\n<p><strong>\u00c0 propos du PCF<\/strong><\/p>\n<p>Pr\u00e9sid\u00e9 par la FAO, le <a href=\"https:\/\/www.fao.org\/collaborative-partnership-on-forests\/fr\" target=\"_blank\" rel=\"noopener\">Partenariat de collaboration sur les for\u00eats<\/a> est un partenariat interinstitutionnel qui regroupe 16 organisations, organismes et secr\u00e9tariats internationaux ayant des programmes substantiels sur les for\u00eats. Les membres du PCF travaillent ensemble en vue de promouvoir la gestion durable de tous les types de for\u00eats et d\u2019aider les pays \u00e0 atteindre les objectifs mondiaux relatifs aux for\u00eats et les Objectifs de d\u00e9veloppement durable.<\/p>\n<p>De plus amples informations sur le prix Wangari Maathai \u00abChampions de la cause des for\u00eats\u00bb et sur les modalit\u00e9s de candidature sont disponibles en <a href=\"https:\/\/www.fao.org\/collaborative-partnership-on-forests\/initiatives\/wangari-maathai-forest-champions-award\/fr\" target=\"_blank\" rel=\"noopener\">fran\u00e7ais<\/a>, en <a href=\"https:\/\/www.fao.org\/collaborative-partnership-on-forests\/initiatives\/wangari-maathai-forest-champions-award\/en\" target=\"_blank\" rel=\"noopener\">anglais<\/a> et en <a href=\"https:\/\/www.fao.org\/collaborative-partnership-on-forests\/initiatives\/wangari-maathai-forest-champions-award\/es\" target=\"_blank\" rel=\"noopener\">espagnol<\/a>.<\/p>\n<p>&nbsp;<\/p>\n","protected":false},"excerpt":{"rendered":"<p>Le Partenariat de collaboration sur les for\u00eats (PCF) a ouvert aujourd&#8217;hui les candidatures pour le 7e prix Wangari Maathai \u00abChampions de la cause des for\u00eats\u00bb, une distinction d\u00e9cern\u00e9e \u00e0 des personnes ayant d\u00e9ploy\u00e9 des efforts extraordinaires pour am\u00e9liorer les for\u00eats du monde et la vie des personnes qui en d\u00e9pendent.<\/p>\n","protected":false},"author":7,"featured_media":63802,"template":"","meta":{"_acf_changed":false,"jetpack_post_was_ever_published":false,"_links_to":"","_links_to_target":""},"categories":[4736,4707],"tags":[],"location":[],"organization":[],"news_category":[],"coauthors":[813],"class_list":["post-63801","corporate_news","type-corporate_news","status-publish","has-post-thumbnail","hentry","category-measuring-progress-fr","category-restoration-fr","story_type-news"],"acf":[],"yoast_head":"<!-- This site is optimized with the Yoast SEO plugin v27.5 - https:\/\/yoast.com\/product\/yoast-seo-wordpress\/ -->\n<title>News: Ouverture des candidatures pour le prix Wangari Maathai \u00abChampions de la cause des for\u00eats\u00bb - Global Landscapes Forum<\/title>\n<meta name=\"description\" content=\"Le Partenariat de collaboration sur les for\u00eats (PCF) a ouvert aujourd&#039;hui les candidatures pour le 7e prix Wangari Maathai \u00abChampions de la cause de\" \/>\n<meta name=\"robots\" content=\"index, follow, max-snippet:-1, max-image-preview:large, max-video-preview:-1\" \/>\n<link rel=\"canonical\" href=\"https:\/\/www.globallandscapesforum.org\/fr\/glf-news\/ouverture-des-candidatures-pour-le-prix-wangari-maathai-champions-de-la-cause-des-forets\/\" \/>\n<meta property=\"og:locale\" content=\"fr_FR\" \/>\n<meta property=\"og:type\" content=\"article\" \/>\n<meta property=\"og:title\" content=\"News: Ouverture des candidatures pour le prix Wangari Maathai \u00abChampions de la cause des for\u00eats\u00bb - Global Landscapes Forum\" \/>\n<meta property=\"og:description\" content=\"Le Partenariat de collaboration sur les for\u00eats (PCF) a ouvert aujourd&#039;hui les candidatures pour le 7e prix Wangari Maathai \u00abChampions de la cause des for\u00eats\u00bb, une distinction d\u00e9cern\u00e9e \u00e0 des personnes ayant d\u00e9ploy\u00e9 des efforts extraordinaires pour am\u00e9liorer les for\u00eats du monde et la vie des personnes qui en d\u00e9pendent.\" \/>\n<meta property=\"og:url\" content=\"https:\/\/www.globallandscapesforum.org\/fr\/glf-news\/ouverture-des-candidatures-pour-le-prix-wangari-maathai-champions-de-la-cause-des-forets\/\" \/>\n<meta property=\"og:site_name\" content=\"Global Landscapes Forum\" \/>\n<meta property=\"article:publisher\" content=\"https:\/\/www.facebook.com\/GlobalLandscapesForum\/\" \/>\n<meta property=\"article:modified_time\" content=\"2024-01-29T07:41:55+00:00\" \/>\n<meta property=\"og:image\" content=\"https:\/\/www.globallandscapesforum.org\/wp-content\/uploads\/2024\/01\/fr-banner.png\" \/>\n\t<meta property=\"og:image:width\" content=\"1000\" \/>\n\t<meta property=\"og:image:height\" content=\"364\" \/>\n\t<meta property=\"og:image:type\" content=\"image\/png\" \/>\n<meta name=\"twitter:card\" content=\"summary_large_image\" \/>\n<meta name=\"twitter:site\" content=\"@globallf\" \/>\n<meta name=\"twitter:label1\" content=\"Dur\u00e9e de lecture estim\u00e9e\" \/>\n\t<meta name=\"twitter:data1\" content=\"4 minutes\" \/>\n\t<meta name=\"twitter:label2\" content=\"Written by\" \/>\n\t<meta name=\"twitter:data2\" content=\"Global Landscapes Forum AR\" \/>\n<!-- \/ Yoast SEO plugin. -->","yoast_head_json":{"title":"News: Ouverture des candidatures pour le prix Wangari Maathai \u00abChampions de la cause des for\u00eats\u00bb - Global Landscapes Forum","description":"Le Partenariat de collaboration sur les for\u00eats (PCF) a ouvert aujourd'hui les candidatures pour le 7e prix Wangari Maathai \u00abChampions de la cause de","robots":{"index":"index","follow":"follow","max-snippet":"max-snippet:-1","max-image-preview":"max-image-preview:large","max-video-preview":"max-video-preview:-1"},"canonical":"https:\/\/www.globallandscapesforum.org\/fr\/glf-news\/ouverture-des-candidatures-pour-le-prix-wangari-maathai-champions-de-la-cause-des-forets\/","og_locale":"fr_FR","og_type":"article","og_title":"News: Ouverture des candidatures pour le prix Wangari Maathai \u00abChampions de la cause des for\u00eats\u00bb - Global Landscapes Forum","og_description":"Le Partenariat de collaboration sur les for\u00eats (PCF) a ouvert aujourd'hui les candidatures pour le 7e prix Wangari Maathai \u00abChampions de la cause des for\u00eats\u00bb, une distinction d\u00e9cern\u00e9e \u00e0 des personnes ayant d\u00e9ploy\u00e9 des efforts extraordinaires pour am\u00e9liorer les for\u00eats du monde et la vie des personnes qui en d\u00e9pendent.","og_url":"https:\/\/www.globallandscapesforum.org\/fr\/glf-news\/ouverture-des-candidatures-pour-le-prix-wangari-maathai-champions-de-la-cause-des-forets\/","og_site_name":"Global Landscapes Forum","article_publisher":"https:\/\/www.facebook.com\/GlobalLandscapesForum\/","article_modified_time":"2024-01-29T07:41:55+00:00","og_image":[{"width":1000,"height":364,"url":"https:\/\/www.globallandscapesforum.org\/wp-content\/uploads\/2024\/01\/fr-banner.png","type":"image\/png"}],"twitter_card":"summary_large_image","twitter_site":"@globallf","twitter_misc":{"Dur\u00e9e de lecture estim\u00e9e":"4 minutes","Written by":"Global Landscapes Forum AR"},"schema":{"@context":"https:\/\/schema.org","@graph":[{"@type":"WebPage","@id":"https:\/\/www.globallandscapesforum.org\/fr\/glf-news\/ouverture-des-candidatures-pour-le-prix-wangari-maathai-champions-de-la-cause-des-forets\/","url":"https:\/\/www.globallandscapesforum.org\/fr\/glf-news\/ouverture-des-candidatures-pour-le-prix-wangari-maathai-champions-de-la-cause-des-forets\/","name":"News: Ouverture des candidatures pour le prix Wangari Maathai \u00abChampions de la cause des for\u00eats\u00bb - Global Landscapes Forum","isPartOf":{"@id":"https:\/\/www.globallandscapesforum.org\/#website"},"primaryImageOfPage":{"@id":"https:\/\/www.globallandscapesforum.org\/fr\/glf-news\/ouverture-des-candidatures-pour-le-prix-wangari-maathai-champions-de-la-cause-des-forets\/#primaryimage"},"image":{"@id":"https:\/\/www.globallandscapesforum.org\/fr\/glf-news\/ouverture-des-candidatures-pour-le-prix-wangari-maathai-champions-de-la-cause-des-forets\/#primaryimage"},"thumbnailUrl":"https:\/\/i0.wp.com\/www.globallandscapesforum.org\/wp-content\/uploads\/2024\/01\/fr-banner.png?fit=1000%2C364&ssl=1","datePublished":"2024-01-15T07:41:08+00:00","dateModified":"2024-01-29T07:41:55+00:00","description":"Le Partenariat de collaboration sur les for\u00eats (PCF) a ouvert aujourd'hui les candidatures pour le 7e prix Wangari Maathai \u00abChampions de la cause des for\u00eats\u00bb, une distinction d\u00e9cern\u00e9e \u00e0 des personnes ayant d\u00e9ploy\u00e9 des efforts extraordinaires pour am\u00e9liorer les for\u00eats du monde et la vie des personnes qui en d\u00e9pendent.","breadcrumb":{"@id":"https:\/\/www.globallandscapesforum.org\/fr\/glf-news\/ouverture-des-candidatures-pour-le-prix-wangari-maathai-champions-de-la-cause-des-forets\/#breadcrumb"},"inLanguage":"fr-FR","potentialAction":[{"@type":"ReadAction","target":["https:\/\/www.globallandscapesforum.org\/fr\/glf-news\/ouverture-des-candidatures-pour-le-prix-wangari-maathai-champions-de-la-cause-des-forets\/"]}]},{"@type":"ImageObject","inLanguage":"fr-FR","@id":"https:\/\/www.globallandscapesforum.org\/fr\/glf-news\/ouverture-des-candidatures-pour-le-prix-wangari-maathai-champions-de-la-cause-des-forets\/#primaryimage","url":"https:\/\/i0.wp.com\/www.globallandscapesforum.org\/wp-content\/uploads\/2024\/01\/fr-banner.png?fit=1000%2C364&ssl=1","contentUrl":"https:\/\/i0.wp.com\/www.globallandscapesforum.org\/wp-content\/uploads\/2024\/01\/fr-banner.png?fit=1000%2C364&ssl=1","width":1000,"height":364},{"@type":"BreadcrumbList","@id":"https:\/\/www.globallandscapesforum.org\/fr\/glf-news\/ouverture-des-candidatures-pour-le-prix-wangari-maathai-champions-de-la-cause-des-forets\/#breadcrumb","itemListElement":[{"@type":"ListItem","position":1,"name":"Home","item":"https:\/\/www.globallandscapesforum.org\/"},{"@type":"ListItem","position":2,"name":"GLF News","item":"https:\/\/www.globallandscapesforum.org\/glf-news\/"},{"@type":"ListItem","position":3,"name":"Ouverture des candidatures pour le prix Wangari Maathai \u00abChampions de la cause des for\u00eats\u00bb"}]},{"@type":"WebSite","@id":"https:\/\/www.globallandscapesforum.org\/#website","url":"https:\/\/www.globallandscapesforum.org\/","name":"Global Landscapes Forum","description":"Connect, learn and share","publisher":{"@id":"https:\/\/www.globallandscapesforum.org\/#organization"},"potentialAction":[{"@type":"SearchAction","target":{"@type":"EntryPoint","urlTemplate":"https:\/\/www.globallandscapesforum.org\/?s={search_term_string}"},"query-input":{"@type":"PropertyValueSpecification","valueRequired":true,"valueName":"search_term_string"}}],"inLanguage":"fr-FR"},{"@type":"Organization","@id":"https:\/\/www.globallandscapesforum.org\/#organization","name":"Global Landscapes Forum","url":"https:\/\/www.globallandscapesforum.org\/","logo":{"@type":"ImageObject","inLanguage":"fr-FR","@id":"https:\/\/www.globallandscapesforum.org\/#\/schema\/logo\/image\/","url":"https:\/\/i0.wp.com\/www.globallandscapesforum.org\/wp-content\/uploads\/2018\/02\/logo_glf.png?fit=63%2C60&ssl=1","contentUrl":"https:\/\/i0.wp.com\/www.globallandscapesforum.org\/wp-content\/uploads\/2018\/02\/logo_glf.png?fit=63%2C60&ssl=1","width":63,"height":60,"caption":"Global Landscapes Forum"},"image":{"@id":"https:\/\/www.globallandscapesforum.org\/#\/schema\/logo\/image\/"},"sameAs":["https:\/\/www.facebook.com\/GlobalLandscapesForum\/","https:\/\/x.com\/globallf","https:\/\/www.instagram.com\/globallandscapesforum\/","https:\/\/www.linkedin.com\/company\/globallandscapesforum","https:\/\/www.youtube.com\/globallandscapesforum"]}]}},"jetpack_sharing_enabled":true,"_links":{"self":[{"href":"https:\/\/www.globallandscapesforum.org\/fr\/wp-json\/wp\/v2\/corporate_news\/63801","targetHints":{"allow":["GET"]}}],"collection":[{"href":"https:\/\/www.globallandscapesforum.org\/fr\/wp-json\/wp\/v2\/corporate_news"}],"about":[{"href":"https:\/\/www.globallandscapesforum.org\/fr\/wp-json\/wp\/v2\/types\/corporate_news"}],"author":[{"embeddable":true,"href":"https:\/\/www.globallandscapesforum.org\/fr\/wp-json\/wp\/v2\/users\/7"}],"version-history":[{"count":0,"href":"https:\/\/www.globallandscapesforum.org\/fr\/wp-json\/wp\/v2\/corporate_news\/63801\/revisions"}],"wp:featuredmedia":[{"embeddable":true,"href":"https:\/\/www.globallandscapesforum.org\/fr\/wp-json\/wp\/v2\/media\/63802"}],"wp:attachment":[{"href":"https:\/\/www.globallandscapesforum.org\/fr\/wp-json\/wp\/v2\/media?parent=63801"}],"wp:term":[{"taxonomy":"category","embeddable":true,"href":"https:\/\/www.globallandscapesforum.org\/fr\/wp-json\/wp\/v2\/categories?post=63801"},{"taxonomy":"post_tag","embeddable":true,"href":"https:\/\/www.globallandscapesforum.org\/fr\/wp-json\/wp\/v2\/tags?post=63801"},{"taxonomy":"location","embeddable":true,"href":"https:\/\/www.globallandscapesforum.org\/fr\/wp-json\/wp\/v2\/location?post=63801"},{"taxonomy":"organization","embeddable":true,"href":"https:\/\/www.globallandscapesforum.org\/fr\/wp-json\/wp\/v2\/organization?post=63801"},{"taxonomy":"news_category","embeddable":true,"href":"https:\/\/www.globallandscapesforum.org\/fr\/wp-json\/wp\/v2\/news_category?post=63801"},{"taxonomy":"author","embeddable":true,"href":"https:\/\/www.globallandscapesforum.org\/fr\/wp-json\/wp\/v2\/coauthors?post=63801"}],"curies":[{"name":"wp","href":"https:\/\/api.w.org\/{rel}","templated":true}]}}