{"id":66943,"date":"2024-08-29T20:07:33","date_gmt":"2024-08-29T13:07:33","guid":{"rendered":"https:\/\/www.globallandscapesforum.org\/?post_type=corporate_news&#038;p=66943"},"modified":"2025-10-20T18:07:42","modified_gmt":"2025-10-20T11:07:42","slug":"glf-africa-2024-une-occasion-de-faconner-les-debats-de-lannee-sur-le-climat-la-biodiversite-et-les-droits-fonciers","status":"publish","type":"corporate_news","link":"https:\/\/www.globallandscapesforum.org\/fr\/glf-news\/glf-africa-2024-une-occasion-de-faconner-les-debats-de-lannee-sur-le-climat-la-biodiversite-et-les-droits-fonciers\/","title":{"rendered":"GLF Africa 2024 : une occasion de fa\u00e7onner les d\u00e9bats de l\u2019ann\u00e9e sur le climat, la biodiversit\u00e9 et les droits fonciers"},"content":{"rendered":"<p><a href=\"https:\/\/www.globallandscapesforum.org\/fr\/glf-news\/glf-africa-2024-une-occasion-de-faconner-les-debats-de-lannee-sur-le-climat-la-biodiversite-et-les-droits-fonciers\/\"><em>English here<\/em> <\/a><\/p>\n<ul>\n<li><em>Des leaders, experts et praticiens se r\u00e9uniront le 17 septembre pour discuter de sujets critiques avant les trois COP de l\u2019ann\u00e9e.<\/em><\/li>\n<li><em>La conf\u00e9rence hybride \u00ab\u2009GLF Africa 2024 : verdissement de l\u2019horizon africain\u2009\u00bb explorera la biodiversit\u00e9, les syst\u00e8mes alimentaires durables, la protection des droits et des moyens de subsistance, le r\u00f4le de la technologie dans la durabilit\u00e9, et plus encore.<\/em><\/li>\n<\/ul>\n<p><strong>Nairobi, Kenya (29 ao\u00fbt 2024) <\/strong>\u2014 Ce mois de septembre, la conf\u00e9rence hybride \u00ab\u2009<u><a href=\"https:\/\/events.globallandscapesforum.org\/africa-2024\/\" data-auth=\"NotApplicable\">GLF Africa 2024 : verdissement de l\u2019horizon africain<\/a><\/u>\u2009\u00bb, organis\u00e9e par le Global Landscapes Forum (GLF), sera le centre des savoirs et de l\u2019action sur la mani\u00e8re dont le continent peut tracer une voie durable pour toute l\u2019humanit\u00e9.<\/p>\n<p>Les paysages de for\u00eats tropicales et de savanes en Afrique sont menac\u00e9s par des pratiques d\u2019utilisation des terres non durables et se d\u00e9gradent \u00e0 un rythme sans pr\u00e9c\u00e9dent.<\/p>\n<p>Environ 40 % des personnes en Afrique sont confront\u00e9es aux effets du changement climatique, \u00e0 l\u2019augmentation de la d\u00e9sertification et \u00e0 la marginalisation \u00e9conomique dans les zones arides du continent et au Sahel.<\/p>\n<p>Bien que les paysages d\u2019eau douce, marins et c\u00f4tiers d\u2019Afrique aient une valeur projet\u00e9e de 405 milliards de dollars d\u2019ici 2030, ils sont menac\u00e9s par la d\u00e9gradation et l\u2019ins\u00e9curit\u00e9 hydrique.<\/p>\n<p>Les d\u00e9fis du continent sont consid\u00e9rables, mais le talent et l\u2019expertise de sa population le sont aussi.<\/p>\n<p><strong>Cr\u00e9er des connaissances ensemble et stimuler l\u2019action \u00e0 GLF Africa 2024<\/strong><\/p>\n<p>Le 17 septembre, des milliers de personnes se rassembleront en pr\u00e9sentiel et en ligne pour une exp\u00e9rience captivante, explorant les paysages africains changeants \u00e0 travers des solutions locales transformatrices, des d\u00e9bats \u00e9clairants, des ateliers et des spectacles culturels.<\/p>\n<p>Quelques s\u00e9ances marquantes de l\u2019agenda incluent :<\/p>\n<ul>\n<li><strong>Nouvelles fronti\u00e8res de l\u2019action<\/strong> \u2014 rejoignez des leaders d\u2019opinion de l\u2019Afrique et la plan\u00e8te pour cr\u00e9er une compr\u00e9hension commune de l\u2019interconnexion des d\u00e9fis mondiaux du climat, de la biodiversit\u00e9 et des terres, et de la mani\u00e8re dont les solutions locales \u00e0 l\u2019\u00e9chelle des paysages peuvent fonctionner dans un contexte africain.<\/li>\n<li><strong>Restaurer efficacement les \u00e9cosyst\u00e8mes pour lutter contre le r\u00e9chauffement climatique, la perte de biodiversit\u00e9 et l\u2019ins\u00e9curit\u00e9 alimentaire<\/strong> \u2014 d\u00e9couvrez les publications et les outils de suivi harmonis\u00e9s d\u00e9velopp\u00e9s pour aider \u00e0 atteindre la mission de la D\u00e9cennie des Nations Unies pour la restauration des \u00e9cosyst\u00e8mes \u2014 d\u00e9couvrez de bonnes pratiques, des facteurs de r\u00e9ussite et des le\u00e7ons tir\u00e9es des trois sites phares de restauration africains du monde.<\/li>\n<li><strong>Tirer parti de la force des partenariats <\/strong>\u2014 engagez-vous avec des experts sur les approches de gestion int\u00e9gr\u00e9e des paysages avec des exemples du Kenya, du Ghana, du Cameroun, de la C\u00f4te d\u2019Ivoire et de la R\u00e9publique D\u00e9mocratique du Congo, couvrant la gouvernance des paysages, les mod\u00e8les de financement, les outils de mesure innovants, et plus encore.<\/li>\n<li><strong>Les commodit\u00e9s foresti\u00e8res vertes en Afrique<\/strong> \u2014 participez \u00e0 une discussion avec des experts des secteurs de la noix de cajou et du bois sur les perspectives des ceux commodit\u00e9s, y compris un examen continental des flux financiers, une approche multipartite des commodit\u00e9s foresti\u00e8res, et les cadres politiques et institutionnels qui les r\u00e9gissent en Afrique.<\/li>\n<li><strong>Une avanc\u00e9e verte \u00e0 l\u2019\u00e8re de l\u2019IA<\/strong> \u2014 explorez deux questions essentielles \u00e0 travers des d\u00e9bats et discussions dynamiques. La premi\u00e8re portera sur le choix entre une agriculture \u00e0 forte intensit\u00e9 d\u2019intrants et l\u2019agro\u00e9cologie, tandis que la seconde examinera le potentiel de l\u2019IA pour construire des syst\u00e8mes agroalimentaires durables, inclusifs et r\u00e9silients.<\/li>\n<li><strong>Restaurer les paysages forestiers en Afrique<\/strong> \u2013 plongez dans les domaines complexes et multidimensionnels de la gouvernance et de l\u2019action derri\u00e8re les chiffres impressionnants des hectares \u00e0 restaurer dans le cadre de l\u2019Initiative pour la restauration des paysages forestiers africains (AFR100) ; une conversation sur les personnes en tant que titulaires de droits, leurs terres et leurs moyens de subsistance.<\/li>\n<li><strong>Une plateforme de partenariat transformante pour les syst\u00e8mes de livraison de graines et de plantules d\u2019arbres<\/strong> \u2014 contribuez \u00e0 la cr\u00e9ation d\u2019une plateforme de partenariat pour permettre aux parties prenantes \u00e0 l\u2019\u00e9chelle de l\u2019Afrique de concevoir des interventions pratiques, dans le cadre de l\u2019initiative Right Tree in the Right Place \u2014 Seed, qui vise \u00e0 augmenter l\u2019approvisionnement en semis diversifi\u00e9s et de haute qualit\u00e9 d\u2019esp\u00e8ces d\u2019arbres indig\u00e8nes pour atteindre les objectifs de restauration de l\u2019Afrique.<\/li>\n<li><strong>Les droits fonciers des femmes<\/strong> \u2014 obtenez des informations sur la mani\u00e8re dont la s\u00e9curisation des droits fonciers pour les femmes peut renforcer la r\u00e9silience face aux impacts du changement climatique et concevoir des syst\u00e8mes d\u2019utilisation et de contr\u00f4le des terres efficaces, nous permettant de vivre en harmonie avec la plan\u00e8te.<\/li>\n<li><strong>La gestion communautaire en action<\/strong> \u2014 participez \u00e0 la r\u00e9daction d\u2019un appel \u00e0 l\u2019action pour une action \u00e0 l\u2019\u00e9chelle communautaire en mettant l\u2019accent sur la gestion, les connaissances locales et les droits, et en pr\u00e9sentant des initiatives paysag\u00e8res innovantes, fond\u00e9es sur des preuves et dirig\u00e9es par les communaut\u00e9s, en tenant compte de la mani\u00e8re dont les d\u00e9cisions politiques mondiales nous impactent tous \u2014 y compris les communaut\u00e9s locales en Afrique, trop souvent exclues de ces processus d\u00e9cisionnels.<\/li>\n<\/ul>\n<p>La population jeune en pleine croissance de l\u2019Afrique est une force motrice pour la restauration des paysages. Le leadership des jeunes dans les paysages peut \u00eatre un catalyseur majeur pour un changement positif, remettant en question les normes conventionnelles et plaidant pour une mentalit\u00e9 et des pratiques de gestion responsable.<\/p>\n<p>Quelques sessions passionnantes d\u00e9di\u00e9es aux jeunes \u00e0 GLF Africa 2024 incluent :<\/p>\n<ul>\n<li><strong>Inspiration sociale pour d\u00e9buter la journ\u00e9e <\/strong>\u2013 r\u00e9seautez avec d\u2019autres jeunes leaders, praticiens et scientifiques, en partageant des id\u00e9es, des pens\u00e9es et des exp\u00e9riences pour construire une fresque de solidarit\u00e9. Avec un nombre limit\u00e9 de places disponibles, cette session est sur invitation uniquement. Postulez avant le 10 septembre \u2014\u00a0 pour en apprendre plus, veuillez vous ref\u00e9rer \u00e0 la description de la session <u><a href=\"https:\/\/events.globallandscapesforum.org\/africa-2024\/agenda\/\" data-auth=\"NotApplicable\">sur notre agenda<\/a><\/u>.<\/li>\n<li><strong>Une toile de politiques : La soci\u00e9t\u00e9 civile peut-elle harmoniser les Conventions de Rio ?<\/strong> \u2014 Engagez-vous dans cet atelier interactif en pr\u00e9sentiel qui rassemble de jeunes experts exp\u00e9riment\u00e9s pour explorer comment les trois Conventions de Rio \u2014 Changement climatique, Biodiversit\u00e9 et D\u00e9sertification \u2014 peuvent travailler ensemble pour cr\u00e9er un changement r\u00e9el.<\/li>\n<li><strong>Au-del\u00e0 des solutions urgentes : comment les communaut\u00e9s des paysages s\u00e8ment-elles un changement durable pour les populations et la nature?<\/strong> \u2014 avec les chapitres GLFx et les Restoration Stewards, plongez dans ce que les populations locales consid\u00e8rent comme les \u00e9l\u00e9ments fondateurs qui doivent \u00eatre int\u00e9gr\u00e9s dans l\u2019allocation.<\/li>\n<\/ul>\n<p>Nous d\u00e9voilerons \u00e9galement les gagnants du <strong><u><a href=\"https:\/\/events.globallandscapesforum.org\/africa-2024\/youth-storytelling-contest\/\" data-auth=\"NotApplicable\">Concours de r\u00e9cits de la jeunesse africaine 2024<\/a><\/u><\/strong>,\u00a0qui r\u00e9unit de jeunes cr\u00e9ateurs de tout le continent pour partager des histoires inspirantes pour un avenir plus lumineux et audacieux pour l&#8217;Afrique. Les 10 meilleures contributions seront pr\u00e9sent\u00e9es lors de GLF Africa 2024 ainsi que sur le site web et les r\u00e9seaux sociaux du GLF.<\/p>\n<p>Consultez <u><a href=\"https:\/\/events.globallandscapesforum.org\/africa-2024\/agenda\/\" data-auth=\"NotApplicable\">l\u2019agenda complet ici<\/a><\/u>.<\/p>\n<p><u><a href=\"https:\/\/events.globallandscapesforum.org\/africa-2024\/#register\" data-auth=\"NotApplicable\">Inscrivez-vous ici<\/a><\/u> pour assister \u00e0 la plus grande conf\u00e9rence d\u2019Afrique sur la restauration des paysages en 2024. D\u00e9couvrez-en davantage sur <u><a href=\"https:\/\/bit.ly\/GLFAfrica2024\" data-auth=\"NotApplicable\">bit.ly\/GLFAfrica2024<\/a><\/u><\/p>\n<p><img data-recalc-dims=\"1\" fetchpriority=\"high\" decoding=\"async\" class=\"alignnone size-large wp-image-66944\" src=\"https:\/\/i0.wp.com\/www.globallandscapesforum.org\/wp-content\/uploads\/2024\/08\/GLF-Africa-2024_In-person-visual_FR.png?resize=640%2C360&#038;ssl=1\" alt=\"\" width=\"640\" height=\"360\" srcset=\"https:\/\/i0.wp.com\/www.globallandscapesforum.org\/wp-content\/uploads\/2024\/08\/GLF-Africa-2024_In-person-visual_FR.png?resize=1024%2C576&amp;ssl=1 1024w, https:\/\/i0.wp.com\/www.globallandscapesforum.org\/wp-content\/uploads\/2024\/08\/GLF-Africa-2024_In-person-visual_FR.png?resize=300%2C169&amp;ssl=1 300w, https:\/\/i0.wp.com\/www.globallandscapesforum.org\/wp-content\/uploads\/2024\/08\/GLF-Africa-2024_In-person-visual_FR.png?resize=768%2C432&amp;ssl=1 768w, https:\/\/i0.wp.com\/www.globallandscapesforum.org\/wp-content\/uploads\/2024\/08\/GLF-Africa-2024_In-person-visual_FR.png?resize=1536%2C864&amp;ssl=1 1536w, https:\/\/i0.wp.com\/www.globallandscapesforum.org\/wp-content\/uploads\/2024\/08\/GLF-Africa-2024_In-person-visual_FR.png?w=1600&amp;ssl=1 1600w, https:\/\/i0.wp.com\/www.globallandscapesforum.org\/wp-content\/uploads\/2024\/08\/GLF-Africa-2024_In-person-visual_FR.png?w=1280&amp;ssl=1 1280w\" sizes=\"(max-width: 640px) 100vw, 640px\" \/><\/p>\n<p>###<\/p>\n<p><strong>NOTES AUX R\u00c9DACTEURS<\/strong><\/p>\n<ul>\n<li>Postulez pour une accr\u00e9ditation presse pour assister \u00e0 la conf\u00e9rence en ligne ou en personne ici : <u><a href=\"https:\/\/cmedia089988.typeform.com\/to\/SNjQ21cp\" data-auth=\"NotApplicable\">anglais<\/a><\/u> ou <u><a href=\"https:\/\/cmedia089988.typeform.com\/to\/pUlxr6E3\" data-auth=\"NotApplicable\">fran\u00e7ais<\/a><\/u><\/li>\n<li>Restez \u00e0 l\u2019\u00e9coute des mises \u00e0 jour de la conf\u00e9rence, consultez les messages cl\u00e9s sur les th\u00e8mes, acc\u00e9dez aux images et obtenez plus d\u2019informations sur la note conceptuelle de GLF Africa 2024 dans notre <u><a href=\"https:\/\/events.globallandscapesforum.org\/africa-2024\/newsroom\/\" data-auth=\"NotApplicable\">salle de r\u00e9daction<\/a><\/u>.<\/li>\n<li>Pour plus d\u2019informations, veuillez contacter Kelly Quintero (<u><a href=\"mailto:k.quintero@cifor-icraf.org\">k.quintero@cifor-icraf.org<\/a><\/u><u><\/u>)<\/li>\n<\/ul>\n<p><strong>\u00c0 propos du GLF<\/strong><\/p>\n<p>Le Global Landscapes Forum (GLF) est la plus grande plateforme mondiale de connaissances en mati\u00e8re d\u2019utilisation int\u00e9gr\u00e9e des terres, reliant les personnes autour d\u2019une vision commune pour cr\u00e9er des paysages productifs, rentables, \u00e9quitables et r\u00e9silients. Le GLF est dirig\u00e9 par le Centre de recherche foresti\u00e8re internationale et agroforesterie mondiale (CIFOR-ICRAF), en collaboration avec ses cofondateurs, le Programme des Nations Unies pour l\u2019environnement (PNUE) et la Banque mondiale, et les <u><a href=\"https:\/\/www.globallandscapesforum.org\/about\/partnership\/#charter\" data-auth=\"NotApplicable\">membres signataires de la Charte<\/a><\/u>. Apprenez-en davantage sur <u><a href=\"https:\/\/www.globallandscapesforum.org\/fr\/\" data-auth=\"NotApplicable\">www.globallandscapesforum.org<\/a><\/u>.<\/p>\n","protected":false},"excerpt":{"rendered":"<p>Le 17 septembre, des milliers de personnes se rassembleront en pr\u00e9sentiel et en ligne pour une exp\u00e9rience captivante, explorant les paysages africains changeants \u00e0 travers des solutions locales transformatrices, des d\u00e9bats \u00e9clairants, des ateliers et des spectacles culturels<\/p>\n","protected":false},"author":35,"featured_media":66949,"template":"","meta":{"_acf_changed":false,"jetpack_post_was_ever_published":false,"_links_to":"","_links_to_target":""},"categories":[4707],"tags":[],"location":[],"organization":[],"news_category":[5291],"coauthors":[4980],"class_list":["post-66943","corporate_news","type-corporate_news","status-publish","has-post-thumbnail","hentry","category-restoration-fr","news_category-press-release-fr"],"acf":[],"yoast_head":"<!-- This site is optimized with the Yoast SEO plugin v27.4 - https:\/\/yoast.com\/product\/yoast-seo-wordpress\/ -->\n<title>News: GLF Africa 2024 : une occasion de fa\u00e7onner les d\u00e9bats de l\u2019ann\u00e9e sur le climat, la biodiversit\u00e9 et les droits fonciers - Global Landscapes Forum<\/title>\n<meta name=\"description\" content=\"Le 17 septembre, des milliers de personnes se rassembleront en pr\u00e9sentiel et en ligne pour une exp\u00e9rience captivante, explorant les paysages africai\" \/>\n<meta name=\"robots\" content=\"index, follow, max-snippet:-1, max-image-preview:large, max-video-preview:-1\" \/>\n<link rel=\"canonical\" href=\"https:\/\/www.globallandscapesforum.org\/fr\/glf-news\/glf-africa-2024-une-occasion-de-faconner-les-debats-de-lannee-sur-le-climat-la-biodiversite-et-les-droits-fonciers\/\" \/>\n<meta property=\"og:locale\" content=\"fr_FR\" \/>\n<meta property=\"og:type\" content=\"article\" \/>\n<meta property=\"og:title\" content=\"News: GLF Africa 2024 : une occasion de fa\u00e7onner les d\u00e9bats de l\u2019ann\u00e9e sur le climat, la biodiversit\u00e9 et les droits fonciers - Global Landscapes Forum\" \/>\n<meta property=\"og:description\" content=\"Le 17 septembre, des milliers de personnes se rassembleront en pr\u00e9sentiel et en ligne pour une exp\u00e9rience captivante, explorant les paysages africains changeants \u00e0 travers des solutions locales transformatrices, des d\u00e9bats \u00e9clairants, des ateliers et des spectacles culturels\" \/>\n<meta property=\"og:url\" content=\"https:\/\/www.globallandscapesforum.org\/fr\/glf-news\/glf-africa-2024-une-occasion-de-faconner-les-debats-de-lannee-sur-le-climat-la-biodiversite-et-les-droits-fonciers\/\" \/>\n<meta property=\"og:site_name\" content=\"Global Landscapes Forum\" \/>\n<meta property=\"article:publisher\" content=\"https:\/\/www.facebook.com\/GlobalLandscapesForum\/\" \/>\n<meta property=\"article:modified_time\" content=\"2025-10-20T11:07:42+00:00\" \/>\n<meta property=\"og:image\" content=\"https:\/\/www.globallandscapesforum.org\/wp-content\/uploads\/2024\/08\/52325613277_70cf5f4552_o-scaled.jpg\" \/>\n\t<meta property=\"og:image:width\" content=\"2560\" \/>\n\t<meta property=\"og:image:height\" content=\"1705\" \/>\n\t<meta property=\"og:image:type\" content=\"image\/jpeg\" \/>\n<meta name=\"twitter:card\" content=\"summary_large_image\" \/>\n<meta name=\"twitter:site\" content=\"@globallf\" \/>\n<meta name=\"twitter:label1\" content=\"Dur\u00e9e de lecture estim\u00e9e\" \/>\n\t<meta name=\"twitter:data1\" content=\"6 minutes\" \/>\n\t<meta name=\"twitter:label2\" content=\"Written by\" \/>\n\t<meta name=\"twitter:data2\" content=\"digitalassistant\" \/>\n<!-- \/ Yoast SEO plugin. -->","yoast_head_json":{"title":"News: GLF Africa 2024 : une occasion de fa\u00e7onner les d\u00e9bats de l\u2019ann\u00e9e sur le climat, la biodiversit\u00e9 et les droits fonciers - Global Landscapes Forum","description":"Le 17 septembre, des milliers de personnes se rassembleront en pr\u00e9sentiel et en ligne pour une exp\u00e9rience captivante, explorant les paysages africai","robots":{"index":"index","follow":"follow","max-snippet":"max-snippet:-1","max-image-preview":"max-image-preview:large","max-video-preview":"max-video-preview:-1"},"canonical":"https:\/\/www.globallandscapesforum.org\/fr\/glf-news\/glf-africa-2024-une-occasion-de-faconner-les-debats-de-lannee-sur-le-climat-la-biodiversite-et-les-droits-fonciers\/","og_locale":"fr_FR","og_type":"article","og_title":"News: GLF Africa 2024 : une occasion de fa\u00e7onner les d\u00e9bats de l\u2019ann\u00e9e sur le climat, la biodiversit\u00e9 et les droits fonciers - Global Landscapes Forum","og_description":"Le 17 septembre, des milliers de personnes se rassembleront en pr\u00e9sentiel et en ligne pour une exp\u00e9rience captivante, explorant les paysages africains changeants \u00e0 travers des solutions locales transformatrices, des d\u00e9bats \u00e9clairants, des ateliers et des spectacles culturels","og_url":"https:\/\/www.globallandscapesforum.org\/fr\/glf-news\/glf-africa-2024-une-occasion-de-faconner-les-debats-de-lannee-sur-le-climat-la-biodiversite-et-les-droits-fonciers\/","og_site_name":"Global Landscapes Forum","article_publisher":"https:\/\/www.facebook.com\/GlobalLandscapesForum\/","article_modified_time":"2025-10-20T11:07:42+00:00","og_image":[{"width":2560,"height":1705,"url":"https:\/\/www.globallandscapesforum.org\/wp-content\/uploads\/2024\/08\/52325613277_70cf5f4552_o-scaled.jpg","type":"image\/jpeg"}],"twitter_card":"summary_large_image","twitter_site":"@globallf","twitter_misc":{"Dur\u00e9e de lecture estim\u00e9e":"6 minutes","Written by":"digitalassistant"},"schema":{"@context":"https:\/\/schema.org","@graph":[{"@type":"WebPage","@id":"https:\/\/www.globallandscapesforum.org\/fr\/glf-news\/glf-africa-2024-une-occasion-de-faconner-les-debats-de-lannee-sur-le-climat-la-biodiversite-et-les-droits-fonciers\/","url":"https:\/\/www.globallandscapesforum.org\/fr\/glf-news\/glf-africa-2024-une-occasion-de-faconner-les-debats-de-lannee-sur-le-climat-la-biodiversite-et-les-droits-fonciers\/","name":"News: GLF Africa 2024 : une occasion de fa\u00e7onner les d\u00e9bats de l\u2019ann\u00e9e sur le climat, la biodiversit\u00e9 et les droits fonciers - Global Landscapes Forum","isPartOf":{"@id":"https:\/\/www.globallandscapesforum.org\/#website"},"primaryImageOfPage":{"@id":"https:\/\/www.globallandscapesforum.org\/fr\/glf-news\/glf-africa-2024-une-occasion-de-faconner-les-debats-de-lannee-sur-le-climat-la-biodiversite-et-les-droits-fonciers\/#primaryimage"},"image":{"@id":"https:\/\/www.globallandscapesforum.org\/fr\/glf-news\/glf-africa-2024-une-occasion-de-faconner-les-debats-de-lannee-sur-le-climat-la-biodiversite-et-les-droits-fonciers\/#primaryimage"},"thumbnailUrl":"https:\/\/i0.wp.com\/www.globallandscapesforum.org\/wp-content\/uploads\/2024\/08\/52325613277_70cf5f4552_o-scaled.jpg?fit=2560%2C1705&ssl=1","datePublished":"2024-08-29T13:07:33+00:00","dateModified":"2025-10-20T11:07:42+00:00","description":"Le 17 septembre, des milliers de personnes se rassembleront en pr\u00e9sentiel et en ligne pour une exp\u00e9rience captivante, explorant les paysages africains changeants \u00e0 travers des solutions locales transformatrices, des d\u00e9bats \u00e9clairants, des ateliers et des spectacles culturels","breadcrumb":{"@id":"https:\/\/www.globallandscapesforum.org\/fr\/glf-news\/glf-africa-2024-une-occasion-de-faconner-les-debats-de-lannee-sur-le-climat-la-biodiversite-et-les-droits-fonciers\/#breadcrumb"},"inLanguage":"fr-FR","potentialAction":[{"@type":"ReadAction","target":["https:\/\/www.globallandscapesforum.org\/fr\/glf-news\/glf-africa-2024-une-occasion-de-faconner-les-debats-de-lannee-sur-le-climat-la-biodiversite-et-les-droits-fonciers\/"]}]},{"@type":"ImageObject","inLanguage":"fr-FR","@id":"https:\/\/www.globallandscapesforum.org\/fr\/glf-news\/glf-africa-2024-une-occasion-de-faconner-les-debats-de-lannee-sur-le-climat-la-biodiversite-et-les-droits-fonciers\/#primaryimage","url":"https:\/\/i0.wp.com\/www.globallandscapesforum.org\/wp-content\/uploads\/2024\/08\/52325613277_70cf5f4552_o-scaled.jpg?fit=2560%2C1705&ssl=1","contentUrl":"https:\/\/i0.wp.com\/www.globallandscapesforum.org\/wp-content\/uploads\/2024\/08\/52325613277_70cf5f4552_o-scaled.jpg?fit=2560%2C1705&ssl=1","width":2560,"height":1705},{"@type":"BreadcrumbList","@id":"https:\/\/www.globallandscapesforum.org\/fr\/glf-news\/glf-africa-2024-une-occasion-de-faconner-les-debats-de-lannee-sur-le-climat-la-biodiversite-et-les-droits-fonciers\/#breadcrumb","itemListElement":[{"@type":"ListItem","position":1,"name":"Home","item":"https:\/\/www.globallandscapesforum.org\/"},{"@type":"ListItem","position":2,"name":"GLF News","item":"https:\/\/www.globallandscapesforum.org\/glf-news\/"},{"@type":"ListItem","position":3,"name":"GLF Africa 2024 : une occasion de fa\u00e7onner les d\u00e9bats de l\u2019ann\u00e9e sur le climat, la biodiversit\u00e9 et les droits fonciers"}]},{"@type":"WebSite","@id":"https:\/\/www.globallandscapesforum.org\/#website","url":"https:\/\/www.globallandscapesforum.org\/","name":"Global Landscapes Forum","description":"Connect, learn and share","publisher":{"@id":"https:\/\/www.globallandscapesforum.org\/#organization"},"potentialAction":[{"@type":"SearchAction","target":{"@type":"EntryPoint","urlTemplate":"https:\/\/www.globallandscapesforum.org\/?s={search_term_string}"},"query-input":{"@type":"PropertyValueSpecification","valueRequired":true,"valueName":"search_term_string"}}],"inLanguage":"fr-FR"},{"@type":"Organization","@id":"https:\/\/www.globallandscapesforum.org\/#organization","name":"Global Landscapes Forum","url":"https:\/\/www.globallandscapesforum.org\/","logo":{"@type":"ImageObject","inLanguage":"fr-FR","@id":"https:\/\/www.globallandscapesforum.org\/#\/schema\/logo\/image\/","url":"https:\/\/i0.wp.com\/www.globallandscapesforum.org\/wp-content\/uploads\/2018\/02\/logo_glf.png?fit=63%2C60&ssl=1","contentUrl":"https:\/\/i0.wp.com\/www.globallandscapesforum.org\/wp-content\/uploads\/2018\/02\/logo_glf.png?fit=63%2C60&ssl=1","width":63,"height":60,"caption":"Global Landscapes Forum"},"image":{"@id":"https:\/\/www.globallandscapesforum.org\/#\/schema\/logo\/image\/"},"sameAs":["https:\/\/www.facebook.com\/GlobalLandscapesForum\/","https:\/\/x.com\/globallf","https:\/\/www.instagram.com\/globallandscapesforum\/","https:\/\/www.linkedin.com\/company\/globallandscapesforum","https:\/\/www.youtube.com\/globallandscapesforum"]}]}},"jetpack_sharing_enabled":true,"_links":{"self":[{"href":"https:\/\/www.globallandscapesforum.org\/fr\/wp-json\/wp\/v2\/corporate_news\/66943","targetHints":{"allow":["GET"]}}],"collection":[{"href":"https:\/\/www.globallandscapesforum.org\/fr\/wp-json\/wp\/v2\/corporate_news"}],"about":[{"href":"https:\/\/www.globallandscapesforum.org\/fr\/wp-json\/wp\/v2\/types\/corporate_news"}],"author":[{"embeddable":true,"href":"https:\/\/www.globallandscapesforum.org\/fr\/wp-json\/wp\/v2\/users\/35"}],"version-history":[{"count":0,"href":"https:\/\/www.globallandscapesforum.org\/fr\/wp-json\/wp\/v2\/corporate_news\/66943\/revisions"}],"wp:featuredmedia":[{"embeddable":true,"href":"https:\/\/www.globallandscapesforum.org\/fr\/wp-json\/wp\/v2\/media\/66949"}],"wp:attachment":[{"href":"https:\/\/www.globallandscapesforum.org\/fr\/wp-json\/wp\/v2\/media?parent=66943"}],"wp:term":[{"taxonomy":"category","embeddable":true,"href":"https:\/\/www.globallandscapesforum.org\/fr\/wp-json\/wp\/v2\/categories?post=66943"},{"taxonomy":"post_tag","embeddable":true,"href":"https:\/\/www.globallandscapesforum.org\/fr\/wp-json\/wp\/v2\/tags?post=66943"},{"taxonomy":"location","embeddable":true,"href":"https:\/\/www.globallandscapesforum.org\/fr\/wp-json\/wp\/v2\/location?post=66943"},{"taxonomy":"organization","embeddable":true,"href":"https:\/\/www.globallandscapesforum.org\/fr\/wp-json\/wp\/v2\/organization?post=66943"},{"taxonomy":"news_category","embeddable":true,"href":"https:\/\/www.globallandscapesforum.org\/fr\/wp-json\/wp\/v2\/news_category?post=66943"},{"taxonomy":"author","embeddable":true,"href":"https:\/\/www.globallandscapesforum.org\/fr\/wp-json\/wp\/v2\/coauthors?post=66943"}],"curies":[{"name":"wp","href":"https:\/\/api.w.org\/{rel}","templated":true}]}}