{"id":89159,"date":"2026-08-31T08:40:24","date_gmt":"2026-08-31T01:40:24","guid":{"rendered":"https:\/\/www.globallandscapesforum.org\/glf-news\/rio-changemakers-opens-call-to-impact-funds-for-first-cohort-ahead-of-cop31-launch-en%c2%b7fr\/"},"modified":"2026-08-31T09:07:47","modified_gmt":"2026-08-31T02:07:47","slug":"rio-changemakers-ouvre-un-appel-aux-fonds-a-impact-pour-sa-premiere-cohorte-avant-son-lancement-a-la-cop31","status":"publish","type":"corporate_news","link":"https:\/\/www.globallandscapesforum.org\/fr\/glf-news\/rio-changemakers-ouvre-un-appel-aux-fonds-a-impact-pour-sa-premiere-cohorte-avant-son-lancement-a-la-cop31\/","title":{"rendered":"Rio Changemakers ouvre un appel aux fonds \u00e0 impact pour sa premi\u00e8re cohorte, avant son lancement \u00e0 la COP31"},"content":{"rendered":"<p><em>Les fonds s\u00e9lectionn\u00e9s rejoindront la premi\u00e8re cohorte de Rio Changemakers et contribueront \u00e0 fa\u00e7onner une plateforme mettant en relation les investisseurs avec des occasions climat et nature cr\u00e9dibles et port\u00e9es localement. La date limite prioritaire est le 26 septembre 2026<\/em><\/p>\n<p><strong>Bonn, Allemagne (31 ao\u00fbt 2026) <\/strong>\u2013 Le gouvernement du Luxembourg et le Global Landscapes Forum (GLF) invitent les fonds \u00e0 impact investissant dans des solutions climat et nature \u00e0 rejoindre la premi\u00e8re cohorte de Rio Changemakers, une plateforme mondiale bas\u00e9e sur l&#8217;intelligence artificielle (IA) et guid\u00e9e par la science, qui met en relation les capitaux avec des occasions fiables et port\u00e9es localement.<\/p>\n<p>Cet appel aux fonds fait suite au lancement, fin juillet, d&#8217;un <a href=\"https:\/\/events.globallandscapesforum.org\/call-for-projects-join-rio-changemakers\/\" target=\"_blank\" rel=\"noopener\">appel \u00e0 projets climat et nature<\/a>, r\u00e9unissant ainsi les deux volets de la place de march\u00e9 au sein de sa premi\u00e8re cohorte, avant le d\u00e9voilement du produit minimum viable (MVP) de Rio Changemakers lors de la Conf\u00e9rence des Nations unies sur le changement climatique 2026 (COP31), \u00e0 Antalya, en Turquie, en novembre 2026.<\/p>\n<p><a href=\"https:\/\/www.globallandscapesforum.org\/fr\/glf-news\/onze-delegations-nationales-participent-au-lancement-de-la-premiere-plateforme-dia-visant-a-faciliter-lacces-des-capitaux-aux-communautes-lors-de-la-cop30\/\" target=\"_blank\" rel=\"noopener\">Rio Changemakers<\/a> est d\u00e9velopp\u00e9e par le gouvernement du Luxembourg et le GLF pour permettre aux investisseurs et aux fonds de rep\u00e9rer des occasions climat et nature \u00e0 haute int\u00e9grit\u00e9, tout en facilitant l\u2019acc\u00e8s au financement des projets cr\u00e9dibles et port\u00e9s localement.<\/p>\n<blockquote><p>\u00ab Le probl\u00e8me ne se r\u00e9sume pas \u00e0 un manque de capitaux ou de projets cr\u00e9dibles. Les investisseurs peinent souvent \u00e0 rep\u00e9rer, \u00e9valuer et comparer efficacement les occasions qui leur conviennent. Rio Changemakers est con\u00e7ue pour combler cet \u00e9cart, en combinant l&#8217;IA, la science et des informations fiables, tout en pla\u00e7ant l&#8217;action port\u00e9e localement au c\u0153ur de la d\u00e9marche \u00bb, a d\u00e9clar\u00e9 <strong>John Colmey<\/strong>, conseiller strat\u00e9gique et cofondateur du Global Landscapes Forum, et directeur principal chez Landscape Alliance.<\/p><\/blockquote>\n<p>L&#8217;appel s&#8217;adresse aux fonds \u00e0 impact \u2014 qu&#8217;il s&#8217;agisse de fonds \u00e9tablis ou de gestionnaires de fonds \u00e9mergents ou nouveaux \u2014 qui :<\/p>\n<ul>\n<li>Investissent dans des solutions climat et nature dans les march\u00e9s \u00e9mergents et les \u00e9conomies en d\u00e9veloppement<\/li>\n<li>S&#8217;engagent \u00e0 soutenir l&#8217;action port\u00e9e localement, notamment par les peuples autochtones et les communaut\u00e9s locales, les organisations dirig\u00e9es par des femmes, les organisations dirig\u00e9es par des jeunes et d&#8217;autres initiatives de base<\/li>\n<li>Investissent en Afrique, en Asie, dans le Pacifique, en Am\u00e9rique latine et dans les Cara\u00efbes, r\u00e9gions prioritaires pour cette premi\u00e8re cohorte<\/li>\n<\/ul>\n<p>Les fonds s\u00e9lectionn\u00e9s figureront parmi les premi\u00e8res organisations \u00e0 utiliser Rio Changemakers et \u00e0 contribuer \u00e0 son d\u00e9veloppement. Ils pourront notamment :<\/p>\n<ul>\n<li>Accro\u00eetre leur visibilit\u00e9 aupr\u00e8s des investisseurs et autres bailleurs de fonds, appuyant ainsi leurs propres efforts de collecte et de mobilisation de capitaux<\/li>\n<li>Acc\u00e9der en avant-premi\u00e8re \u00e0 un vivier grandissant de projets climat et nature cr\u00e9dibles en qu\u00eate de financement, et rep\u00e9rer les occasions qui correspondent \u00e0 leur strat\u00e9gie d&#8217;investissement<\/li>\n<li>Cr\u00e9er le profil de leur fonds et tester les fonctionnalit\u00e9s de mise en relation et de d\u00e9couverte de la plateforme avant son d\u00e9ploiement \u00e0 plus grande \u00e9chelle<\/li>\n<li>Partager leurs retours sur les informations, les crit\u00e8res et les outils dont ils ont besoin pour \u00e9valuer les occasions et se connecter plus efficacement aux projets qui leur correspondent<\/li>\n<\/ul>\n<p>En int\u00e9grant les projets, les fonds et les investisseurs \u00e0 la plateforme d\u00e8s les premi\u00e8res \u00e9tapes, Rio Changemakers testera la mani\u00e8re dont les capitaux et les occasions sont pr\u00e9sent\u00e9s, \u00e9valu\u00e9s et mis en relation, afin de b\u00e2tir une place de march\u00e9 qui r\u00e9ponde aux besoins de chaque maillon de l&#8217;\u00e9cosyst\u00e8me du financement.<\/p>\n<blockquote><p>\u00ab Rio Changemakers se construit avec les organisations qui l&#8217;utiliseront. Int\u00e9grer des fonds \u00e0 cette premi\u00e8re cohorte est essentiel pour que la plateforme refl\u00e8te la r\u00e9alit\u00e9 du d\u00e9ploiement des capitaux et permette de cr\u00e9er des ponts plus solides entre les investisseurs et les solutions climat et nature port\u00e9es localement \u00bb, a d\u00e9clar\u00e9 <strong>Kamal Prawiranegara<\/strong>, directeur du Global Landscapes Forum.<\/p><\/blockquote>\n<p>Les candidatures seront examin\u00e9es au fur et \u00e0 mesure. Les fonds sont invit\u00e9s \u00e0 <strong>soumettre leur candidature d&#8217;ici au 26 septembre 2026<\/strong> pour \u00eatre consid\u00e9r\u00e9s en priorit\u00e9.<\/p>\n<p><strong>Postulez ici : <\/strong><a href=\"https:\/\/globallandscapesforum.typeform.com\/to\/OxtH4vRO\" target=\"_blank\" rel=\"noopener\"><strong>https:\/\/globallandscapesforum.typeform.com\/to\/OxtH4vRO<\/strong><\/a><\/p>\n<p style=\"text-align: center\">###<\/p>\n<p><strong>NOTE AUX R\u00c9DACTEURS<\/strong><\/p>\n<ul>\n<li>Pour plus d\u2019informations, veuillez contacter Apoorva Bose, responsable de la communication strat\u00e9gique et des partenariats pour la finance durable au GLF (<a href=\"mailto:a.bose@landscapealliance.org\">a.bose@landscapealliance.org<\/a>)<\/li>\n<li><span style=\"font-weight: 400\">T\u00e9l\u00e9chargez la photo <\/span><a href=\"https:\/\/www.flickr.com\/photos\/globallandscapesforum\/53236170239\/in\/album-72177720311708186\" target=\"_blank\" rel=\"noopener\"><span style=\"font-weight: 400\">\u00ab Mother and Nature \u00bb<\/span><\/a><span style=\"font-weight: 400\"> et d\u00e9couvrez d\u2019autres images pour illustrer vos articles sur le<\/span> <a href=\"https:\/\/www.flickr.com\/photos\/globallandscapesforum\/albums\/\" target=\"_blank\" rel=\"noopener\">Flickr du GLF<\/a><\/li>\n<li>Retrouvez davantage d\u2019actualit\u00e9s du GLF dans notre <a href=\"https:\/\/www.globallandscapesforum.org\/mediaroom\/\" target=\"_blank\" rel=\"noopener\">media room<\/a><\/li>\n<\/ul>\n<p style=\"font-size: 11pt;line-height: 1.2\"><strong>\u00c0 propos de Rio Changemakers<\/strong><br \/>\nRio Changemakers est une plateforme mondiale, guid\u00e9e par la science et bas\u00e9e sur l\u2019intelligence artificielle (IA), d\u00e9velopp\u00e9e par le gouvernement du Luxembourg en partenariat avec le Global Landscapes Forum (GLF). La plateforme met en relation des investisseurs, des institutions financi\u00e8res et des entreprises avec des projets locaux en faveur du climat et de la nature, notamment des solutions fond\u00e9es sur la nature et des solutions positives pour la nature.<\/p>\n<p style=\"font-size: 11pt;line-height: 1.2\"><strong>\u00c0 propos GLF<\/strong><br \/>\nLe Global Landscapes Forum (GLF) est la plus grande plateforme mondiale de connaissances en mati\u00e8re d\u2019utilisation int\u00e9gr\u00e9e des terres, reliant les personnes autour d\u2019une vision commune pour cr\u00e9er des paysages productifs, prosp\u00e8res, \u00e9quitables et r\u00e9silients. Le GLF est dirig\u00e9 par Landscape Alliance \u2013 CIFOR &amp; ICRAF in action, en collaboration avec ses cofondateurs, le PNUE et la Banque mondiale, et les <a href=\"https:\/\/www.globallandscapesforum.org\/about\/partnership\/#charter\" target=\"_blank\" rel=\"noopener\">Membres Signataires de la Charte<\/a>. Apprenez-en davantage sur <a href=\"https:\/\/www.globallandscapesforum.org\/fr\/\" target=\"_blank\" rel=\"noopener\">www.globallandscapesforum.org<\/a>.<\/p>\n","protected":false},"excerpt":{"rendered":"<p>Les fonds sont invit\u00e9s \u00e0 soumettre leur candidature d&#8217;ici au 26 septembre 2026 pour \u00eatre consid\u00e9r\u00e9s en priorit\u00e9<\/p>\n","protected":false},"author":37,"featured_media":89156,"template":"","meta":{"_acf_changed":false,"_links_to":"","_links_to_target":""},"categories":[4673],"tags":[],"location":[],"organization":[],"news_category":[777],"coauthors":[5314],"class_list":["post-89159","corporate_news","type-corporate_news","status-publish","has-post-thumbnail","hentry","category-finance-fr","news_category-press-release"],"acf":[],"yoast_head":"<!-- This site is optimized with the Yoast SEO plugin v28.3 - https:\/\/yoast.com\/product\/yoast-seo-wordpress\/ -->\n<title>News: Rio Changemakers ouvre un appel aux fonds \u00e0 impact pour sa premi\u00e8re cohorte, avant son lancement \u00e0 la COP31 - Global Landscapes Forum<\/title>\n<meta name=\"description\" content=\"Les fonds sont invit\u00e9s \u00e0 soumettre leur candidature d&#039;ici au 26 septembre 2026 pour \u00eatre consid\u00e9r\u00e9s en priorit\u00e9\" \/>\n<meta name=\"robots\" content=\"index, follow, max-snippet:-1, max-image-preview:large, max-video-preview:-1\" \/>\n<link rel=\"canonical\" href=\"https:\/\/www.globallandscapesforum.org\/fr\/glf-news\/rio-changemakers-ouvre-un-appel-aux-fonds-a-impact-pour-sa-premiere-cohorte-avant-son-lancement-a-la-cop31\/\" \/>\n<meta property=\"og:locale\" content=\"fr_FR\" \/>\n<meta property=\"og:type\" content=\"article\" \/>\n<meta property=\"og:title\" content=\"News: Rio Changemakers ouvre un appel aux fonds \u00e0 impact pour sa premi\u00e8re cohorte, avant son lancement \u00e0 la COP31 - Global Landscapes Forum\" \/>\n<meta property=\"og:description\" content=\"Les fonds sont invit\u00e9s \u00e0 soumettre leur candidature d&#039;ici au 26 septembre 2026 pour \u00eatre consid\u00e9r\u00e9s en priorit\u00e9\" \/>\n<meta property=\"og:url\" content=\"https:\/\/www.globallandscapesforum.org\/fr\/glf-news\/rio-changemakers-ouvre-un-appel-aux-fonds-a-impact-pour-sa-premiere-cohorte-avant-son-lancement-a-la-cop31\/\" \/>\n<meta property=\"og:site_name\" content=\"Global Landscapes Forum\" \/>\n<meta property=\"article:publisher\" content=\"https:\/\/www.facebook.com\/GlobalLandscapesForum\/\" \/>\n<meta property=\"article:modified_time\" content=\"2026-08-31T02:07:47+00:00\" \/>\n<meta property=\"og:image\" content=\"https:\/\/www.globallandscapesforum.org\/wp-content\/uploads\/2026\/08\/RioCh-Funds-Call.jpg\" \/>\n\t<meta property=\"og:image:width\" content=\"800\" \/>\n\t<meta property=\"og:image:height\" content=\"570\" \/>\n\t<meta property=\"og:image:type\" content=\"image\/jpeg\" \/>\n<meta name=\"twitter:card\" content=\"summary_large_image\" \/>\n<meta name=\"twitter:site\" content=\"@globallf\" \/>\n<meta name=\"twitter:label1\" content=\"Dur\u00e9e de lecture estim\u00e9e\" \/>\n\t<meta name=\"twitter:data1\" content=\"4 minutes\" \/>\n\t<meta name=\"twitter:label2\" content=\"Written by\" \/>\n\t<meta name=\"twitter:data2\" content=\"glfmedia\" \/>\n<!-- \/ Yoast SEO plugin. -->","yoast_head_json":{"title":"News: Rio Changemakers ouvre un appel aux fonds \u00e0 impact pour sa premi\u00e8re cohorte, avant son lancement \u00e0 la COP31 - Global Landscapes Forum","description":"Les fonds sont invit\u00e9s \u00e0 soumettre leur candidature d'ici au 26 septembre 2026 pour \u00eatre consid\u00e9r\u00e9s en priorit\u00e9","robots":{"index":"index","follow":"follow","max-snippet":"max-snippet:-1","max-image-preview":"max-image-preview:large","max-video-preview":"max-video-preview:-1"},"canonical":"https:\/\/www.globallandscapesforum.org\/fr\/glf-news\/rio-changemakers-ouvre-un-appel-aux-fonds-a-impact-pour-sa-premiere-cohorte-avant-son-lancement-a-la-cop31\/","og_locale":"fr_FR","og_type":"article","og_title":"News: Rio Changemakers ouvre un appel aux fonds \u00e0 impact pour sa premi\u00e8re cohorte, avant son lancement \u00e0 la COP31 - Global Landscapes Forum","og_description":"Les fonds sont invit\u00e9s \u00e0 soumettre leur candidature d'ici au 26 septembre 2026 pour \u00eatre consid\u00e9r\u00e9s en priorit\u00e9","og_url":"https:\/\/www.globallandscapesforum.org\/fr\/glf-news\/rio-changemakers-ouvre-un-appel-aux-fonds-a-impact-pour-sa-premiere-cohorte-avant-son-lancement-a-la-cop31\/","og_site_name":"Global Landscapes Forum","article_publisher":"https:\/\/www.facebook.com\/GlobalLandscapesForum\/","article_modified_time":"2026-08-31T02:07:47+00:00","og_image":[{"width":800,"height":570,"url":"https:\/\/www.globallandscapesforum.org\/wp-content\/uploads\/2026\/08\/RioCh-Funds-Call.jpg","type":"image\/jpeg"}],"twitter_card":"summary_large_image","twitter_site":"@globallf","twitter_misc":{"Dur\u00e9e de lecture estim\u00e9e":"4 minutes","Written by":"glfmedia"},"schema":{"@context":"https:\/\/schema.org","@graph":[{"@type":"WebPage","@id":"https:\/\/www.globallandscapesforum.org\/fr\/glf-news\/rio-changemakers-ouvre-un-appel-aux-fonds-a-impact-pour-sa-premiere-cohorte-avant-son-lancement-a-la-cop31\/","url":"https:\/\/www.globallandscapesforum.org\/fr\/glf-news\/rio-changemakers-ouvre-un-appel-aux-fonds-a-impact-pour-sa-premiere-cohorte-avant-son-lancement-a-la-cop31\/","name":"News: Rio Changemakers ouvre un appel aux fonds \u00e0 impact pour sa premi\u00e8re cohorte, avant son lancement \u00e0 la COP31 - Global Landscapes Forum","isPartOf":{"@id":"https:\/\/www.globallandscapesforum.org\/#website"},"primaryImageOfPage":{"@id":"https:\/\/www.globallandscapesforum.org\/fr\/glf-news\/rio-changemakers-ouvre-un-appel-aux-fonds-a-impact-pour-sa-premiere-cohorte-avant-son-lancement-a-la-cop31\/#primaryimage"},"image":{"@id":"https:\/\/www.globallandscapesforum.org\/fr\/glf-news\/rio-changemakers-ouvre-un-appel-aux-fonds-a-impact-pour-sa-premiere-cohorte-avant-son-lancement-a-la-cop31\/#primaryimage"},"thumbnailUrl":"https:\/\/i0.wp.com\/www.globallandscapesforum.org\/wp-content\/uploads\/2026\/08\/RioCh-Funds-Call.jpg?fit=800%2C570&ssl=1","datePublished":"2026-08-31T01:40:24+00:00","dateModified":"2026-08-31T02:07:47+00:00","description":"Les fonds sont invit\u00e9s \u00e0 soumettre leur candidature d'ici au 26 septembre 2026 pour \u00eatre consid\u00e9r\u00e9s en priorit\u00e9","breadcrumb":{"@id":"https:\/\/www.globallandscapesforum.org\/fr\/glf-news\/rio-changemakers-ouvre-un-appel-aux-fonds-a-impact-pour-sa-premiere-cohorte-avant-son-lancement-a-la-cop31\/#breadcrumb"},"inLanguage":"fr-FR","potentialAction":[{"@type":"ReadAction","target":["https:\/\/www.globallandscapesforum.org\/fr\/glf-news\/rio-changemakers-ouvre-un-appel-aux-fonds-a-impact-pour-sa-premiere-cohorte-avant-son-lancement-a-la-cop31\/"]}]},{"@type":"ImageObject","inLanguage":"fr-FR","@id":"https:\/\/www.globallandscapesforum.org\/fr\/glf-news\/rio-changemakers-ouvre-un-appel-aux-fonds-a-impact-pour-sa-premiere-cohorte-avant-son-lancement-a-la-cop31\/#primaryimage","url":"https:\/\/i0.wp.com\/www.globallandscapesforum.org\/wp-content\/uploads\/2026\/08\/RioCh-Funds-Call.jpg?fit=800%2C570&ssl=1","contentUrl":"https:\/\/i0.wp.com\/www.globallandscapesforum.org\/wp-content\/uploads\/2026\/08\/RioCh-Funds-Call.jpg?fit=800%2C570&ssl=1","width":800,"height":570,"caption":"\"Mother and Nature\" (India), honorable mention at the GLF Africa 2023 Photography Competition. Photo: Moumita Bhowmik"},{"@type":"BreadcrumbList","@id":"https:\/\/www.globallandscapesforum.org\/fr\/glf-news\/rio-changemakers-ouvre-un-appel-aux-fonds-a-impact-pour-sa-premiere-cohorte-avant-son-lancement-a-la-cop31\/#breadcrumb","itemListElement":[{"@type":"ListItem","position":1,"name":"Home","item":"https:\/\/www.globallandscapesforum.org\/"},{"@type":"ListItem","position":2,"name":"GLF News","item":"https:\/\/www.globallandscapesforum.org\/glf-news\/"},{"@type":"ListItem","position":3,"name":"Rio Changemakers ouvre un appel aux fonds \u00e0 impact pour sa premi\u00e8re cohorte, avant son lancement \u00e0 la COP31"}]},{"@type":"WebSite","@id":"https:\/\/www.globallandscapesforum.org\/#website","url":"https:\/\/www.globallandscapesforum.org\/","name":"Global Landscapes Forum","description":"Connect, learn and share","publisher":{"@id":"https:\/\/www.globallandscapesforum.org\/#organization"},"potentialAction":[{"@type":"SearchAction","target":{"@type":"EntryPoint","urlTemplate":"https:\/\/www.globallandscapesforum.org\/?s={search_term_string}"},"query-input":{"@type":"PropertyValueSpecification","valueRequired":true,"valueName":"search_term_string"}}],"inLanguage":"fr-FR"},{"@type":"Organization","@id":"https:\/\/www.globallandscapesforum.org\/#organization","name":"Global Landscapes Forum","url":"https:\/\/www.globallandscapesforum.org\/","logo":{"@type":"ImageObject","inLanguage":"fr-FR","@id":"https:\/\/www.globallandscapesforum.org\/#\/schema\/logo\/image\/","url":"https:\/\/i0.wp.com\/www.globallandscapesforum.org\/wp-content\/uploads\/2018\/02\/logo_glf.png?fit=63%2C60&ssl=1","contentUrl":"https:\/\/i0.wp.com\/www.globallandscapesforum.org\/wp-content\/uploads\/2018\/02\/logo_glf.png?fit=63%2C60&ssl=1","width":63,"height":60,"caption":"Global Landscapes Forum"},"image":{"@id":"https:\/\/www.globallandscapesforum.org\/#\/schema\/logo\/image\/"},"sameAs":["https:\/\/www.facebook.com\/GlobalLandscapesForum\/","https:\/\/x.com\/globallf","https:\/\/www.instagram.com\/globallandscapesforum\/","https:\/\/www.linkedin.com\/company\/globallandscapesforum","https:\/\/www.youtube.com\/globallandscapesforum"]}]}},"jetpack_sharing_enabled":true,"_links":{"self":[{"href":"https:\/\/www.globallandscapesforum.org\/fr\/wp-json\/wp\/v2\/corporate_news\/89159","targetHints":{"allow":["GET"]}}],"collection":[{"href":"https:\/\/www.globallandscapesforum.org\/fr\/wp-json\/wp\/v2\/corporate_news"}],"about":[{"href":"https:\/\/www.globallandscapesforum.org\/fr\/wp-json\/wp\/v2\/types\/corporate_news"}],"author":[{"embeddable":true,"href":"https:\/\/www.globallandscapesforum.org\/fr\/wp-json\/wp\/v2\/users\/37"}],"version-history":[{"count":3,"href":"https:\/\/www.globallandscapesforum.org\/fr\/wp-json\/wp\/v2\/corporate_news\/89159\/revisions"}],"predecessor-version":[{"id":89162,"href":"https:\/\/www.globallandscapesforum.org\/fr\/wp-json\/wp\/v2\/corporate_news\/89159\/revisions\/89162"}],"wp:featuredmedia":[{"embeddable":true,"href":"https:\/\/www.globallandscapesforum.org\/fr\/wp-json\/wp\/v2\/media\/89156"}],"wp:attachment":[{"href":"https:\/\/www.globallandscapesforum.org\/fr\/wp-json\/wp\/v2\/media?parent=89159"}],"wp:term":[{"taxonomy":"category","embeddable":true,"href":"https:\/\/www.globallandscapesforum.org\/fr\/wp-json\/wp\/v2\/categories?post=89159"},{"taxonomy":"post_tag","embeddable":true,"href":"https:\/\/www.globallandscapesforum.org\/fr\/wp-json\/wp\/v2\/tags?post=89159"},{"taxonomy":"location","embeddable":true,"href":"https:\/\/www.globallandscapesforum.org\/fr\/wp-json\/wp\/v2\/location?post=89159"},{"taxonomy":"organization","embeddable":true,"href":"https:\/\/www.globallandscapesforum.org\/fr\/wp-json\/wp\/v2\/organization?post=89159"},{"taxonomy":"news_category","embeddable":true,"href":"https:\/\/www.globallandscapesforum.org\/fr\/wp-json\/wp\/v2\/news_category?post=89159"},{"taxonomy":"author","embeddable":true,"href":"https:\/\/www.globallandscapesforum.org\/fr\/wp-json\/wp\/v2\/coauthors?post=89159"}],"curies":[{"name":"wp","href":"https:\/\/api.w.org\/{rel}","templated":true}]}}