{"id":44712,"date":"2021-09-03T16:29:47","date_gmt":"2021-09-03T09:29:47","guid":{"rendered":"https:\/\/www.globallandscapesforum.org\/?post_type=corporate_news&#038;p=44712"},"modified":"2021-09-08T18:56:06","modified_gmt":"2021-09-08T11:56:06","slug":"o-que-temos-na-agenda-para-a-conferencia-digital-glf-amazonia","status":"publish","type":"corporate_news","link":"https:\/\/www.globallandscapesforum.org\/pt\/glf-news\/o-que-temos-na-agenda-para-a-conferencia-digital-glf-amazonia\/","title":{"rendered":"O que temos na agenda para a Confer\u00eancia Digital GLF Amaz\u00f4nia?"},"content":{"rendered":"<p>A <a href=\"https:\/\/events.globallandscapesforum.org\/pt\/amazon-2021\/\">GLF Amazonia<\/a>, de 21 a 23 de setembro, reunir\u00e1 conhecimentos novos e tradicionais de todo o bioma, explorando como preservar e restaurar a diversidade biol\u00f3gica e cultural da maior floresta tropical do mundo, a Amaz\u00f4nia.<\/p>\n<p>Os tr\u00eas dias ir\u00e3o alavancar as mais recentes evid\u00eancias, inova\u00e7\u00f5es e casos de neg\u00f3cios; convocar parcerias; gerar apoio p\u00fablico; e discutir como fazer mais e mais r\u00e1pido.<\/p>\n<p>Esta confer\u00eancia regional da Am\u00e9rica Latina, organizada pela ONG internacional <em>Global Landscapes Forum<\/em> (F\u00f3rum Global de Paisagens, em portugu\u00eas) em colabora\u00e7\u00e3o com os Minist\u00e9rios Federais do Meio Ambiente da Alemanha (BMU) e a Coopera\u00e7\u00e3o e Desenvolvimento Econ\u00f4mico (BMZ), o Governo do Gr\u00e3o-Ducado de Luxemburgo e o programa FOLUR, em parceria com seus 31 membros fundadores e apoiados pela Funda\u00e7\u00e3o Ford, \u00e9 uma oportunidade para pessoas em todo o mundo se reunirem em apoio \u00e0 sobreviv\u00eancia do Bioma Amaz\u00f4nia e garantir um caminho para alian\u00e7as, colabora\u00e7\u00f5es, acordos, solicita\u00e7\u00f5es de pol\u00edticas e recomenda\u00e7\u00f5es para informar a COP26.<\/p>\n<p style=\"text-align: center;\">___________<\/p>\n<p style=\"font-size: 22px;\"><strong>Ter\u00e7a-feira, 21 de setembro de 2021 \u2013 Abertura da <a href=\"https:\/\/events.globallandscapesforum.org\/pt\/amazon-2021\/\">GLF Amaz\u00f4nia<\/a><\/strong><\/p>\n<p>No dia da abertura da GLF Amaz\u00f4nia faremos o lan\u00e7amento da confer\u00eancia e explicaremos a situa\u00e7\u00e3o urgente da Amaz\u00f4nia \u00e0 medida que essa se aproxima de seu \u201cponto de inflex\u00e3o\u201d bem como estabeleceremos a estrutura para \u201csolu\u00e7\u00f5es de dentro para fora\u201d. Ela estar\u00e1 dispon\u00edvel para visualiza\u00e7\u00e3o na plataforma da confer\u00eancia (<a href=\"https:\/\/conference.globallandscapesforum.org\/amazon-2021\/pt\/registration\/purchase\">inscreva-se agora<\/a>), nos canais de rede social e no site do GLF gratuitamente (um link ser\u00e1 adicionado no dia do evento).<\/p>\n<p>O dia continua com discuss\u00f5es sobre agroecologia e o decl\u00ednio florestal (<em>forest dieback<\/em>) da Amaz\u00f4nia, oportunidades de networking, oficinas, programas di\u00e1rios das juventudes, plataformas de lan\u00e7amentos e intervalos para um \u201ccaf\u00e9 com especialistas\u201d.<\/p>\n<p>Ap\u00f3s as atividades do dia, junte-se a n\u00f3s \u00e0 noite para a abertura do Festival de Cinema da Amaz\u00f4nia.<\/p>\n<p><em>Veja a agenda mais recente aqui (em breve).<\/em><\/p>\n<p style=\"text-align: center;\">___________<\/p>\n<p><a href=\"https:\/\/events.globallandscapesforum.org\/pt\/amazon-2021\/film-festival\/\"><img data-recalc-dims=\"1\" fetchpriority=\"high\" decoding=\"async\" class=\"size-full wp-image-44686 aligncenter\" src=\"https:\/\/i0.wp.com\/www.globallandscapesforum.org\/wp-content\/uploads\/2021\/09\/Film_Fes_Amazonia_PT.jpg?resize=640%2C335&#038;ssl=1\" alt=\"\" width=\"640\" height=\"335\" \/><\/a><\/p>\n<p style=\"font-size: 22px;\"><strong>Ter\u00e7a-feira, 21 de setembro de 2021 \u2013 Lan\u00e7amento do <a href=\"https:\/\/events.globallandscapesforum.org\/pt\/amazon-2021\/film-festival\/\">Festival de Cinema Amaz\u00f4nia<\/a><\/strong><\/p>\n<p>O Festival de Cinema da Amaz\u00f4nia tamb\u00e9m come\u00e7a na ter\u00e7a-feira, com a exibi\u00e7\u00e3o de mais de 15 micro document\u00e1rios, curta e longas-metragens \u2013 dispon\u00edveis em portugu\u00eas, espanhol e ingl\u00eas \u2013 sobre a regi\u00e3o amaz\u00f4nica.<\/p>\n<p>Os cineastas participar\u00e3o de f\u00f3runs de cinema, compartilhando suas experi\u00eancias de fazer cinema na Amaz\u00f4nia e as quest\u00f5es retratadas em suas obras, inspirando a\u00e7\u00e3o e reflex\u00e3o. Cineastas premiados e ind\u00edgenas do Brasil, Col\u00f4mbia, Equador e outros participar\u00e3o em discuss\u00f5es moderadas que ser\u00e3o transmitidas ao vivo no site do GLF e na plataforma da confer\u00eancia da GLF Amaz\u00f4nia de ter\u00e7a-feira, 21 de setembro, a quinta-feira, 23 de setembro.<\/p>\n<p><em>Veja a agenda mais recente do festival de cinema <a href=\"https:\/\/events.globallandscapesforum.org\/pt\/amazon-2021\/film-festival\/\">aqui<\/a>.<\/em><\/p>\n<p style=\"text-align: center;\">___________<\/p>\n<p style=\"font-size: 22px;\"><strong>Galeria Cultural<\/strong><\/p>\n<p>A cultura \u2013 incluindo arte, espiritualidade e modos de vida \u2013 \u00e9 central para a Amaz\u00f4nia, onde vivem mais de 30 milh\u00f5es de pessoas e cerca de 410 Afrodescendentes, Ind\u00edgenas e outros grupos \u00e9tnicos. A Galeria Cultural da Amaz\u00f4nia ser\u00e1 palco de express\u00f5es art\u00edsticas e culturais sobre a regi\u00e3o amaz\u00f4nica.<\/p>\n<p>M\u00fasica, fotografia, textos e outras obras de arte ser\u00e3o exibidas, com informa\u00e7\u00e3o sobre as mesmas. Atrav\u00e9s de curtas mensagens de v\u00eddeo, artistas e criadores despertar\u00e3o reflex\u00e3o sobre a regi\u00e3o amaz\u00f4nica, sua exist\u00eancia e ponto de inflex\u00e3o.<\/p>\n<p style=\"text-align: center;\">___________<\/p>\n<p style=\"font-size: 22px;\"><strong>De quarta a quinta-feira, 22 a 23 de setembro de 2021<\/strong><\/p>\n<p>O segundo e terceiro dia da confer\u00eancia continuam com sess\u00f5es e plen\u00e1rias sobre temas incluindo, mas n\u00e3o limitado, \u00e0 geopol\u00edtica do desmatamento zero e solu\u00e7\u00f5es de financiamento para cadeias de valor sustent\u00e1veis, inclusivas e resilientes. Nossa marcante plen\u00e1ria Vozes das Terra retorna com foco nos direitos dos Povos Ind\u00edgenas, Comunidade Locais e Afrodescendentes que mant\u00eam o bioma amaz\u00f4nico.<\/p>\n<p>Os dias continuam com oportunidades de networking, programas di\u00e1rios das juventudes, plataformas de lan\u00e7amentos e intervalos para um \u201ccaf\u00e9 com especialistas\u201d.<\/p>\n<p>Na sess\u00e3o de encerramento na quinta-feira, obtenha respostas para a pergunta \u201ce agora?\u201d sobre como melhorar neg\u00f3cios sustent\u00e1veis, financiamento clim\u00e1tico, alian\u00e7as e pol\u00edticas p\u00fablicas para a\u00e7\u00e3o regional.<\/p>\n<p>Depois das atividades do dia, junte-se a n\u00f3s \u00e0 noite para o encerramento do Festival de Cinema da Amaz\u00f4nia.<\/p>\n<p style=\"text-align: center;\">___________<\/p>\n<p style=\"font-size: 22px;\"><strong>Programa para Jovens \u2013 Unidos pela Amaz\u00f4nia<\/strong><\/p>\n<p>Desde crian\u00e7as pequenas descobrindo os belos segredos da maior floresta tropical do mundo at\u00e9 jovens profissionais que dedicam suas carreiras para garantir a sobreviv\u00eancia do bioma, a Amaz\u00f4nia tem um lugar especial no cora\u00e7\u00e3o e na mente dos jovens de todo o mundo.<\/p>\n<p>A GLF Amaz\u00f4nia oferece uma oportunidade \u00fanica de participar de um programa com e para estudantes e jovens profissionais apaixonados pela diversidade biocultural, sistemas alimentares sustent\u00e1veis, direitos dos Povos Ind\u00edgenas e Comunidades Locais, posse da terra e muito mais.<\/p>\n<p><a href=\"https:\/\/events.globallandscapesforum.org\/pt\/amazon-2021\/youth-uniting-for-the-amazon\/\"><em>Veja o programa mais recente aqui<\/em><\/a><\/p>\n","protected":false},"excerpt":{"rendered":"<p>A GLF Amazonia, de 21 a 23 de setembro, reunir\u00e1 conhecimentos novos e tradicionais de todo o bioma, explorando como preservar e restaurar a diversidade biol\u00f3gica e cultural da maior floresta tropical do mundo, a Amaz\u00f4nia.<\/p>\n","protected":false},"author":7,"featured_media":44684,"template":"","meta":{"_acf_changed":false,"jetpack_post_was_ever_published":false,"_links_to":"","_links_to_target":""},"categories":[3773],"tags":[],"location":[],"organization":[],"news_category":[],"coauthors":[813],"class_list":["post-44712","corporate_news","type-corporate_news","status-publish","has-post-thumbnail","hentry","category-uncategorized-pt","resource_categories-article-pt","event-amazon-2021-pt"],"acf":[],"yoast_head":"<!-- This site is optimized with the Yoast SEO plugin v27.4 - https:\/\/yoast.com\/product\/yoast-seo-wordpress\/ -->\n<title>News: O que temos na agenda para a Confer\u00eancia Digital GLF Amaz\u00f4nia? - Global Landscapes Forum<\/title>\n<meta name=\"description\" content=\"A GLF Amazonia, de 21 a 23 de setembro, reunir\u00e1 conhecimentos novos e tradicionais de todo o bioma, explorando como preservar e restaurar a diversida\" \/>\n<meta name=\"robots\" content=\"index, follow, max-snippet:-1, max-image-preview:large, max-video-preview:-1\" \/>\n<link rel=\"canonical\" href=\"https:\/\/www.globallandscapesforum.org\/pt\/glf-news\/o-que-temos-na-agenda-para-a-conferencia-digital-glf-amazonia\/\" \/>\n<meta property=\"og:locale\" content=\"pt_PT\" \/>\n<meta property=\"og:type\" content=\"article\" \/>\n<meta property=\"og:title\" content=\"News: O que temos na agenda para a Confer\u00eancia Digital GLF Amaz\u00f4nia? - Global Landscapes Forum\" \/>\n<meta property=\"og:description\" content=\"A GLF Amazonia, de 21 a 23 de setembro, reunir\u00e1 conhecimentos novos e tradicionais de todo o bioma, explorando como preservar e restaurar a diversidade biol\u00f3gica e cultural da maior floresta tropical do mundo, a Amaz\u00f4nia.\" \/>\n<meta property=\"og:url\" content=\"https:\/\/www.globallandscapesforum.org\/pt\/glf-news\/o-que-temos-na-agenda-para-a-conferencia-digital-glf-amazonia\/\" \/>\n<meta property=\"og:site_name\" content=\"Global Landscapes Forum\" \/>\n<meta property=\"article:publisher\" content=\"https:\/\/www.facebook.com\/GlobalLandscapesForum\/\" \/>\n<meta property=\"article:modified_time\" content=\"2021-09-08T11:56:06+00:00\" \/>\n<meta property=\"og:image\" content=\"https:\/\/i0.wp.com\/www.globallandscapesforum.org\/wp-content\/uploads\/2021\/09\/Feat-image_Amazon.png?fit=1000%2C664&ssl=1\" \/>\n\t<meta property=\"og:image:width\" content=\"1000\" \/>\n\t<meta property=\"og:image:height\" content=\"664\" \/>\n\t<meta property=\"og:image:type\" content=\"image\/png\" \/>\n<meta name=\"twitter:card\" content=\"summary_large_image\" \/>\n<meta name=\"twitter:site\" content=\"@globallf\" \/>\n<meta name=\"twitter:label1\" content=\"Est. reading time\" \/>\n\t<meta name=\"twitter:data1\" content=\"4 minutes\" \/>\n\t<meta name=\"twitter:label2\" content=\"Written by\" \/>\n\t<meta name=\"twitter:data2\" content=\"Global Landscapes Forum AR\" \/>\n<!-- \/ Yoast SEO plugin. -->","yoast_head_json":{"title":"News: O que temos na agenda para a Confer\u00eancia Digital GLF Amaz\u00f4nia? - Global Landscapes Forum","description":"A GLF Amazonia, de 21 a 23 de setembro, reunir\u00e1 conhecimentos novos e tradicionais de todo o bioma, explorando como preservar e restaurar a diversida","robots":{"index":"index","follow":"follow","max-snippet":"max-snippet:-1","max-image-preview":"max-image-preview:large","max-video-preview":"max-video-preview:-1"},"canonical":"https:\/\/www.globallandscapesforum.org\/pt\/glf-news\/o-que-temos-na-agenda-para-a-conferencia-digital-glf-amazonia\/","og_locale":"pt_PT","og_type":"article","og_title":"News: O que temos na agenda para a Confer\u00eancia Digital GLF Amaz\u00f4nia? - Global Landscapes Forum","og_description":"A GLF Amazonia, de 21 a 23 de setembro, reunir\u00e1 conhecimentos novos e tradicionais de todo o bioma, explorando como preservar e restaurar a diversidade biol\u00f3gica e cultural da maior floresta tropical do mundo, a Amaz\u00f4nia.","og_url":"https:\/\/www.globallandscapesforum.org\/pt\/glf-news\/o-que-temos-na-agenda-para-a-conferencia-digital-glf-amazonia\/","og_site_name":"Global Landscapes Forum","article_publisher":"https:\/\/www.facebook.com\/GlobalLandscapesForum\/","article_modified_time":"2021-09-08T11:56:06+00:00","og_image":[{"width":1000,"height":664,"url":"https:\/\/i0.wp.com\/www.globallandscapesforum.org\/wp-content\/uploads\/2021\/09\/Feat-image_Amazon.png?fit=1000%2C664&ssl=1","type":"image\/png"}],"twitter_card":"summary_large_image","twitter_site":"@globallf","twitter_misc":{"Est. reading time":"4 minutes","Written by":"Global Landscapes Forum AR"},"schema":{"@context":"https:\/\/schema.org","@graph":[{"@type":"WebPage","@id":"https:\/\/www.globallandscapesforum.org\/pt\/glf-news\/o-que-temos-na-agenda-para-a-conferencia-digital-glf-amazonia\/","url":"https:\/\/www.globallandscapesforum.org\/pt\/glf-news\/o-que-temos-na-agenda-para-a-conferencia-digital-glf-amazonia\/","name":"News: O que temos na agenda para a Confer\u00eancia Digital GLF Amaz\u00f4nia? - Global Landscapes Forum","isPartOf":{"@id":"https:\/\/www.globallandscapesforum.org\/#website"},"primaryImageOfPage":{"@id":"https:\/\/www.globallandscapesforum.org\/pt\/glf-news\/o-que-temos-na-agenda-para-a-conferencia-digital-glf-amazonia\/#primaryimage"},"image":{"@id":"https:\/\/www.globallandscapesforum.org\/pt\/glf-news\/o-que-temos-na-agenda-para-a-conferencia-digital-glf-amazonia\/#primaryimage"},"thumbnailUrl":"https:\/\/i0.wp.com\/www.globallandscapesforum.org\/wp-content\/uploads\/2021\/09\/Feat-image_Amazon.png?fit=1000%2C664&ssl=1","datePublished":"2021-09-03T09:29:47+00:00","dateModified":"2021-09-08T11:56:06+00:00","description":"A GLF Amazonia, de 21 a 23 de setembro, reunir\u00e1 conhecimentos novos e tradicionais de todo o bioma, explorando como preservar e restaurar a diversidade biol\u00f3gica e cultural da maior floresta tropical do mundo, a Amaz\u00f4nia.","breadcrumb":{"@id":"https:\/\/www.globallandscapesforum.org\/pt\/glf-news\/o-que-temos-na-agenda-para-a-conferencia-digital-glf-amazonia\/#breadcrumb"},"inLanguage":"pt","potentialAction":[{"@type":"ReadAction","target":["https:\/\/www.globallandscapesforum.org\/pt\/glf-news\/o-que-temos-na-agenda-para-a-conferencia-digital-glf-amazonia\/"]}]},{"@type":"ImageObject","inLanguage":"pt","@id":"https:\/\/www.globallandscapesforum.org\/pt\/glf-news\/o-que-temos-na-agenda-para-a-conferencia-digital-glf-amazonia\/#primaryimage","url":"https:\/\/i0.wp.com\/www.globallandscapesforum.org\/wp-content\/uploads\/2021\/09\/Feat-image_Amazon.png?fit=1000%2C664&ssl=1","contentUrl":"https:\/\/i0.wp.com\/www.globallandscapesforum.org\/wp-content\/uploads\/2021\/09\/Feat-image_Amazon.png?fit=1000%2C664&ssl=1","width":1000,"height":664},{"@type":"BreadcrumbList","@id":"https:\/\/www.globallandscapesforum.org\/pt\/glf-news\/o-que-temos-na-agenda-para-a-conferencia-digital-glf-amazonia\/#breadcrumb","itemListElement":[{"@type":"ListItem","position":1,"name":"Home","item":"https:\/\/www.globallandscapesforum.org\/"},{"@type":"ListItem","position":2,"name":"GLF News","item":"https:\/\/www.globallandscapesforum.org\/glf-news\/"},{"@type":"ListItem","position":3,"name":"O que temos na agenda para a Confer\u00eancia Digital GLF Amaz\u00f4nia?"}]},{"@type":"WebSite","@id":"https:\/\/www.globallandscapesforum.org\/#website","url":"https:\/\/www.globallandscapesforum.org\/","name":"Global Landscapes Forum","description":"Connect, learn and share","publisher":{"@id":"https:\/\/www.globallandscapesforum.org\/#organization"},"potentialAction":[{"@type":"SearchAction","target":{"@type":"EntryPoint","urlTemplate":"https:\/\/www.globallandscapesforum.org\/?s={search_term_string}"},"query-input":{"@type":"PropertyValueSpecification","valueRequired":true,"valueName":"search_term_string"}}],"inLanguage":"pt"},{"@type":"Organization","@id":"https:\/\/www.globallandscapesforum.org\/#organization","name":"Global Landscapes Forum","url":"https:\/\/www.globallandscapesforum.org\/","logo":{"@type":"ImageObject","inLanguage":"pt","@id":"https:\/\/www.globallandscapesforum.org\/#\/schema\/logo\/image\/","url":"https:\/\/i0.wp.com\/www.globallandscapesforum.org\/wp-content\/uploads\/2018\/02\/logo_glf.png?fit=63%2C60&ssl=1","contentUrl":"https:\/\/i0.wp.com\/www.globallandscapesforum.org\/wp-content\/uploads\/2018\/02\/logo_glf.png?fit=63%2C60&ssl=1","width":63,"height":60,"caption":"Global Landscapes Forum"},"image":{"@id":"https:\/\/www.globallandscapesforum.org\/#\/schema\/logo\/image\/"},"sameAs":["https:\/\/www.facebook.com\/GlobalLandscapesForum\/","https:\/\/x.com\/globallf","https:\/\/www.instagram.com\/globallandscapesforum\/","https:\/\/www.linkedin.com\/company\/globallandscapesforum","https:\/\/www.youtube.com\/globallandscapesforum"]}]}},"jetpack_sharing_enabled":true,"_links":{"self":[{"href":"https:\/\/www.globallandscapesforum.org\/pt\/wp-json\/wp\/v2\/corporate_news\/44712","targetHints":{"allow":["GET"]}}],"collection":[{"href":"https:\/\/www.globallandscapesforum.org\/pt\/wp-json\/wp\/v2\/corporate_news"}],"about":[{"href":"https:\/\/www.globallandscapesforum.org\/pt\/wp-json\/wp\/v2\/types\/corporate_news"}],"author":[{"embeddable":true,"href":"https:\/\/www.globallandscapesforum.org\/pt\/wp-json\/wp\/v2\/users\/7"}],"version-history":[{"count":0,"href":"https:\/\/www.globallandscapesforum.org\/pt\/wp-json\/wp\/v2\/corporate_news\/44712\/revisions"}],"wp:featuredmedia":[{"embeddable":true,"href":"https:\/\/www.globallandscapesforum.org\/pt\/wp-json\/wp\/v2\/media\/44684"}],"wp:attachment":[{"href":"https:\/\/www.globallandscapesforum.org\/pt\/wp-json\/wp\/v2\/media?parent=44712"}],"wp:term":[{"taxonomy":"category","embeddable":true,"href":"https:\/\/www.globallandscapesforum.org\/pt\/wp-json\/wp\/v2\/categories?post=44712"},{"taxonomy":"post_tag","embeddable":true,"href":"https:\/\/www.globallandscapesforum.org\/pt\/wp-json\/wp\/v2\/tags?post=44712"},{"taxonomy":"location","embeddable":true,"href":"https:\/\/www.globallandscapesforum.org\/pt\/wp-json\/wp\/v2\/location?post=44712"},{"taxonomy":"organization","embeddable":true,"href":"https:\/\/www.globallandscapesforum.org\/pt\/wp-json\/wp\/v2\/organization?post=44712"},{"taxonomy":"news_category","embeddable":true,"href":"https:\/\/www.globallandscapesforum.org\/pt\/wp-json\/wp\/v2\/news_category?post=44712"},{"taxonomy":"author","embeddable":true,"href":"https:\/\/www.globallandscapesforum.org\/pt\/wp-json\/wp\/v2\/coauthors?post=44712"}],"curies":[{"name":"wp","href":"https:\/\/api.w.org\/{rel}","templated":true}]}}