{"id":44730,"date":"2021-09-07T17:27:48","date_gmt":"2021-09-07T10:27:48","guid":{"rendered":"https:\/\/www.globallandscapesforum.org\/?post_type=corporate_news&#038;p=44730"},"modified":"2021-09-17T09:17:00","modified_gmt":"2021-09-17T02:17:00","slug":"a-amazonia-esta-quase-atingindo-o-seu-ponto-de-inflexao-nesse-contexto-veiculos-de-midia-se-engajam-na-importante-conferencia-glf-amazonia","status":"publish","type":"corporate_news","link":"https:\/\/www.globallandscapesforum.org\/pt\/glf-news\/a-amazonia-esta-quase-atingindo-o-seu-ponto-de-inflexao-nesse-contexto-veiculos-de-midia-se-engajam-na-importante-conferencia-glf-amazonia\/","title":{"rendered":"A Amaz\u00f4nia est\u00e1 quase atingindo o seu ponto de inflex\u00e3o. Nesse contexto, ve\u00edculos de m\u00eddia se engajam na importante confer\u00eancia \u2018GLF Amaz\u00f4nia\u2019"},"content":{"rendered":"<p>A floresta tropical mais poderosa do mundo \u2013 a Amaz\u00f4nia \u2013 se aproxima de um ponto de inflex\u00e3o ecol\u00f3gico cr\u00edtico. Para agir sobre esse fato, diversas organiza\u00e7\u00f5es de m\u00eddia de grande impacto firmaram parceria com o <a href=\"https:\/\/www.globallandscapesforum.org\/\">Global Landscapes Forum<\/a> (F\u00f3rum Global de Paisagens, em portugu\u00eas &#8211; GLF) na organiza\u00e7\u00e3o da maior confer\u00eancia global sobre esse bioma t\u00e3o rico em biodiversidade.<\/p>\n<p>A Amaz\u00f4nia \u00e9 uma das regi\u00f5es com maior diversidade cultural e biol\u00f3gica da terra: \u00e9 o lar de mais de 30 milh\u00f5es de pessoas, cerca de 410 grupos \u00e9tnicos e de mais de um d\u00e9cimo da diversidade biol\u00f3gica conhecida do planeta, incluindo muitas esp\u00e9cies end\u00eamicas e amea\u00e7adas de extin\u00e7\u00e3o.<\/p>\n<p>Mas de <a href=\"https:\/\/www.science.org\/doi\/10.1126\/sciadv.aat2340\" target=\"_blank\" rel=\"noopener\">40%<\/a> do Bioma Amaz\u00f4nia corre o risco de perder, irreversivelmente, sua fun\u00e7\u00e3o de floresta geradora de \u00e1gua e se transformar em uma paisagem seca e degradada: uma cat\u00e1strofe para o bem-estar humano e para a sa\u00fade do planeta.<\/p>\n<p>Podemos mudar essa trajet\u00f3ria \u2013 mas s\u00f3 se o mundo agir agora.<\/p>\n<p>Para ajudar a catalisar e promover a a\u00e7\u00e3o necess\u00e1ria, uma confer\u00eancia digital, \u2018<a href=\"https:\/\/events.globallandscapesforum.org\/pt\/amazon-2021\/\">GLF Amaz\u00f4nia: O Ponto de Inflex\u00e3o \u2013 Solu\u00e7\u00f5es de Dentro para Fora<\/a>\u2019, acontecer\u00e1 de 21 a 23 de setembro de 2021. O evento reunir\u00e1 atores locais e globais para explorar como preservar e restaurar a diversidade biol\u00f3gica e cultural do bioma.<\/p>\n<p>Para GK, um dos ve\u00edculos de m\u00eddia independente mais lidos do Equador, \u201c\u00e9 fundamental nossa parceria com o GLF para expandir o conhecimento e os v\u00ednculos entre organiza\u00e7\u00f5es que trabalham com os mesmos objetivos. Para marcar essa parceria, o GK promove a GLF Amaz\u00f4nia com o objetivo de proteger o meio ambiente e promover os direitos dos povos ind\u00edgenas da regi\u00e3o. \u201cAmplificar mutuamente essas vozes e seu alcance \u00e9 uma vit\u00f3ria para o planeta\u201d.<\/p>\n<p>Organiza\u00e7\u00f5es regionais, nacionais e internacionais not\u00e1veis est\u00e3o em parceria com o GLF para garantir que as mensagens-chave da confer\u00eancia cheguem ao maior n\u00famero de pessoas poss\u00edvel.<\/p>\n<p>Os parceiros regionais incluem a organiza\u00e7\u00e3o brasileira de m\u00eddia independente <a href=\"https:\/\/midianinja.org\/quem-somos\/\" target=\"_blank\" rel=\"noopener\">M\u00eddia NINJA<\/a>; sua rede com foco na Amaz\u00f4nia <a href=\"https:\/\/casaninjaamazonia.org\/\" target=\"_blank\" rel=\"noopener\">Casa NINJA Amaz\u00f4nia<\/a>; as ag\u00eancias de not\u00edcias universit\u00e1rias brasileiras <a href=\"https:\/\/radio.ufpa.br\/\" target=\"_blank\" rel=\"noopener\">R\u00e1dio Web UFPA<\/a>, da Universidade Federal do Par\u00e1 (UFPA) e o canal da Universidade Federal do Amazonas <a href=\"https:\/\/ufam.edu.br\/comunicacao\/75-tv-ufam.html\" target=\"_blank\" rel=\"noopener\">TV UFAM<\/a>; a organiza\u00e7\u00e3o equatoriana de m\u00eddia independente <a href=\"https:\/\/gk.city\/que-es\/\" target=\"_blank\" rel=\"noopener\">GK<\/a>; a m\u00eddia da Coopera\u00e7\u00e3o da Juventude Amaz\u00f4nica pelo Desenvolvimento Sustent\u00e1vel, <a href=\"https:\/\/www.facebook.com\/COJOVEM.Br\/\" target=\"_blank\" rel=\"noopener\">COJOVEM<\/a>; e a publica\u00e7\u00e3o especializada em sustentabilidade e meio ambiente, <a href=\"https:\/\/revistaamazonia.com.br\/\" target=\"_blank\" rel=\"noopener\">Revista Amaz\u00f4nia<\/a>.<\/p>\n<p>\u201cA import\u00e2ncia da confer\u00eancia digital GLF Amaz\u00f4nia, neste momento em que a regi\u00e3o est\u00e1 fortemente amea\u00e7ada pela devasta\u00e7\u00e3o causada pelo homem e pela inseguran\u00e7a dos povos ind\u00edgenas e tradicionais &#8211; que s\u00e3o os verdadeiros guardi\u00f5es das florestas &#8211; \u00e9 chave para lan\u00e7ar um alerta maior sobre os riscos que o bioma corre. O envolvimento da M\u00eddia NINJA e Casa NINJA Amaz\u00f4nia mostra como as redes, o jornalismo independente e os movimentos culturais est\u00e3o sincronizados com as emerg\u00eancias clim\u00e1ticas atuais, com estas duas frentes atuando para denunciar as queimadas, desmatamento e crimes de toda a sorte que s\u00e3o feitos contra a Amaz\u00f4nia, e tamb\u00e9m apresentar suas riquezas e pot\u00eancias, e sua essencialidade para o clima do planeta. Tudo isso est\u00e1 amplamente conectado com a luta por justi\u00e7a clim\u00e1tica\u201d.<\/p>\n<p>Novos parceiros com foco e alcance global incluem a renomada plataforma de not\u00edcias de conserva\u00e7\u00e3o e meio ambiente <a href=\"https:\/\/www.mongabay.com\/home.htm\" target=\"_blank\" rel=\"noopener\">Mongabay<\/a>; o site global de not\u00edcias de ci\u00eancia e desenvolvimento <a href=\"https:\/\/www.scidev.net\/global\/\" target=\"_blank\" rel=\"noopener\">SciDevNet<\/a>; e a plataforma de streaming com foco no meio ambiente <a href=\"https:\/\/www.waterbear.com\/\" target=\"_blank\" rel=\"noopener\">WaterBear Network<\/a>.<\/p>\n<p>\u201cN\u00f3s, que cobrimos diariamente os principais temas da Amaz\u00f4nia, sabemos que estamos chegando ao ponto de inflex\u00e3o de v\u00e1rias maneiras. Hoje, mais do que nunca, o jornalismo \u00e9 necess\u00e1rio para saber o que est\u00e1 acontecendo l\u00e1, as informa\u00e7\u00f5es coletadas por especialistas e depoimentos de povos ind\u00edgenas e comunidades locais. Uma importante fonte de informa\u00e7\u00e3o \u00e9, sem d\u00favida, o Global Landscapes Forum. \u00c9 fundamental unir for\u00e7as para conectar informa\u00e7\u00e3o e comunica\u00e7\u00e3o em um espa\u00e7o de di\u00e1logo. Estamos confiantes de que isso nos permitir\u00e1 informar mais e melhor sobre quest\u00f5es urgentes da maior floresta tropical \u00famida do mundo&#8221;, afirmou o Mongabay Latam.<\/p>\n<p>&#8220;O apoio de nossos parceiros da m\u00eddia de toda a Am\u00e9rica Latina e outras regi\u00f5es est\u00e1 nos ajudando a ampliar o conhecimento e a sabedoria que chegam at\u00e9 n\u00f3s atrav\u00e9s das vozes locais da regi\u00e3o,\u201d disse Colmey, \u201ce o Global Landscapes Forum, assim como seus parceiros e financiadores, est\u00e3o imensamente gratos por isso.&#8221;<\/p>\n<p>As inscri\u00e7\u00f5es para o GLF Amaz\u00f4nia <a href=\"https:\/\/conference.globallandscapesforum.org\/amazon-2021\/pt\/registration\/purchase\">est\u00e3o abertas<\/a>: a confer\u00eancia \u00e9 gratuita para residentes dos pa\u00edses da Am\u00e9rica Latina e do Caribe, e custa apenas 10 a 15 euros para aqueles que vivem fora da regi\u00e3o.<\/p>\n<p>O evento \u00e9 patrocinado pela <a href=\"https:\/\/www.fordfoundation.org\/\" target=\"_blank\" rel=\"noopener\">Funda\u00e7\u00e3o Ford<\/a> com o apoio do <a href=\"https:\/\/www.bmu.de\/en\/\" target=\"_blank\" rel=\"noopener\">Minist\u00e9rio Federal do Meio Ambiente, Conserva\u00e7\u00e3o da Natureza e Seguran\u00e7a Nuclear da Alemanha<\/a> (BMU), o <a href=\"https:\/\/www.bmz.de\/en\" target=\"_blank\" rel=\"noopener\">Minist\u00e9rio Federal para Coopera\u00e7\u00e3o e Desenvolvimento Econ\u00f4mico da Alemanha<\/a> (BMZ), o <a href=\"https:\/\/gouvernement.lu\/en.html\" target=\"_blank\" rel=\"noopener\">Governo do Gr\u00e3o-Ducado de Luxemburgo<\/a> e o programa <a href=\"https:\/\/www.worldbank.org\/en\/topic\/agriculture\/brief\/the-food-systems-land-use-and-restoration-folur-impact-program\" target=\"_blank\" rel=\"noopener\">FOLUR<\/a>.<\/p>\n","protected":false},"excerpt":{"rendered":"<p>A floresta tropical mais poderosa do mundo \u2013 a Amaz\u00f4nia \u2013 se aproxima de um ponto de inflex\u00e3o ecol\u00f3gico cr\u00edtico. Para agir sobre esse fato, diversas organiza\u00e7\u00f5es de m\u00eddia de grande impacto firmaram parceria com o Global Landscapes Forum (F\u00f3rum Global de Paisagens, em portugu\u00eas &#8211; GLF) na organiza\u00e7\u00e3o da maior confer\u00eancia global sobre esse bioma t\u00e3o rico em biodiversidade.<\/p>\n","protected":false},"author":7,"featured_media":44768,"template":"","meta":{"_acf_changed":false,"jetpack_post_was_ever_published":false,"_links_to":"","_links_to_target":""},"categories":[3773],"tags":[],"location":[],"organization":[],"news_category":[],"coauthors":[813],"class_list":["post-44730","corporate_news","type-corporate_news","status-publish","has-post-thumbnail","hentry","category-uncategorized-pt","resource_categories-article-pt","event-amazon-2021-pt"],"acf":[],"yoast_head":"<!-- This site is optimized with the Yoast SEO plugin v27.4 - https:\/\/yoast.com\/product\/yoast-seo-wordpress\/ -->\n<title>News: A Amaz\u00f4nia est\u00e1 quase atingindo o seu ponto de inflex\u00e3o. Nesse contexto, ve\u00edculos de m\u00eddia se engajam na importante confer\u00eancia \u2018GLF Amaz\u00f4nia\u2019 - Global Landscapes Forum<\/title>\n<meta name=\"description\" content=\"A floresta tropical mais poderosa do mundo \u2013 a Amaz\u00f4nia \u2013 se aproxima de um ponto de inflex\u00e3o ecol\u00f3gico cr\u00edtico. Para agir sobre esse fato, di\" \/>\n<meta name=\"robots\" content=\"index, follow, max-snippet:-1, max-image-preview:large, max-video-preview:-1\" \/>\n<link rel=\"canonical\" href=\"https:\/\/www.globallandscapesforum.org\/pt\/glf-news\/a-amazonia-esta-quase-atingindo-o-seu-ponto-de-inflexao-nesse-contexto-veiculos-de-midia-se-engajam-na-importante-conferencia-glf-amazonia\/\" \/>\n<meta property=\"og:locale\" content=\"pt_PT\" \/>\n<meta property=\"og:type\" content=\"article\" \/>\n<meta property=\"og:title\" content=\"News: A Amaz\u00f4nia est\u00e1 quase atingindo o seu ponto de inflex\u00e3o. Nesse contexto, ve\u00edculos de m\u00eddia se engajam na importante confer\u00eancia \u2018GLF Amaz\u00f4nia\u2019 - Global Landscapes Forum\" \/>\n<meta property=\"og:description\" content=\"A floresta tropical mais poderosa do mundo \u2013 a Amaz\u00f4nia \u2013 se aproxima de um ponto de inflex\u00e3o ecol\u00f3gico cr\u00edtico. Para agir sobre esse fato, diversas organiza\u00e7\u00f5es de m\u00eddia de grande impacto firmaram parceria com o Global Landscapes Forum (F\u00f3rum Global de Paisagens, em portugu\u00eas - GLF) na organiza\u00e7\u00e3o da maior confer\u00eancia global sobre esse bioma t\u00e3o rico em biodiversidade.\" \/>\n<meta property=\"og:url\" content=\"https:\/\/www.globallandscapesforum.org\/pt\/glf-news\/a-amazonia-esta-quase-atingindo-o-seu-ponto-de-inflexao-nesse-contexto-veiculos-de-midia-se-engajam-na-importante-conferencia-glf-amazonia\/\" \/>\n<meta property=\"og:site_name\" content=\"Global Landscapes Forum\" \/>\n<meta property=\"article:publisher\" content=\"https:\/\/www.facebook.com\/GlobalLandscapesForum\/\" \/>\n<meta property=\"article:modified_time\" content=\"2021-09-17T02:17:00+00:00\" \/>\n<meta property=\"og:image\" content=\"https:\/\/i2.wp.com\/www.globallandscapesforum.org\/wp-content\/uploads\/2021\/09\/Media_Partner_logo_n.png?fit=1199%2C538&ssl=1\" \/>\n\t<meta property=\"og:image:width\" content=\"1199\" \/>\n\t<meta property=\"og:image:height\" content=\"538\" \/>\n\t<meta property=\"og:image:type\" content=\"image\/png\" \/>\n<meta name=\"twitter:card\" content=\"summary_large_image\" \/>\n<meta name=\"twitter:site\" content=\"@globallf\" \/>\n<meta name=\"twitter:label1\" content=\"Est. reading time\" \/>\n\t<meta name=\"twitter:data1\" content=\"4 minutes\" \/>\n\t<meta name=\"twitter:label2\" content=\"Written by\" \/>\n\t<meta name=\"twitter:data2\" content=\"Global Landscapes Forum AR\" \/>\n<!-- \/ Yoast SEO plugin. -->","yoast_head_json":{"title":"News: A Amaz\u00f4nia est\u00e1 quase atingindo o seu ponto de inflex\u00e3o. Nesse contexto, ve\u00edculos de m\u00eddia se engajam na importante confer\u00eancia \u2018GLF Amaz\u00f4nia\u2019 - Global Landscapes Forum","description":"A floresta tropical mais poderosa do mundo \u2013 a Amaz\u00f4nia \u2013 se aproxima de um ponto de inflex\u00e3o ecol\u00f3gico cr\u00edtico. Para agir sobre esse fato, di","robots":{"index":"index","follow":"follow","max-snippet":"max-snippet:-1","max-image-preview":"max-image-preview:large","max-video-preview":"max-video-preview:-1"},"canonical":"https:\/\/www.globallandscapesforum.org\/pt\/glf-news\/a-amazonia-esta-quase-atingindo-o-seu-ponto-de-inflexao-nesse-contexto-veiculos-de-midia-se-engajam-na-importante-conferencia-glf-amazonia\/","og_locale":"pt_PT","og_type":"article","og_title":"News: A Amaz\u00f4nia est\u00e1 quase atingindo o seu ponto de inflex\u00e3o. Nesse contexto, ve\u00edculos de m\u00eddia se engajam na importante confer\u00eancia \u2018GLF Amaz\u00f4nia\u2019 - Global Landscapes Forum","og_description":"A floresta tropical mais poderosa do mundo \u2013 a Amaz\u00f4nia \u2013 se aproxima de um ponto de inflex\u00e3o ecol\u00f3gico cr\u00edtico. Para agir sobre esse fato, diversas organiza\u00e7\u00f5es de m\u00eddia de grande impacto firmaram parceria com o Global Landscapes Forum (F\u00f3rum Global de Paisagens, em portugu\u00eas - GLF) na organiza\u00e7\u00e3o da maior confer\u00eancia global sobre esse bioma t\u00e3o rico em biodiversidade.","og_url":"https:\/\/www.globallandscapesforum.org\/pt\/glf-news\/a-amazonia-esta-quase-atingindo-o-seu-ponto-de-inflexao-nesse-contexto-veiculos-de-midia-se-engajam-na-importante-conferencia-glf-amazonia\/","og_site_name":"Global Landscapes Forum","article_publisher":"https:\/\/www.facebook.com\/GlobalLandscapesForum\/","article_modified_time":"2021-09-17T02:17:00+00:00","og_image":[{"width":1199,"height":538,"url":"https:\/\/i2.wp.com\/www.globallandscapesforum.org\/wp-content\/uploads\/2021\/09\/Media_Partner_logo_n.png?fit=1199%2C538&ssl=1","type":"image\/png"}],"twitter_card":"summary_large_image","twitter_site":"@globallf","twitter_misc":{"Est. reading time":"4 minutes","Written by":"Global Landscapes Forum AR"},"schema":{"@context":"https:\/\/schema.org","@graph":[{"@type":"WebPage","@id":"https:\/\/www.globallandscapesforum.org\/pt\/glf-news\/a-amazonia-esta-quase-atingindo-o-seu-ponto-de-inflexao-nesse-contexto-veiculos-de-midia-se-engajam-na-importante-conferencia-glf-amazonia\/","url":"https:\/\/www.globallandscapesforum.org\/pt\/glf-news\/a-amazonia-esta-quase-atingindo-o-seu-ponto-de-inflexao-nesse-contexto-veiculos-de-midia-se-engajam-na-importante-conferencia-glf-amazonia\/","name":"News: A Amaz\u00f4nia est\u00e1 quase atingindo o seu ponto de inflex\u00e3o. Nesse contexto, ve\u00edculos de m\u00eddia se engajam na importante confer\u00eancia \u2018GLF Amaz\u00f4nia\u2019 - Global Landscapes Forum","isPartOf":{"@id":"https:\/\/www.globallandscapesforum.org\/#website"},"primaryImageOfPage":{"@id":"https:\/\/www.globallandscapesforum.org\/pt\/glf-news\/a-amazonia-esta-quase-atingindo-o-seu-ponto-de-inflexao-nesse-contexto-veiculos-de-midia-se-engajam-na-importante-conferencia-glf-amazonia\/#primaryimage"},"image":{"@id":"https:\/\/www.globallandscapesforum.org\/pt\/glf-news\/a-amazonia-esta-quase-atingindo-o-seu-ponto-de-inflexao-nesse-contexto-veiculos-de-midia-se-engajam-na-importante-conferencia-glf-amazonia\/#primaryimage"},"thumbnailUrl":"https:\/\/i0.wp.com\/www.globallandscapesforum.org\/wp-content\/uploads\/2021\/09\/Media_Partner_logo_n.png?fit=1199%2C538&ssl=1","datePublished":"2021-09-07T10:27:48+00:00","dateModified":"2021-09-17T02:17:00+00:00","description":"A floresta tropical mais poderosa do mundo \u2013 a Amaz\u00f4nia \u2013 se aproxima de um ponto de inflex\u00e3o ecol\u00f3gico cr\u00edtico. Para agir sobre esse fato, diversas organiza\u00e7\u00f5es de m\u00eddia de grande impacto firmaram parceria com o Global Landscapes Forum (F\u00f3rum Global de Paisagens, em portugu\u00eas - GLF) na organiza\u00e7\u00e3o da maior confer\u00eancia global sobre esse bioma t\u00e3o rico em biodiversidade.","breadcrumb":{"@id":"https:\/\/www.globallandscapesforum.org\/pt\/glf-news\/a-amazonia-esta-quase-atingindo-o-seu-ponto-de-inflexao-nesse-contexto-veiculos-de-midia-se-engajam-na-importante-conferencia-glf-amazonia\/#breadcrumb"},"inLanguage":"pt","potentialAction":[{"@type":"ReadAction","target":["https:\/\/www.globallandscapesforum.org\/pt\/glf-news\/a-amazonia-esta-quase-atingindo-o-seu-ponto-de-inflexao-nesse-contexto-veiculos-de-midia-se-engajam-na-importante-conferencia-glf-amazonia\/"]}]},{"@type":"ImageObject","inLanguage":"pt","@id":"https:\/\/www.globallandscapesforum.org\/pt\/glf-news\/a-amazonia-esta-quase-atingindo-o-seu-ponto-de-inflexao-nesse-contexto-veiculos-de-midia-se-engajam-na-importante-conferencia-glf-amazonia\/#primaryimage","url":"https:\/\/i0.wp.com\/www.globallandscapesforum.org\/wp-content\/uploads\/2021\/09\/Media_Partner_logo_n.png?fit=1199%2C538&ssl=1","contentUrl":"https:\/\/i0.wp.com\/www.globallandscapesforum.org\/wp-content\/uploads\/2021\/09\/Media_Partner_logo_n.png?fit=1199%2C538&ssl=1","width":1199,"height":538},{"@type":"BreadcrumbList","@id":"https:\/\/www.globallandscapesforum.org\/pt\/glf-news\/a-amazonia-esta-quase-atingindo-o-seu-ponto-de-inflexao-nesse-contexto-veiculos-de-midia-se-engajam-na-importante-conferencia-glf-amazonia\/#breadcrumb","itemListElement":[{"@type":"ListItem","position":1,"name":"Home","item":"https:\/\/www.globallandscapesforum.org\/"},{"@type":"ListItem","position":2,"name":"GLF News","item":"https:\/\/www.globallandscapesforum.org\/glf-news\/"},{"@type":"ListItem","position":3,"name":"A Amaz\u00f4nia est\u00e1 quase atingindo o seu ponto de inflex\u00e3o. Nesse contexto, ve\u00edculos de m\u00eddia se engajam na importante confer\u00eancia \u2018GLF Amaz\u00f4nia\u2019"}]},{"@type":"WebSite","@id":"https:\/\/www.globallandscapesforum.org\/#website","url":"https:\/\/www.globallandscapesforum.org\/","name":"Global Landscapes Forum","description":"Connect, learn and share","publisher":{"@id":"https:\/\/www.globallandscapesforum.org\/#organization"},"potentialAction":[{"@type":"SearchAction","target":{"@type":"EntryPoint","urlTemplate":"https:\/\/www.globallandscapesforum.org\/?s={search_term_string}"},"query-input":{"@type":"PropertyValueSpecification","valueRequired":true,"valueName":"search_term_string"}}],"inLanguage":"pt"},{"@type":"Organization","@id":"https:\/\/www.globallandscapesforum.org\/#organization","name":"Global Landscapes Forum","url":"https:\/\/www.globallandscapesforum.org\/","logo":{"@type":"ImageObject","inLanguage":"pt","@id":"https:\/\/www.globallandscapesforum.org\/#\/schema\/logo\/image\/","url":"https:\/\/i0.wp.com\/www.globallandscapesforum.org\/wp-content\/uploads\/2018\/02\/logo_glf.png?fit=63%2C60&ssl=1","contentUrl":"https:\/\/i0.wp.com\/www.globallandscapesforum.org\/wp-content\/uploads\/2018\/02\/logo_glf.png?fit=63%2C60&ssl=1","width":63,"height":60,"caption":"Global Landscapes Forum"},"image":{"@id":"https:\/\/www.globallandscapesforum.org\/#\/schema\/logo\/image\/"},"sameAs":["https:\/\/www.facebook.com\/GlobalLandscapesForum\/","https:\/\/x.com\/globallf","https:\/\/www.instagram.com\/globallandscapesforum\/","https:\/\/www.linkedin.com\/company\/globallandscapesforum","https:\/\/www.youtube.com\/globallandscapesforum"]}]}},"jetpack_sharing_enabled":true,"_links":{"self":[{"href":"https:\/\/www.globallandscapesforum.org\/pt\/wp-json\/wp\/v2\/corporate_news\/44730","targetHints":{"allow":["GET"]}}],"collection":[{"href":"https:\/\/www.globallandscapesforum.org\/pt\/wp-json\/wp\/v2\/corporate_news"}],"about":[{"href":"https:\/\/www.globallandscapesforum.org\/pt\/wp-json\/wp\/v2\/types\/corporate_news"}],"author":[{"embeddable":true,"href":"https:\/\/www.globallandscapesforum.org\/pt\/wp-json\/wp\/v2\/users\/7"}],"version-history":[{"count":0,"href":"https:\/\/www.globallandscapesforum.org\/pt\/wp-json\/wp\/v2\/corporate_news\/44730\/revisions"}],"wp:featuredmedia":[{"embeddable":true,"href":"https:\/\/www.globallandscapesforum.org\/pt\/wp-json\/wp\/v2\/media\/44768"}],"wp:attachment":[{"href":"https:\/\/www.globallandscapesforum.org\/pt\/wp-json\/wp\/v2\/media?parent=44730"}],"wp:term":[{"taxonomy":"category","embeddable":true,"href":"https:\/\/www.globallandscapesforum.org\/pt\/wp-json\/wp\/v2\/categories?post=44730"},{"taxonomy":"post_tag","embeddable":true,"href":"https:\/\/www.globallandscapesforum.org\/pt\/wp-json\/wp\/v2\/tags?post=44730"},{"taxonomy":"location","embeddable":true,"href":"https:\/\/www.globallandscapesforum.org\/pt\/wp-json\/wp\/v2\/location?post=44730"},{"taxonomy":"organization","embeddable":true,"href":"https:\/\/www.globallandscapesforum.org\/pt\/wp-json\/wp\/v2\/organization?post=44730"},{"taxonomy":"news_category","embeddable":true,"href":"https:\/\/www.globallandscapesforum.org\/pt\/wp-json\/wp\/v2\/news_category?post=44730"},{"taxonomy":"author","embeddable":true,"href":"https:\/\/www.globallandscapesforum.org\/pt\/wp-json\/wp\/v2\/coauthors?post=44730"}],"curies":[{"name":"wp","href":"https:\/\/api.w.org\/{rel}","templated":true}]}}